{"id":17038,"date":"2021-02-04T00:50:38","date_gmt":"2021-02-03T23:50:38","guid":{"rendered":"https:\/\/moja24.pl\/?p=17038"},"modified":"2021-02-04T01:09:40","modified_gmt":"2021-02-04T00:09:40","slug":"zaranin-ponownie-wybrany-na-trenera-reprezentacji-polski","status":"publish","type":"post","link":"https:\/\/moja24.pl\/index.php\/2021\/02\/04\/zaranin-ponownie-wybrany-na-trenera-reprezentacji-polski\/","title":{"rendered":"\u017baranin ponownie wybrany na trenera reprezentacji Polski"},"content":{"rendered":"<p><strong><span style=\"color: #ff0000;\">\u017bARY<\/span> | Dawid Polok, na co dzie\u0144 trener w \u017barskim Klubie Sport\u00f3w Walki, a tak\u017ce radny miejski, ju\u017c sz\u00f3sty raz z rz\u0119du, wed\u0142ug wytycznych ministerstwa sportu, wybrany zosta\u0142 na Trenera Reprezentacji Polski Muaythai w kategorii dzieci i kadet\u00f3w, na rok 2021.<\/strong><\/p>\n<div style=\"clear: both;\">&#8211; Wed\u0142ug informacji podanych przez Zwi\u0105zek, wygra\u0142em konkurs i otrzyma\u0142em powo\u0142anie do pe\u0142nienia tej odpowiedzialnej funkcji na bie\u017c\u0105cy rok &#8211; m\u00f3wi Dawid Polok. &#8211; Pomaga\u0107 mi b\u0119dzie drugi trener, Rafa\u0142 \u015alusarz z Krakowa. B\u0119dzie to ju\u017c sz\u00f3sty rok z rz\u0119du, jak prowadz\u0119 &#8222;m\u0142od\u0105&#8221; Kadr\u0119 Polski. Jestem bardzo szcz\u0119\u015bliwy cho\u0107 zdaj\u0119 sobie spraw\u0119 z odpowiedzialno\u015bci, jaka na mnie spoczywa. Daje mi to mo\u017cliwo\u015b\u0107 kontynuowania pracy, jak\u0105 rozpocz\u0105\u0142em ju\u017c pi\u0119\u0107 lat temu z reprezentacj\u0105.<\/div>\n<div style=\"clear: both;\">Nie pozostaje nic innego, jak \u017cyczy\u0107 wielu sukces\u00f3w i jak najwi\u0119kszej ilo\u015bci sportowych osi\u0105gni\u0119\u0107 m\u0142odych podopiecznych. Gratulujemy!<\/div>\n<div style=\"text-align: right;\"><strong><span style=\"color: #999999;\">ATB<\/span><\/strong><\/div>\n<div><\/div>\n<div>\n<figure id=\"attachment_17039\" aria-describedby=\"caption-attachment-17039\" style=\"width: 640px\" class=\"wp-caption aligncenter\"><img loading=\"lazy\" decoding=\"async\" class=\"size-large wp-image-17039\" src=\"https:\/\/moja24.pl\/wp-content\/uploads\/2021\/02\/20210204_DP2-1024x768.jpg\" alt=\"\" width=\"640\" height=\"480\" srcset=\"https:\/\/moja24.pl\/wp-content\/uploads\/2021\/02\/20210204_DP2-1024x768.jpg 1024w, https:\/\/moja24.pl\/wp-content\/uploads\/2021\/02\/20210204_DP2-300x225.jpg 300w, https:\/\/moja24.pl\/wp-content\/uploads\/2021\/02\/20210204_DP2-768x576.jpg 768w, https:\/\/moja24.pl\/wp-content\/uploads\/2021\/02\/20210204_DP2-1536x1152.jpg 1536w, https:\/\/moja24.pl\/wp-content\/uploads\/2021\/02\/20210204_DP2-80x60.jpg 80w, https:\/\/moja24.pl\/wp-content\/uploads\/2021\/02\/20210204_DP2-265x198.jpg 265w, https:\/\/moja24.pl\/wp-content\/uploads\/2021\/02\/20210204_DP2-696x522.jpg 696w, https:\/\/moja24.pl\/wp-content\/uploads\/2021\/02\/20210204_DP2-1068x801.jpg 1068w, https:\/\/moja24.pl\/wp-content\/uploads\/2021\/02\/20210204_DP2-560x420.jpg 560w, https:\/\/moja24.pl\/wp-content\/uploads\/2021\/02\/20210204_DP2-400x300.jpg 400w, https:\/\/moja24.pl\/wp-content\/uploads\/2021\/02\/20210204_DP2.jpg 1623w\" sizes=\"auto, (max-width: 640px) 100vw, 640px\" \/><figcaption id=\"caption-attachment-17039\" class=\"wp-caption-text\">fot. nades\u0142ane<\/figcaption><\/figure>\n<\/div>\n<p>&nbsp;<\/p>\n","protected":false},"excerpt":{"rendered":"<p>\u017bARY | Dawid Polok, na co dzie\u0144 trener w \u017barskim Klubie Sport\u00f3w Walki, a tak\u017ce radny miejski, ju\u017c sz\u00f3sty raz z rz\u0119du, wed\u0142ug wytycznych ministerstwa sportu, wybrany zosta\u0142 na Trenera Reprezentacji Polski Muaythai w kategorii dzieci i kadet\u00f3w, na rok 2021. &#8211; Wed\u0142ug informacji podanych przez Zwi\u0105zek, wygra\u0142em konkurs i otrzyma\u0142em powo\u0142anie do pe\u0142nienia tej [&hellip;]<\/p>\n","protected":false},"author":4,"featured_media":17040,"comment_status":"closed","ping_status":"closed","sticky":false,"template":"","format":"standard","meta":{"_monsterinsights_skip_tracking":false,"_monsterinsights_sitenote_active":false,"_monsterinsights_sitenote_note":"","_monsterinsights_sitenote_category":0,"footnotes":""},"categories":[20,23],"tags":[417,74,109,2254,2255,73,136,66,1273],"class_list":["post-17038","post","type-post","status-publish","format-standard","has-post-thumbnail","hentry","category-informacje","category-sport","tag-dawid-polok","tag-informacje-zary","tag-moja-gazeta","tag-muaythai","tag-rafal-slusarz","tag-wiadomosci-zary","tag-zarski-klub-sportow-walki","tag-zary","tag-zksw"],"_links":{"self":[{"href":"https:\/\/moja24.pl\/index.php\/wp-json\/wp\/v2\/posts\/17038","targetHints":{"allow":["GET"]}}],"collection":[{"href":"https:\/\/moja24.pl\/index.php\/wp-json\/wp\/v2\/posts"}],"about":[{"href":"https:\/\/moja24.pl\/index.php\/wp-json\/wp\/v2\/types\/post"}],"author":[{"embeddable":true,"href":"https:\/\/moja24.pl\/index.php\/wp-json\/wp\/v2\/users\/4"}],"replies":[{"embeddable":true,"href":"https:\/\/moja24.pl\/index.php\/wp-json\/wp\/v2\/comments?post=17038"}],"version-history":[{"count":7,"href":"https:\/\/moja24.pl\/index.php\/wp-json\/wp\/v2\/posts\/17038\/revisions"}],"predecessor-version":[{"id":17048,"href":"https:\/\/moja24.pl\/index.php\/wp-json\/wp\/v2\/posts\/17038\/revisions\/17048"}],"wp:featuredmedia":[{"embeddable":true,"href":"https:\/\/moja24.pl\/index.php\/wp-json\/wp\/v2\/media\/17040"}],"wp:attachment":[{"href":"https:\/\/moja24.pl\/index.php\/wp-json\/wp\/v2\/media?parent=17038"}],"wp:term":[{"taxonomy":"category","embeddable":true,"href":"https:\/\/moja24.pl\/index.php\/wp-json\/wp\/v2\/categories?post=17038"},{"taxonomy":"post_tag","embeddable":true,"href":"https:\/\/moja24.pl\/index.php\/wp-json\/wp\/v2\/tags?post=17038"}],"curies":[{"name":"wp","href":"https:\/\/api.w.org\/{rel}","templated":true}]}}