{"id":1727,"date":"2017-03-05T10:15:01","date_gmt":"2017-03-05T09:15:01","guid":{"rendered":"http:\/\/moja24.pl\/?p=1727"},"modified":"2017-03-05T10:15:42","modified_gmt":"2017-03-05T09:15:42","slug":"pozegnanie-z-kultura","status":"publish","type":"post","link":"https:\/\/moja24.pl\/index.php\/2017\/03\/05\/pozegnanie-z-kultura\/","title":{"rendered":"Po\u017cegnanie z powiatow\u0105 kultur\u0105"},"content":{"rendered":"<p><span id=\"tekst\"><strong>Starostwo zaprzesta\u0142o finansowania 22 sekcji zainteresowa\u0144 dzia\u0142aj\u0105cych w \u017barach i na terenie powiatu, a prowadzonych przez stowarzyszenie &#8222;\u017baranin&#8221;. Z wypowiedzi w\u0142adz powiatu wynika, \u017ce temat jest definitywnie zamkni\u0119ty.<\/strong><br \/>\n<\/span><\/p>\n<p>Na sesji rady powiatu Marek Cie\u015blak, poprzedni starosta, pyta\u0142 obecnego, Janusza Dudojcia, jak b\u0119dzie teraz przebiega\u0142a realizacja zada\u0144 powiatu z zakresu kultury, kto je b\u0119dzie wykonywa\u0142 i dlaczego nast\u0105pi\u0142a taka zmiana. Nie uzyska\u0142 jednak odpowiedzi. Starosta Dudoj\u0107 powtarza, \u017ce odby\u0142 si\u0119 konkurs i komisja zdecydowa\u0142a, a uchwa\u0142\u0105 przyj\u0105\u0142 to zarz\u0105d powiatu i kserokopi\u0119 tej uchwa\u0142y zaproponowa\u0142 radnemu Cie\u015blakowi.<\/p>\n<figure id=\"attachment_1758\" aria-describedby=\"caption-attachment-1758\" style=\"width: 300px\" class=\"wp-caption alignleft\"><img loading=\"lazy\" decoding=\"async\" class=\"size-medium wp-image-1758\" src=\"http:\/\/moja24.pl\/wp-content\/uploads\/2017\/03\/IMG_3143-300x200.jpg\" alt=\"\" width=\"300\" height=\"200\" srcset=\"https:\/\/moja24.pl\/wp-content\/uploads\/2017\/03\/IMG_3143-300x200.jpg 300w, https:\/\/moja24.pl\/wp-content\/uploads\/2017\/03\/IMG_3143-768x512.jpg 768w, https:\/\/moja24.pl\/wp-content\/uploads\/2017\/03\/IMG_3143-1024x683.jpg 1024w, https:\/\/moja24.pl\/wp-content\/uploads\/2017\/03\/IMG_3143-696x464.jpg 696w, https:\/\/moja24.pl\/wp-content\/uploads\/2017\/03\/IMG_3143-1068x712.jpg 1068w, https:\/\/moja24.pl\/wp-content\/uploads\/2017\/03\/IMG_3143-630x420.jpg 630w\" sizes=\"auto, (max-width: 300px) 100vw, 300px\" \/><figcaption id=\"caption-attachment-1758\" class=\"wp-caption-text\">M\u0142odzie\u017cowy Dom Kultury w \u017barach<\/figcaption><\/figure>\n<p>&#8211; To by\u0142o proste pytanie. Nie w\u0105tpi\u0119, \u017ce w tej sprawie by\u0142a uchwa\u0142a zarz\u0105du &#8211; m\u00f3wi Marek Cie\u015blak. &#8211; Ja pyta\u0142em, dlaczego zmieniamy spos\u00f3b zarz\u0105dzania kultur\u0105 i realizacji zada\u0144 w kulturze, nie przyznaj\u0105c dotacji dotychczasowemu g\u0142\u00f3wnemu wykonawcy, czyli stowarzyszeniu &#8222;\u017baranin&#8221; &#8211; m\u00f3wi Marek Cie\u015blak. &#8211; Przypomn\u0119, \u017ce 5 lat temu zadanie to powierzyli\u015bmy &#8222;\u017baraninowi&#8221; i przez 5 lat kultura kosztowa\u0142a nas tyle, co wcze\u015bniej przez rok na rzecz M\u0142odzie\u017cowego Domu Kultury. Pan starosta by\u0142 za tym, \u017ceby dom kultury zlikwidowa\u0107 i te zadania realizowa\u0107 inaczej, \u017ceby posz\u0142y w powiat, a nie funkcjonowa\u0142y tylko w \u017barach. Dzi\u0119ki temu zaoszcz\u0119dzili\u015bmy oko\u0142o 2 milion\u00f3w z\u0142otych &#8211; doda\u0142 Marek Cie\u015blak.<\/p>\n<p><b>Zmiana bez zmiany<\/b><\/p>\n<p>&#8211; Niczego nie zmieniali\u015bmy, a prawd\u0105 jest to, \u017ce by\u0142a likwidacja MDK i przej\u015bcie z dzia\u0142alno\u015bci jednostki bud\u017cetowej na dotowanie kultury, edukacji i sportu poprzez ustaw\u0119 o wolontariacie i po\u017cytku publicznym, a tam nie ma innej mo\u017cliwo\u015bci jak przez konkurs i coroczne przyznawanie, nie na sta\u0142e &#8211; odpowiada Janusz Dudoj\u0107.<\/p>\n<p>Wicestarosta Ma\u0142gorzata Issel stwierdzi\u0142a, \u017ce to nie jest \u017cadne ograniczenie, tylko b\u0119d\u0105 realizowane innego typu zaj\u0119cia w czterech sekcjach.<\/p>\n<p>&#8211; B\u0119dzie sekcja modelarska, techniki, nowoczesnych technologii, edukacji regionalnej i tu b\u0119dzie utworzenie wirtualnego muzeum &#8211; informuje wicestarosta.<\/p>\n<p>Radny Cie\u015blak z\u0142o\u017cy\u0142 interpelacj\u0119 w sprawie rozwa\u017cenia przekazania na kultur\u0119 dodatkowych \u015brodk\u00f3w z bud\u017cetu powiatu i dalszego prowadzenia sekcji plastycznych, tanecznych, nauki gry na instrumentach, fotograficznych i innych dotychczas prowadzonych. Ta propozycja nie wzbudzi\u0142a jednak zainteresowania obecnego starosty.<\/p>\n<p><b>Podzi\u0119kowa\u0142 za wsp\u00f3\u0142prac\u0119<\/b><\/p>\n<p>&#8211; W zwi\u0105zku z zaistnia\u0142\u0105 sytuacj\u0105 chcieli\u015bmy wsp\u00f3lnie z zarz\u0105dem stowarzyszenia gor\u0105co podzi\u0119kowa\u0107 za ten okres wsp\u00f3\u0142pracy &#8211; zwr\u00f3ci\u0142 si\u0119 do radnych \u0141ukasz Matyjasek, menad\u017cer artystyczny &#8222;\u017baranina&#8221; &#8211; Dziwi mnie jednak to, \u017ce pieni\u0105dze z dziedziny kultury wydaje si\u0119 teraz na turystyk\u0119. To jest dla nas dziwna sytuacja, ale zgadzamy si\u0119 z ni\u0105. Nie mogli\u015bmy jednak spokojnie doko\u0144czy\u0107 zaj\u0119\u0107. Dzieci wychodzi\u0142y od nas z p\u0142aczem, rodzice przychodzili z pretensjami i nie mo\u017cna tego w \u017caden spos\u00f3b wyt\u0142umaczy\u0107, \u017ce to jest konkurs. W pi\u0105tek zadzwoniono do nas z Zespo\u0142u Szk\u00f3\u0142 Budowlanych z informacj\u0105, \u017ce zarz\u0105d powiatu zabroni\u0142 kategorycznie wpuszczania dzieci na teren szko\u0142y. Rodzice i dzieci poca\u0142owali klamk\u0119. Tak si\u0119 nie robi &#8211; skwitowa\u0142 \u0141ukasz Matyjasek.<\/p>\n<p id=\"tekst\" align=\"right\"><i>Andrzej Buczy\u0144ski<\/i><\/p>\n","protected":false},"excerpt":{"rendered":"<p>Starostwo zaprzesta\u0142o finansowania 22 sekcji zainteresowa\u0144 dzia\u0142aj\u0105cych w \u017barach i na terenie powiatu, a prowadzonych przez stowarzyszenie &#8222;\u017baranin&#8221;. Z wypowiedzi w\u0142adz powiatu wynika, \u017ce temat jest definitywnie zamkni\u0119ty. Na sesji rady powiatu Marek Cie\u015blak, poprzedni starosta, pyta\u0142 obecnego, Janusza Dudojcia, jak b\u0119dzie teraz przebiega\u0142a realizacja zada\u0144 powiatu z zakresu kultury, kto je b\u0119dzie wykonywa\u0142 i [&hellip;]<\/p>\n","protected":false},"author":2,"featured_media":1729,"comment_status":"closed","ping_status":"closed","sticky":false,"template":"","format":"standard","meta":{"_monsterinsights_skip_tracking":false,"_monsterinsights_sitenote_active":false,"_monsterinsights_sitenote_note":"","_monsterinsights_sitenote_category":0,"footnotes":""},"categories":[20,25],"tags":[218,217,146,74,78,208,67,158,157,164,32,207,110,229,73,66],"class_list":["post-1727","post","type-post","status-publish","format-standard","has-post-thumbnail","hentry","category-informacje","category-kultura-i-rozrywka","tag-gazeta-lokalna-zary","tag-gazeta-regionalna-zary","tag-informacje-powiat-zary","tag-informacje-zary","tag-janusz-dudojc","tag-lukasz-matyjasek","tag-miasto-zary","tag-moja24-pl","tag-portal-informacyjny-moja-gazeta","tag-portal-moja24-pl","tag-powiat-zarski","tag-stowarzyszenie-zaranin","tag-tygodnik-moja-gazeta","tag-tygodnik-regionalny-moja-gazeta","tag-wiadomosci-zary","tag-zary"],"_links":{"self":[{"href":"https:\/\/moja24.pl\/index.php\/wp-json\/wp\/v2\/posts\/1727","targetHints":{"allow":["GET"]}}],"collection":[{"href":"https:\/\/moja24.pl\/index.php\/wp-json\/wp\/v2\/posts"}],"about":[{"href":"https:\/\/moja24.pl\/index.php\/wp-json\/wp\/v2\/types\/post"}],"author":[{"embeddable":true,"href":"https:\/\/moja24.pl\/index.php\/wp-json\/wp\/v2\/users\/2"}],"replies":[{"embeddable":true,"href":"https:\/\/moja24.pl\/index.php\/wp-json\/wp\/v2\/comments?post=1727"}],"version-history":[{"count":4,"href":"https:\/\/moja24.pl\/index.php\/wp-json\/wp\/v2\/posts\/1727\/revisions"}],"predecessor-version":[{"id":1808,"href":"https:\/\/moja24.pl\/index.php\/wp-json\/wp\/v2\/posts\/1727\/revisions\/1808"}],"wp:featuredmedia":[{"embeddable":true,"href":"https:\/\/moja24.pl\/index.php\/wp-json\/wp\/v2\/media\/1729"}],"wp:attachment":[{"href":"https:\/\/moja24.pl\/index.php\/wp-json\/wp\/v2\/media?parent=1727"}],"wp:term":[{"taxonomy":"category","embeddable":true,"href":"https:\/\/moja24.pl\/index.php\/wp-json\/wp\/v2\/categories?post=1727"},{"taxonomy":"post_tag","embeddable":true,"href":"https:\/\/moja24.pl\/index.php\/wp-json\/wp\/v2\/tags?post=1727"}],"curies":[{"name":"wp","href":"https:\/\/api.w.org\/{rel}","templated":true}]}}