{"id":17287,"date":"2021-02-17T20:25:03","date_gmt":"2021-02-17T19:25:03","guid":{"rendered":"https:\/\/moja24.pl\/?p=17287"},"modified":"2021-02-17T20:27:14","modified_gmt":"2021-02-17T19:27:14","slug":"zksw-w-poznaniu-zabrzu-i-gorzowie","status":"publish","type":"post","link":"https:\/\/moja24.pl\/index.php\/2021\/02\/17\/zksw-w-poznaniu-zabrzu-i-gorzowie\/","title":{"rendered":"\u017bKSW w Poznaniu, Zabrzu i Gorzowie"},"content":{"rendered":"<p><strong><span style=\"color: #ff0000;\">SPORTY WALKI<\/span> | Reprezentanci \u017barskiego Klubu Sport\u00f3w Walki bior\u0105 udzia\u0142 w turniejach. Wida\u0107 sukcesy.<\/strong><\/p>\n<p>Sekcja Kickboxingu wzi\u0119\u0142a udzia\u0142 w 9. edycji og\u00f3lnopolskiego turnieju &#8222;Rympa\u0142 na Fyrtlu&#8221; w Poznaniu. \u017bKSW reprezentowa\u0142 Mateusz Stefa\u0144ski. Podopieczny Dawida Poloka w kategorii junior starszy &#8211; 71kg nie da\u0142 \u017cadnych szans swojemu przeciwnikowi z Inowroc\u0142awia, pewnie wygrywaj\u0105c na punkty turniej pod patronatem Polskiego Zwi\u0105zku Kickboxingu.<\/p>\n<p>R\u00f3wnie\u017c aktywnie w sekcji bokserskiej \u017bKSW. Podopieczni trenera \u0141ukasza Michalczewskiego najpierw zaliczyli mocny wyjazd na I Turniej Nadziei Olimpijskich, organizowany przez Stowarzyszenie Klubu Bokserskiego &#8222;Boks-Zabrze&#8221;. Nast\u0119pnie wzi\u0119li udzia\u0142 w Sobocie Bokserskiej w Gorzowie Wielkopolskim organizowanej przez miejscowy klub &#8222;Orkan&#8221;.<\/p>\n<p style=\"text-align: right;\"><span style=\"color: #999999;\"><strong>nades\u0142ane<\/strong><\/span><\/p>\n<figure id=\"attachment_17292\" aria-describedby=\"caption-attachment-17292\" style=\"width: 640px\" class=\"wp-caption alignright\"><img loading=\"lazy\" decoding=\"async\" class=\"size-large wp-image-17292\" src=\"https:\/\/moja24.pl\/wp-content\/uploads\/2021\/02\/20210217_ZKSW2-1024x768.jpg\" alt=\"\" width=\"640\" height=\"480\" srcset=\"https:\/\/moja24.pl\/wp-content\/uploads\/2021\/02\/20210217_ZKSW2-1024x768.jpg 1024w, https:\/\/moja24.pl\/wp-content\/uploads\/2021\/02\/20210217_ZKSW2-300x225.jpg 300w, https:\/\/moja24.pl\/wp-content\/uploads\/2021\/02\/20210217_ZKSW2-768x576.jpg 768w, https:\/\/moja24.pl\/wp-content\/uploads\/2021\/02\/20210217_ZKSW2-1536x1152.jpg 1536w, https:\/\/moja24.pl\/wp-content\/uploads\/2021\/02\/20210217_ZKSW2-80x60.jpg 80w, https:\/\/moja24.pl\/wp-content\/uploads\/2021\/02\/20210217_ZKSW2-265x198.jpg 265w, https:\/\/moja24.pl\/wp-content\/uploads\/2021\/02\/20210217_ZKSW2-696x522.jpg 696w, https:\/\/moja24.pl\/wp-content\/uploads\/2021\/02\/20210217_ZKSW2-1068x801.jpg 1068w, https:\/\/moja24.pl\/wp-content\/uploads\/2021\/02\/20210217_ZKSW2-560x420.jpg 560w, https:\/\/moja24.pl\/wp-content\/uploads\/2021\/02\/20210217_ZKSW2-400x300.jpg 400w, https:\/\/moja24.pl\/wp-content\/uploads\/2021\/02\/20210217_ZKSW2.jpg 2000w\" sizes=\"auto, (max-width: 640px) 100vw, 640px\" \/><figcaption id=\"caption-attachment-17292\" class=\"wp-caption-text\">Mateusz Stefa\u0144ski wygrywa. fot. nades\u0142ane<\/figcaption><\/figure>\n<figure id=\"attachment_17293\" aria-describedby=\"caption-attachment-17293\" style=\"width: 640px\" class=\"wp-caption alignright\"><img loading=\"lazy\" decoding=\"async\" class=\"size-large wp-image-17293\" src=\"https:\/\/moja24.pl\/wp-content\/uploads\/2021\/02\/20210217_ZKSW3-1024x768.jpg\" alt=\"\" width=\"640\" height=\"480\" srcset=\"https:\/\/moja24.pl\/wp-content\/uploads\/2021\/02\/20210217_ZKSW3-1024x768.jpg 1024w, https:\/\/moja24.pl\/wp-content\/uploads\/2021\/02\/20210217_ZKSW3-300x225.jpg 300w, https:\/\/moja24.pl\/wp-content\/uploads\/2021\/02\/20210217_ZKSW3-768x576.jpg 768w, https:\/\/moja24.pl\/wp-content\/uploads\/2021\/02\/20210217_ZKSW3-1536x1152.jpg 1536w, https:\/\/moja24.pl\/wp-content\/uploads\/2021\/02\/20210217_ZKSW3-80x60.jpg 80w, https:\/\/moja24.pl\/wp-content\/uploads\/2021\/02\/20210217_ZKSW3-265x198.jpg 265w, https:\/\/moja24.pl\/wp-content\/uploads\/2021\/02\/20210217_ZKSW3-696x522.jpg 696w, https:\/\/moja24.pl\/wp-content\/uploads\/2021\/02\/20210217_ZKSW3-1068x801.jpg 1068w, https:\/\/moja24.pl\/wp-content\/uploads\/2021\/02\/20210217_ZKSW3-560x420.jpg 560w, https:\/\/moja24.pl\/wp-content\/uploads\/2021\/02\/20210217_ZKSW3-400x300.jpg 400w, https:\/\/moja24.pl\/wp-content\/uploads\/2021\/02\/20210217_ZKSW3.jpg 2000w\" sizes=\"auto, (max-width: 640px) 100vw, 640px\" \/><figcaption id=\"caption-attachment-17293\" class=\"wp-caption-text\">Zwyci\u0119stwo Piotra Jarockiego w Zabrzu. fot. nades\u0142ane<\/figcaption><\/figure>\n<figure id=\"attachment_17290\" aria-describedby=\"caption-attachment-17290\" style=\"width: 640px\" class=\"wp-caption alignright\"><img loading=\"lazy\" decoding=\"async\" class=\"size-large wp-image-17290\" src=\"https:\/\/moja24.pl\/wp-content\/uploads\/2021\/02\/20210217_ZKSW5-1024x491.jpg\" alt=\"\" width=\"640\" height=\"307\" srcset=\"https:\/\/moja24.pl\/wp-content\/uploads\/2021\/02\/20210217_ZKSW5-1024x491.jpg 1024w, https:\/\/moja24.pl\/wp-content\/uploads\/2021\/02\/20210217_ZKSW5-300x144.jpg 300w, https:\/\/moja24.pl\/wp-content\/uploads\/2021\/02\/20210217_ZKSW5-768x368.jpg 768w, https:\/\/moja24.pl\/wp-content\/uploads\/2021\/02\/20210217_ZKSW5-696x334.jpg 696w, https:\/\/moja24.pl\/wp-content\/uploads\/2021\/02\/20210217_ZKSW5-1068x512.jpg 1068w, https:\/\/moja24.pl\/wp-content\/uploads\/2021\/02\/20210217_ZKSW5-877x420.jpg 877w, https:\/\/moja24.pl\/wp-content\/uploads\/2021\/02\/20210217_ZKSW5-626x300.jpg 626w, https:\/\/moja24.pl\/wp-content\/uploads\/2021\/02\/20210217_ZKSW5.jpg 1200w\" sizes=\"auto, (max-width: 640px) 100vw, 640px\" \/><figcaption id=\"caption-attachment-17290\" class=\"wp-caption-text\">\u017bKSW w Zabrzu. fot. nades\u0142ane<\/figcaption><\/figure>\n<figure id=\"attachment_17294\" aria-describedby=\"caption-attachment-17294\" style=\"width: 640px\" class=\"wp-caption alignright\"><img loading=\"lazy\" decoding=\"async\" class=\"size-large wp-image-17294\" src=\"https:\/\/moja24.pl\/wp-content\/uploads\/2021\/02\/20210217_ZKSW4-1024x473.jpg\" alt=\"\" width=\"640\" height=\"296\" srcset=\"https:\/\/moja24.pl\/wp-content\/uploads\/2021\/02\/20210217_ZKSW4-1024x473.jpg 1024w, https:\/\/moja24.pl\/wp-content\/uploads\/2021\/02\/20210217_ZKSW4-300x139.jpg 300w, https:\/\/moja24.pl\/wp-content\/uploads\/2021\/02\/20210217_ZKSW4-768x355.jpg 768w, https:\/\/moja24.pl\/wp-content\/uploads\/2021\/02\/20210217_ZKSW4-696x321.jpg 696w, https:\/\/moja24.pl\/wp-content\/uploads\/2021\/02\/20210217_ZKSW4-1068x493.jpg 1068w, https:\/\/moja24.pl\/wp-content\/uploads\/2021\/02\/20210217_ZKSW4-910x420.jpg 910w, https:\/\/moja24.pl\/wp-content\/uploads\/2021\/02\/20210217_ZKSW4-650x300.jpg 650w, https:\/\/moja24.pl\/wp-content\/uploads\/2021\/02\/20210217_ZKSW4.jpg 1386w\" sizes=\"auto, (max-width: 640px) 100vw, 640px\" \/><figcaption id=\"caption-attachment-17294\" class=\"wp-caption-text\">\u017bKSW w Gorzowie. fot. nades\u0142ane<\/figcaption><\/figure>\n","protected":false},"excerpt":{"rendered":"<p>SPORTY WALKI | Reprezentanci \u017barskiego Klubu Sport\u00f3w Walki bior\u0105 udzia\u0142 w turniejach. Wida\u0107 sukcesy. Sekcja Kickboxingu wzi\u0119\u0142a udzia\u0142 w 9. edycji og\u00f3lnopolskiego turnieju &#8222;Rympa\u0142 na Fyrtlu&#8221; w Poznaniu. \u017bKSW reprezentowa\u0142 Mateusz Stefa\u0144ski. Podopieczny Dawida Poloka w kategorii junior starszy &#8211; 71kg nie da\u0142 \u017cadnych szans swojemu przeciwnikowi z Inowroc\u0142awia, pewnie wygrywaj\u0105c na punkty turniej pod [&hellip;]<\/p>\n","protected":false},"author":4,"featured_media":17291,"comment_status":"closed","ping_status":"closed","sticky":false,"template":"","format":"standard","meta":{"_monsterinsights_skip_tracking":false,"_monsterinsights_sitenote_active":false,"_monsterinsights_sitenote_note":"","_monsterinsights_sitenote_category":0,"footnotes":""},"categories":[20,29,23],"tags":[2127,680,109,1064,135,73,136,66,1273],"class_list":["post-17287","post","type-post","status-publish","format-standard","has-post-thumbnail","hentry","category-informacje","category-kontakt-24","category-sport","tag-boks","tag-kickboxing","tag-moja-gazeta","tag-sport","tag-sport-zary","tag-wiadomosci-zary","tag-zarski-klub-sportow-walki","tag-zary","tag-zksw"],"_links":{"self":[{"href":"https:\/\/moja24.pl\/index.php\/wp-json\/wp\/v2\/posts\/17287","targetHints":{"allow":["GET"]}}],"collection":[{"href":"https:\/\/moja24.pl\/index.php\/wp-json\/wp\/v2\/posts"}],"about":[{"href":"https:\/\/moja24.pl\/index.php\/wp-json\/wp\/v2\/types\/post"}],"author":[{"embeddable":true,"href":"https:\/\/moja24.pl\/index.php\/wp-json\/wp\/v2\/users\/4"}],"replies":[{"embeddable":true,"href":"https:\/\/moja24.pl\/index.php\/wp-json\/wp\/v2\/comments?post=17287"}],"version-history":[{"count":2,"href":"https:\/\/moja24.pl\/index.php\/wp-json\/wp\/v2\/posts\/17287\/revisions"}],"predecessor-version":[{"id":17295,"href":"https:\/\/moja24.pl\/index.php\/wp-json\/wp\/v2\/posts\/17287\/revisions\/17295"}],"wp:featuredmedia":[{"embeddable":true,"href":"https:\/\/moja24.pl\/index.php\/wp-json\/wp\/v2\/media\/17291"}],"wp:attachment":[{"href":"https:\/\/moja24.pl\/index.php\/wp-json\/wp\/v2\/media?parent=17287"}],"wp:term":[{"taxonomy":"category","embeddable":true,"href":"https:\/\/moja24.pl\/index.php\/wp-json\/wp\/v2\/categories?post=17287"},{"taxonomy":"post_tag","embeddable":true,"href":"https:\/\/moja24.pl\/index.php\/wp-json\/wp\/v2\/tags?post=17287"}],"curies":[{"name":"wp","href":"https:\/\/api.w.org\/{rel}","templated":true}]}}