{"id":17299,"date":"2021-02-18T12:46:25","date_gmt":"2021-02-18T11:46:25","guid":{"rendered":"https:\/\/moja24.pl\/?p=17299"},"modified":"2021-02-18T12:46:25","modified_gmt":"2021-02-18T11:46:25","slug":"znalezli-narkotyki-w-zarach-i-w-lubsku","status":"publish","type":"post","link":"https:\/\/moja24.pl\/index.php\/2021\/02\/18\/znalezli-narkotyki-w-zarach-i-w-lubsku\/","title":{"rendered":"Znale\u017ali narkotyki w \u017barach i w Lubsku"},"content":{"rendered":"<p><strong><span style=\"color: #ff0000;\">POWIAT \u017bARSKI<\/span> | Policjanci z lubskiego komisariatu oraz \u017carskiej komendy w wyniku podj\u0119tych dzia\u0142a\u0144 doprowadzili\u00a0do zatrzymania os\u00f3b, kt\u00f3re posiada\u0142y narkotyki.<\/strong><\/p>\n<p>Policjanci z Komisariatu Policji w Lubsku oraz Komendy Powiatowej Policji w \u017barach wykazali si\u0119 skutecznym dzia\u0142aniem w zwalczaniu przest\u0119pczo\u015bci narkotykowej. W minionym tygodniu ujawnili i zatrzymali osoby, kt\u00f3re posiada\u0142y narkotyki.<\/p>\n<p>W nocy z 9 na 10 lutego 2021 r. na jednej z ulic w Lubsku funkcjonariusze kryminalni przeprowadzili kontrol\u0119 drogow\u0105 pojazdu marki BMW. Zar\u00f3wno kierowca jak i pasa\u017cerowie zachowywali si\u0119 bardzo nerwowo na widok policjant\u00f3w. Pasa\u017cerka usi\u0142owa\u0142a schowa\u0107 jaki\u015b przedmiot pod sw\u00f3j fotel. W zwi\u0105zku z podejrzeniem, \u017ce w samochodzie mog\u0105 znajdowa\u0107 si\u0119 zabronione substancje, funkcjonariusze przeszukali go.<\/p>\n<p>Okaza\u0142o si\u0119, \u017ce w pude\u0142ku, kt\u00f3re chowa\u0142a 23-letnia kobieta by\u0142o kilka zwitk\u00f3w foliowych z narkotykami oraz tabletki extasy. Substancje zosta\u0142y zabezpieczone i w dalszej kolejno\u015bci poddane testom. Potwierdzi\u0142y one, \u017ce jest to marihuana, metamfetamina, amfetamina oraz extasy. Kobieta zosta\u0142a zatrzymana i trafi\u0142a do policyjnego aresztu. W toku prowadzonych czynno\u015bci us\u0142ysza\u0142a zarzuty posiadania \u015brodk\u00f3w odurzaj\u0105cych i substancji psychotropowych, a tak\u017ce udzielania ich innym osobom. Prokuratura Rejonowa w \u017barach zastosowa\u0142a wobec niej doz\u00f3r. 23-latce mo\u017ce grozi\u0107 do 10 lat pozbawienia wolno\u015bci.<\/p>\n<p>W nocy 12 lutego 2021 r. w Lubsku kryminalni zatrzymali kolejn\u0105 osob\u0119. 27-letni m\u0119\u017cczyzna poszukiwany by\u0142 nakazem doprowadzenia wydanym przez S\u0105d Rejonowy w \u017barach do odbycia kary pozbawienia wolno\u015bci. W trakcie przeszukania miejsca zamieszkania policjanci znale\u017ali u niego \u015brodki odurzaj\u0105ce i substancje psychotropowe. M\u0119\u017cczyzna trafi\u0142 ju\u017c do zak\u0142adu karnego, gdzie b\u0119dzie odbywa\u0142 kar\u0119. Odpowie tak\u017ce za posiadanie narkotyk\u00f3w.<\/p>\n<p>W dniu 13 lutego 2021 r. policjanci \u017carskiego ruchu drogowego na jednej z ulic w \u017barach zatrzymali do kontroli samoch\u00f3d marki Citroen. 33-letni mieszkaniec \u017bar, kierowa\u0142 nim pod wp\u0142ywem narkotyk\u00f3w, m\u0119\u017cczyzna r\u00f3wnie\u017c przy sobie posiada\u0142 narkotyki. Zosta\u0142 zatrzymany. W toku dalszych czynno\u015bci, w wyniku przeszukania miejsca zamieszkania policjanci znale\u017ali marihuan\u0119 u 25-latki, kt\u00f3ra tam przebywa\u0142a. Kobieta trafi\u0142a do policyjnego aresztu. Oboje zostali przes\u0142uchani. Za posiadanie narkotyk\u00f3w mo\u017ce im grozi\u0107 do 3 lat pozbawienia wolno\u015bci.<\/p>\n<p style=\"text-align: right;\"><span style=\"color: #999999;\"><strong>komisarz Aneta Berestecka<\/strong><\/span><br \/>\n<span style=\"color: #999999;\">Komenda Powiatowa Policji w \u017barach<\/span><\/p>\n","protected":false},"excerpt":{"rendered":"<p>POWIAT \u017bARSKI | Policjanci z lubskiego komisariatu oraz \u017carskiej komendy w wyniku podj\u0119tych dzia\u0142a\u0144 doprowadzili\u00a0do zatrzymania os\u00f3b, kt\u00f3re posiada\u0142y narkotyki. Policjanci z Komisariatu Policji w Lubsku oraz Komendy Powiatowej Policji w \u017barach wykazali si\u0119 skutecznym dzia\u0142aniem w zwalczaniu przest\u0119pczo\u015bci narkotykowej. W minionym tygodniu ujawnili i zatrzymali osoby, kt\u00f3re posiada\u0142y narkotyki. W nocy z 9 na [&hellip;]<\/p>\n","protected":false},"author":4,"featured_media":17300,"comment_status":"closed","ping_status":"closed","sticky":false,"template":"","format":"standard","meta":{"_monsterinsights_skip_tracking":false,"_monsterinsights_sitenote_active":false,"_monsterinsights_sitenote_note":"","_monsterinsights_sitenote_category":0,"footnotes":""},"categories":[20,21],"tags":[74,473,58,109,513,1119,73,66],"class_list":["post-17299","post","type-post","status-publish","format-standard","has-post-thumbnail","hentry","category-informacje","category-wypadki-przypadki","tag-informacje-zary","tag-komenda-powiatowa-policji-w-zarach","tag-lubsko","tag-moja-gazeta","tag-narkotyki","tag-policja","tag-wiadomosci-zary","tag-zary"],"_links":{"self":[{"href":"https:\/\/moja24.pl\/index.php\/wp-json\/wp\/v2\/posts\/17299","targetHints":{"allow":["GET"]}}],"collection":[{"href":"https:\/\/moja24.pl\/index.php\/wp-json\/wp\/v2\/posts"}],"about":[{"href":"https:\/\/moja24.pl\/index.php\/wp-json\/wp\/v2\/types\/post"}],"author":[{"embeddable":true,"href":"https:\/\/moja24.pl\/index.php\/wp-json\/wp\/v2\/users\/4"}],"replies":[{"embeddable":true,"href":"https:\/\/moja24.pl\/index.php\/wp-json\/wp\/v2\/comments?post=17299"}],"version-history":[{"count":2,"href":"https:\/\/moja24.pl\/index.php\/wp-json\/wp\/v2\/posts\/17299\/revisions"}],"predecessor-version":[{"id":17302,"href":"https:\/\/moja24.pl\/index.php\/wp-json\/wp\/v2\/posts\/17299\/revisions\/17302"}],"wp:featuredmedia":[{"embeddable":true,"href":"https:\/\/moja24.pl\/index.php\/wp-json\/wp\/v2\/media\/17300"}],"wp:attachment":[{"href":"https:\/\/moja24.pl\/index.php\/wp-json\/wp\/v2\/media?parent=17299"}],"wp:term":[{"taxonomy":"category","embeddable":true,"href":"https:\/\/moja24.pl\/index.php\/wp-json\/wp\/v2\/categories?post=17299"},{"taxonomy":"post_tag","embeddable":true,"href":"https:\/\/moja24.pl\/index.php\/wp-json\/wp\/v2\/tags?post=17299"}],"curies":[{"name":"wp","href":"https:\/\/api.w.org\/{rel}","templated":true}]}}