{"id":17385,"date":"2021-02-24T11:26:56","date_gmt":"2021-02-24T10:26:56","guid":{"rendered":"https:\/\/moja24.pl\/?p=17385"},"modified":"2021-02-24T11:26:56","modified_gmt":"2021-02-24T10:26:56","slug":"ruszyla-akcja-latania-drogowych-dziur","status":"publish","type":"post","link":"https:\/\/moja24.pl\/index.php\/2021\/02\/24\/ruszyla-akcja-latania-drogowych-dziur\/","title":{"rendered":"Ruszy\u0142a akcja \u0142atania drogowych dziur"},"content":{"rendered":"<p><strong><span style=\"color: #ff0000;\">\u017bARY<\/span> | Tegoroczna zima, a dok\u0142adnie woda i niskie temperatury, zrobi\u0142y swoje. Znikn\u0105\u0142 \u015bnieg, ale przy okazji pokaza\u0142o si\u0119 sporo ubytk\u00f3w w asfalcie.<\/strong><\/p>\n<p>Chwilowy wzrost temperatur nie oznacza wprawdzie ko\u0144ca zimy. Jest jeszcze luty, a przed nami &#8222;w marcu, jak w garncu&#8221; i jeszcze kwiecie\u0144, co przeplata&#8230; Tymczasowa fala ciep\u0142a pozwoli\u0142a ju\u017c na pierwsze prace naprawcze, kt\u00f3re na drogach miejskich wykonuje sp\u00f3\u0142ka PEKOM. A jest co robi\u0107, bo zima dla dr\u00f3g na pewno nie by\u0142a \u0142askawa. Prace ju\u017c si\u0119 zacz\u0119\u0142y. Pierwsze efekty s\u0105 widoczne.<\/p>\n<p>&#8211; Zlecili\u015bmy uzupe\u0142nienie wszystkich ubytk\u00f3w w nawierzchniach dr\u00f3g i Pekom sukcesywnie, na bie\u017c\u0105co ma to robi\u0107 &#8211; m\u00f3wi <strong>Rafa\u0142 Fularski<\/strong>, naczelnik wydzia\u0142u infrastruktury technicznej i ochrony \u015brodowiska w \u017carskim ratuszu. &#8211; B\u0119dzie to rozliczone kosztorysem powykonawczym. Przy okazji zlecili\u015bmy te\u017c zamiatanie nadmiaru piasku z dr\u00f3g. Ilo\u015b\u0107 tego piasku jest dowodem na to, \u017ce drogi miejskie by\u0142y posypywane.<\/p>\n<p>Ile b\u0119dzie kosztowa\u0107 za\u0142atanie zimowych ubytk\u00f3w? Na razie nie wiadomo. To si\u0119 oka\u017ce po wykonaniu wszystkich prac. Ka\u017cda dziura te\u017c jest inna i nie mo\u017cna tego wyceni\u0107 od sztuki.<\/p>\n<p>Da si\u0119 zauwa\u017cy\u0107, \u017ce ulice remontowane stosunkowo niedawno, generalnie s\u0105 odporne na niekorzystne zimowe warunki, kt\u00f3re powoduj\u0105 niszczenie nawierzchni. Im jednak droga starsza, tym jest gorzej. To generuje dodatkowe koszty. By\u0142oby idealnie, gdyby wszystkie drogi w mie\u015bcie by\u0142y nowe. Tak nie jest. Jednak ka\u017cdy kolejny wyremontowany odcinek drogi w mie\u015bcie, to przy okazji mniej zimowych dziur na ulicach.<\/p>\n<figure id=\"attachment_17392\" aria-describedby=\"caption-attachment-17392\" style=\"width: 640px\" class=\"wp-caption aligncenter\"><img loading=\"lazy\" decoding=\"async\" class=\"size-large wp-image-17392\" src=\"https:\/\/moja24.pl\/wp-content\/uploads\/2021\/02\/20210223_3-1024x768.jpg\" alt=\"\" width=\"640\" height=\"480\" srcset=\"https:\/\/moja24.pl\/wp-content\/uploads\/2021\/02\/20210223_3-1024x768.jpg 1024w, https:\/\/moja24.pl\/wp-content\/uploads\/2021\/02\/20210223_3-300x225.jpg 300w, https:\/\/moja24.pl\/wp-content\/uploads\/2021\/02\/20210223_3-768x576.jpg 768w, https:\/\/moja24.pl\/wp-content\/uploads\/2021\/02\/20210223_3-1536x1152.jpg 1536w, https:\/\/moja24.pl\/wp-content\/uploads\/2021\/02\/20210223_3-80x60.jpg 80w, https:\/\/moja24.pl\/wp-content\/uploads\/2021\/02\/20210223_3-265x198.jpg 265w, https:\/\/moja24.pl\/wp-content\/uploads\/2021\/02\/20210223_3-696x522.jpg 696w, https:\/\/moja24.pl\/wp-content\/uploads\/2021\/02\/20210223_3-1068x801.jpg 1068w, https:\/\/moja24.pl\/wp-content\/uploads\/2021\/02\/20210223_3-560x420.jpg 560w, https:\/\/moja24.pl\/wp-content\/uploads\/2021\/02\/20210223_3-400x300.jpg 400w, https:\/\/moja24.pl\/wp-content\/uploads\/2021\/02\/20210223_3.jpg 2000w\" sizes=\"auto, (max-width: 640px) 100vw, 640px\" \/><figcaption id=\"caption-attachment-17392\" class=\"wp-caption-text\">Zacz\u0119\u0142o si\u0119 \u0142atanie ubytk\u00f3w w nawierzchni. fot. Andrzej Buczy\u0144ski<\/figcaption><\/figure>\n<figure id=\"attachment_17390\" aria-describedby=\"caption-attachment-17390\" style=\"width: 640px\" class=\"wp-caption aligncenter\"><img loading=\"lazy\" decoding=\"async\" class=\"size-large wp-image-17390\" src=\"https:\/\/moja24.pl\/wp-content\/uploads\/2021\/02\/20210223_1-1024x768.jpg\" alt=\"\" width=\"640\" height=\"480\" srcset=\"https:\/\/moja24.pl\/wp-content\/uploads\/2021\/02\/20210223_1-1024x768.jpg 1024w, https:\/\/moja24.pl\/wp-content\/uploads\/2021\/02\/20210223_1-300x225.jpg 300w, https:\/\/moja24.pl\/wp-content\/uploads\/2021\/02\/20210223_1-768x576.jpg 768w, https:\/\/moja24.pl\/wp-content\/uploads\/2021\/02\/20210223_1-1536x1152.jpg 1536w, https:\/\/moja24.pl\/wp-content\/uploads\/2021\/02\/20210223_1-80x60.jpg 80w, https:\/\/moja24.pl\/wp-content\/uploads\/2021\/02\/20210223_1-265x198.jpg 265w, https:\/\/moja24.pl\/wp-content\/uploads\/2021\/02\/20210223_1-696x522.jpg 696w, https:\/\/moja24.pl\/wp-content\/uploads\/2021\/02\/20210223_1-1068x801.jpg 1068w, https:\/\/moja24.pl\/wp-content\/uploads\/2021\/02\/20210223_1-560x420.jpg 560w, https:\/\/moja24.pl\/wp-content\/uploads\/2021\/02\/20210223_1-400x300.jpg 400w, https:\/\/moja24.pl\/wp-content\/uploads\/2021\/02\/20210223_1.jpg 2000w\" sizes=\"auto, (max-width: 640px) 100vw, 640px\" \/><figcaption id=\"caption-attachment-17390\" class=\"wp-caption-text\">fot. Andrzej Buczy\u0144ski<\/figcaption><\/figure>\n<p style=\"text-align: right;\"><span style=\"color: #999999;\"><strong>Andrzej Buczy\u0144ski<\/strong><\/span><\/p>\n<p>&nbsp;<\/p>\n","protected":false},"excerpt":{"rendered":"<p>\u017bARY | Tegoroczna zima, a dok\u0142adnie woda i niskie temperatury, zrobi\u0142y swoje. Znikn\u0105\u0142 \u015bnieg, ale przy okazji pokaza\u0142o si\u0119 sporo ubytk\u00f3w w asfalcie. Chwilowy wzrost temperatur nie oznacza wprawdzie ko\u0144ca zimy. Jest jeszcze luty, a przed nami &#8222;w marcu, jak w garncu&#8221; i jeszcze kwiecie\u0144, co przeplata&#8230; Tymczasowa fala ciep\u0142a pozwoli\u0142a ju\u017c na pierwsze prace [&hellip;]<\/p>\n","protected":false},"author":4,"featured_media":17391,"comment_status":"closed","ping_status":"closed","sticky":false,"template":"","format":"standard","meta":{"_monsterinsights_skip_tracking":false,"_monsterinsights_sitenote_active":false,"_monsterinsights_sitenote_note":"","_monsterinsights_sitenote_category":0,"footnotes":""},"categories":[1,20],"tags":[2333,74,109,412,2008,73,2334,66],"class_list":["post-17385","post","type-post","status-publish","format-standard","has-post-thumbnail","hentry","category-bez-kategorii","category-informacje","tag-dziury-w-drogach","tag-informacje-zary","tag-moja-gazeta","tag-pekom","tag-rafal-fularski","tag-wiadomosci-zary","tag-zamiatanie-ulic","tag-zary"],"_links":{"self":[{"href":"https:\/\/moja24.pl\/index.php\/wp-json\/wp\/v2\/posts\/17385","targetHints":{"allow":["GET"]}}],"collection":[{"href":"https:\/\/moja24.pl\/index.php\/wp-json\/wp\/v2\/posts"}],"about":[{"href":"https:\/\/moja24.pl\/index.php\/wp-json\/wp\/v2\/types\/post"}],"author":[{"embeddable":true,"href":"https:\/\/moja24.pl\/index.php\/wp-json\/wp\/v2\/users\/4"}],"replies":[{"embeddable":true,"href":"https:\/\/moja24.pl\/index.php\/wp-json\/wp\/v2\/comments?post=17385"}],"version-history":[{"count":3,"href":"https:\/\/moja24.pl\/index.php\/wp-json\/wp\/v2\/posts\/17385\/revisions"}],"predecessor-version":[{"id":17394,"href":"https:\/\/moja24.pl\/index.php\/wp-json\/wp\/v2\/posts\/17385\/revisions\/17394"}],"wp:featuredmedia":[{"embeddable":true,"href":"https:\/\/moja24.pl\/index.php\/wp-json\/wp\/v2\/media\/17391"}],"wp:attachment":[{"href":"https:\/\/moja24.pl\/index.php\/wp-json\/wp\/v2\/media?parent=17385"}],"wp:term":[{"taxonomy":"category","embeddable":true,"href":"https:\/\/moja24.pl\/index.php\/wp-json\/wp\/v2\/categories?post=17385"},{"taxonomy":"post_tag","embeddable":true,"href":"https:\/\/moja24.pl\/index.php\/wp-json\/wp\/v2\/tags?post=17385"}],"curies":[{"name":"wp","href":"https:\/\/api.w.org\/{rel}","templated":true}]}}