{"id":17428,"date":"2021-02-26T22:17:49","date_gmt":"2021-02-26T21:17:49","guid":{"rendered":"https:\/\/moja24.pl\/?p=17428"},"modified":"2021-02-26T22:17:49","modified_gmt":"2021-02-26T21:17:49","slug":"male-roszady-w-zarskiej-radzie-miejskiej","status":"publish","type":"post","link":"https:\/\/moja24.pl\/index.php\/2021\/02\/26\/male-roszady-w-zarskiej-radzie-miejskiej\/","title":{"rendered":"Ma\u0142e roszady w \u017carskiej radzie miejskiej"},"content":{"rendered":"<p><strong><span style=\"color: #ff0000;\">\u017bARY<\/span> | 26 lutego podczas sesji rady miejskiej \u015blubowanie z\u0142o\u017cy\u0142 nowy radny \u0141ukasz Rubczy\u0144ski, kt\u00f3ry zast\u0105pi\u0142 \u0141ukasza Matyjaska. Wybrano tak\u017ce nowego wiceprzewodnicz\u0105cego rady. Zosta\u0142 nim Dawid Polok.<\/strong><\/p>\n<p>\u0141ukasz Rubczy\u0144ski startowa\u0142 w ostatnich wyborach samorz\u0105dowych z listy Komitetu Wyborczego Wyborc\u00f3w Dobre Miasto Lepszy Powiat, ale mandatu nie uzyska\u0142. Lepszy wynik mia\u0142 wtedy \u0141ukasz Matyjasek, kt\u00f3ry wszed\u0142 do sk\u0142adu rady. Po wygranym konkursie na dyrektora \u017barskiego Domu Kultury, Matyjasek musia\u0142 zrezygnowa\u0107 z pracy w radzie miejskiej, w kt\u00f3rej pe\u0142ni\u0142 funkcj\u0119 wiceprzewodnicz\u0105cego.<\/p>\n<p>Tym samym, do rady wszed\u0142 nast\u0119pny z listy, czyli \u0141ukasz Rubczy\u0144ski. Opr\u00f3cz pracy trenerskiej, jest on na co dzie\u0144 stra\u017cakiem zawodowym z pi\u0119tnastoletnim sta\u017cem. Starszy ogniomistrz \u0141ukasz Rubczy\u0144ski pracuje obecnie na etacie dow\u00f3dcy zast\u0119pu w \u017carskiej jednostce Pa\u0144stwowej Stra\u017cy Po\u017carnej. Ma r\u00f3wnie\u017c do\u015bwiadczenie samorz\u0105dowe. By\u0142 ju\u017c radnym miejskim w \u017barach, w kadencji 2014-2018. Teraz b\u0119dzie pracowa\u0142 w dw\u00f3ch komisjach rady &#8211; skarg i wniosk\u00f3w oraz mienia komunalnego.<\/p>\n<p>Do wybor\u00f3w na wiceprzewodnicz\u0105cego rady miejskiej zg\u0142oszono radnych Dawida Poloka i Edyt\u0119 Gajd\u0119. Wiceprzewodnicz\u0105cym rady zosta\u0142 Dawid Polok &#8211; stosunkiem g\u0142os\u00f3w 11:8. Dawid Polok w \u015brodowisku sportowym kojarzony jest z \u017barskim Klubem Sport\u00f3w Walki. W tym roku, sz\u00f3sty raz z rz\u0119du, zgodnie z wytycznymi ministerstwa sportu, wybrany zosta\u0142 na trenera reprezentacji Polski muaythai dzieci i kadet\u00f3w.<\/p>\n<p style=\"text-align: right;\"><span style=\"color: #999999;\"><strong>Andrzej Buczy\u0144ski<\/strong><\/span><\/p>\n","protected":false},"excerpt":{"rendered":"<p>\u017bARY | 26 lutego podczas sesji rady miejskiej \u015blubowanie z\u0142o\u017cy\u0142 nowy radny \u0141ukasz Rubczy\u0144ski, kt\u00f3ry zast\u0105pi\u0142 \u0141ukasza Matyjaska. Wybrano tak\u017ce nowego wiceprzewodnicz\u0105cego rady. Zosta\u0142 nim Dawid Polok. \u0141ukasz Rubczy\u0144ski startowa\u0142 w ostatnich wyborach samorz\u0105dowych z listy Komitetu Wyborczego Wyborc\u00f3w Dobre Miasto Lepszy Powiat, ale mandatu nie uzyska\u0142. Lepszy wynik mia\u0142 wtedy \u0141ukasz Matyjasek, kt\u00f3ry wszed\u0142 [&hellip;]<\/p>\n","protected":false},"author":4,"featured_media":17429,"comment_status":"closed","ping_status":"closed","sticky":false,"template":"","format":"standard","meta":{"_monsterinsights_skip_tracking":false,"_monsterinsights_sitenote_active":false,"_monsterinsights_sitenote_note":"","_monsterinsights_sitenote_category":0,"footnotes":""},"categories":[20],"tags":[417,208,2116,109,1689,73,66],"class_list":["post-17428","post","type-post","status-publish","format-standard","has-post-thumbnail","hentry","category-informacje","tag-dawid-polok","tag-lukasz-matyjasek","tag-lukasz-rubczynski","tag-moja-gazeta","tag-rada-miejska","tag-wiadomosci-zary","tag-zary"],"_links":{"self":[{"href":"https:\/\/moja24.pl\/index.php\/wp-json\/wp\/v2\/posts\/17428","targetHints":{"allow":["GET"]}}],"collection":[{"href":"https:\/\/moja24.pl\/index.php\/wp-json\/wp\/v2\/posts"}],"about":[{"href":"https:\/\/moja24.pl\/index.php\/wp-json\/wp\/v2\/types\/post"}],"author":[{"embeddable":true,"href":"https:\/\/moja24.pl\/index.php\/wp-json\/wp\/v2\/users\/4"}],"replies":[{"embeddable":true,"href":"https:\/\/moja24.pl\/index.php\/wp-json\/wp\/v2\/comments?post=17428"}],"version-history":[{"count":1,"href":"https:\/\/moja24.pl\/index.php\/wp-json\/wp\/v2\/posts\/17428\/revisions"}],"predecessor-version":[{"id":17430,"href":"https:\/\/moja24.pl\/index.php\/wp-json\/wp\/v2\/posts\/17428\/revisions\/17430"}],"wp:featuredmedia":[{"embeddable":true,"href":"https:\/\/moja24.pl\/index.php\/wp-json\/wp\/v2\/media\/17429"}],"wp:attachment":[{"href":"https:\/\/moja24.pl\/index.php\/wp-json\/wp\/v2\/media?parent=17428"}],"wp:term":[{"taxonomy":"category","embeddable":true,"href":"https:\/\/moja24.pl\/index.php\/wp-json\/wp\/v2\/categories?post=17428"},{"taxonomy":"post_tag","embeddable":true,"href":"https:\/\/moja24.pl\/index.php\/wp-json\/wp\/v2\/tags?post=17428"}],"curies":[{"name":"wp","href":"https:\/\/api.w.org\/{rel}","templated":true}]}}