{"id":17432,"date":"2021-02-28T13:31:40","date_gmt":"2021-02-28T12:31:40","guid":{"rendered":"https:\/\/moja24.pl\/?p=17432"},"modified":"2021-02-28T13:31:40","modified_gmt":"2021-02-28T12:31:40","slug":"zarski-agros-z-medalami-na-pucharze-polski-w-warszawie","status":"publish","type":"post","link":"https:\/\/moja24.pl\/index.php\/2021\/02\/28\/zarski-agros-z-medalami-na-pucharze-polski-w-warszawie\/","title":{"rendered":"\u017barski Agros z medalami na Pucharze Polski w Warszawie"},"content":{"rendered":"<p><strong><span style=\"color: #ff0000;\">ZAPASY<\/span> | W dniach 27-28 lutego stolica go\u015bci\u0142a najlepszych zapa\u015bnik\u00f3w z ca\u0142ej Polski w kategorii wiekowej kadeta. Zawody Pucharu Polski by\u0142y zarazem pierwsz\u0105 eliminacj\u0105 do fina\u0142\u00f3w Og\u00f3lnopolskiej Olimpiady M\u0142odzie\u017cy. <\/strong><\/p>\n<p>Na starcie Pucharu Polski kadet\u00f3w stan\u0119\u0142o 234 zawodnik\u00f3w z 48 klub\u00f3w. Turniej w Warszawie to pierwsza eliminacja do fina\u0142u Og\u00f3lnopolskiej Olimpiady M\u0142odzie\u017cy i pierwszy sprawdzian formy dla czo\u0142\u00f3wki zawodnik\u00f3w walcz\u0105cych o reprezentowanie Polski na Mistrzostwach \u015awiata i Mistrzostwach Europy kadet\u00f3w.<\/p>\n<p>\u017barscy zapa\u015bnicy stan\u0119li na wysoko\u015bci zadania i godnie reprezentowali \u017bary i sw\u00f3j klub. Zapa\u015bnicy \u017carskiego Agrosu wywalczyli w tej presti\u017cowej imprezie dwa medale i pokazali, \u017ce wci\u0105\u017c s\u0105 w \u015bcis\u0142ej krajowej czo\u0142\u00f3wce.<\/p>\n<p>Z\u0142oty medal w kategorii wagowej do 48 kg wywalczy\u0142 Wojciech Ku\u017amiak. Wojtek wygra\u0142 swoje pojedynki w spos\u00f3b pewny i zas\u0142u\u017cony. Wysokie zwyci\u0119stwa przez przewag\u0119 techniczn\u0105 i fina\u0142owa wygrana bez straty punktu pokazuj\u0105, \u017ce jego ambitna i systematyczna praca treningowa jeszcze wielokrotnie dostarczy nam wiele rado\u015bci. Kibice Wojtka, mog\u0105 by\u0107 pewni, \u017ce nie zamierza spoczywa\u0107 na laurach i dalej b\u0119dzie ci\u0119\u017cko pracowa\u0142 na treningach w klubie i kadrze narodowej kadet\u00f3w.<\/p>\n<p>Kolejny medal to efekt znakomitej postawy na macie Gracjana Jeduta. Gracjan zaj\u0105\u0142 trzecie miejsce w kategorii wagowej do 55 kg. Niezwykle pracowity zawodnik, z zawod\u00f3w na zawody walczy coraz dojrzalej i tylko brak zdecydowania w jednej z akcji, w walce p\u00f3\u0142fina\u0142owej pozbawi\u0142 go szansy walki o z\u0142oto. W opinii trenera Krzysztofa Danielewskiego, w najwa\u017cniejszej tegorocznej imprezie dla kadet\u00f3w, czyli w finale Og\u00f3lnopolskiej Olimpiady M\u0142odzie\u017cy, Gracjan walczy\u0107 b\u0119dzie o najwy\u017csze laury. Kibice sportu zapa\u015bniczego w \u017barach mog\u0105 by\u0107 pewni, \u017ce Gracjan nie powiedzia\u0142 jeszcze ostatniego s\u0142owa w tegorocznej rywalizacji.<\/p>\n<p>Z dobrej strony pokazali si\u0119 Hubert Mleczko i Antoni Harenda. Obaj zako\u0144czyli turniej ze zwyci\u0119stwami na swoim koncie i dwiema pora\u017ckami. Hubert wywalczy\u0142 punkty do walki o fina\u0142y Og\u00f3lnopolskiej Olimpiady M\u0142odzie\u017cy, a Antoni po przerwie treningowej pokaza\u0142, \u017ce jeszcze ma do zrobienia wiele dobrego na zapa\u015bniczej macie. Wiktor Terpi\u0144ski i Kacper Cymbalik, mimo \u017ce musieli uzna\u0107 wy\u017cszo\u015b\u0107 swoich rywali, pokazali, \u017ce maj\u0105 sportowy potencja\u0142, kt\u00f3ry poparty prac\u0105 treningow\u0105, przyniesie efekty z kt\u00f3rych wszyscy b\u0119dziemy zadowoleni.<\/p>\n<p>Wa\u017cny start zapa\u015bnik\u00f3w \u017carskiego Agrosu i jak stwierdzi\u0142 trener Krzysztof Danielewski, start udany, bo wiemy nad czym trzeba pracowa\u0107. A, \u017ce w Agrosie uwielbiaj\u0105 ci\u0119\u017ck\u0105 prac\u0119, mo\u017cemy by\u0107 pewni, \u017ce wnioski z Pucharu Polski zostan\u0105 wyci\u0105gni\u0119te.<\/p>\n<p style=\"text-align: right;\"><span style=\"color: #999999;\"><strong>nades\u0142ane<\/strong><\/span><\/p>\n<figure id=\"attachment_17433\" aria-describedby=\"caption-attachment-17433\" style=\"width: 640px\" class=\"wp-caption aligncenter\"><img loading=\"lazy\" decoding=\"async\" class=\"size-large wp-image-17433\" src=\"https:\/\/moja24.pl\/wp-content\/uploads\/2021\/02\/20210228_agros2-1024x682.jpg\" alt=\"\" width=\"640\" height=\"426\" srcset=\"https:\/\/moja24.pl\/wp-content\/uploads\/2021\/02\/20210228_agros2-1024x682.jpg 1024w, https:\/\/moja24.pl\/wp-content\/uploads\/2021\/02\/20210228_agros2-300x200.jpg 300w, https:\/\/moja24.pl\/wp-content\/uploads\/2021\/02\/20210228_agros2-768x512.jpg 768w, https:\/\/moja24.pl\/wp-content\/uploads\/2021\/02\/20210228_agros2-1536x1024.jpg 1536w, https:\/\/moja24.pl\/wp-content\/uploads\/2021\/02\/20210228_agros2-696x464.jpg 696w, https:\/\/moja24.pl\/wp-content\/uploads\/2021\/02\/20210228_agros2-1068x712.jpg 1068w, https:\/\/moja24.pl\/wp-content\/uploads\/2021\/02\/20210228_agros2-630x420.jpg 630w, https:\/\/moja24.pl\/wp-content\/uploads\/2021\/02\/20210228_agros2-450x300.jpg 450w, https:\/\/moja24.pl\/wp-content\/uploads\/2021\/02\/20210228_agros2.jpg 1577w\" sizes=\"auto, (max-width: 640px) 100vw, 640px\" \/><figcaption id=\"caption-attachment-17433\" class=\"wp-caption-text\">fot. nades\u0142ane<\/figcaption><\/figure>\n","protected":false},"excerpt":{"rendered":"<p>ZAPASY | W dniach 27-28 lutego stolica go\u015bci\u0142a najlepszych zapa\u015bnik\u00f3w z ca\u0142ej Polski w kategorii wiekowej kadeta. Zawody Pucharu Polski by\u0142y zarazem pierwsz\u0105 eliminacj\u0105 do fina\u0142\u00f3w Og\u00f3lnopolskiej Olimpiady M\u0142odzie\u017cy. Na starcie Pucharu Polski kadet\u00f3w stan\u0119\u0142o 234 zawodnik\u00f3w z 48 klub\u00f3w. Turniej w Warszawie to pierwsza eliminacja do fina\u0142u Og\u00f3lnopolskiej Olimpiady M\u0142odzie\u017cy i pierwszy sprawdzian formy [&hellip;]<\/p>\n","protected":false},"author":4,"featured_media":17434,"comment_status":"closed","ping_status":"closed","sticky":false,"template":"","format":"standard","meta":{"_monsterinsights_skip_tracking":false,"_monsterinsights_sitenote_active":false,"_monsterinsights_sitenote_note":"","_monsterinsights_sitenote_category":0,"footnotes":""},"categories":[20,29,23],"tags":[346,347,2296,2347,109,2348,1064,73,2297,1252,66],"class_list":["post-17432","post","type-post","status-publish","format-standard","has-post-thumbnail","hentry","category-informacje","category-kontakt-24","category-sport","tag-agros","tag-agros-zary","tag-gracjan-jedut","tag-krzysztof-danielewski","tag-moja-gazeta","tag-puchar-polski","tag-sport","tag-wiadomosci-zary","tag-wojciech-kuzmiak","tag-zapasy","tag-zary"],"_links":{"self":[{"href":"https:\/\/moja24.pl\/index.php\/wp-json\/wp\/v2\/posts\/17432","targetHints":{"allow":["GET"]}}],"collection":[{"href":"https:\/\/moja24.pl\/index.php\/wp-json\/wp\/v2\/posts"}],"about":[{"href":"https:\/\/moja24.pl\/index.php\/wp-json\/wp\/v2\/types\/post"}],"author":[{"embeddable":true,"href":"https:\/\/moja24.pl\/index.php\/wp-json\/wp\/v2\/users\/4"}],"replies":[{"embeddable":true,"href":"https:\/\/moja24.pl\/index.php\/wp-json\/wp\/v2\/comments?post=17432"}],"version-history":[{"count":1,"href":"https:\/\/moja24.pl\/index.php\/wp-json\/wp\/v2\/posts\/17432\/revisions"}],"predecessor-version":[{"id":17435,"href":"https:\/\/moja24.pl\/index.php\/wp-json\/wp\/v2\/posts\/17432\/revisions\/17435"}],"wp:featuredmedia":[{"embeddable":true,"href":"https:\/\/moja24.pl\/index.php\/wp-json\/wp\/v2\/media\/17434"}],"wp:attachment":[{"href":"https:\/\/moja24.pl\/index.php\/wp-json\/wp\/v2\/media?parent=17432"}],"wp:term":[{"taxonomy":"category","embeddable":true,"href":"https:\/\/moja24.pl\/index.php\/wp-json\/wp\/v2\/categories?post=17432"},{"taxonomy":"post_tag","embeddable":true,"href":"https:\/\/moja24.pl\/index.php\/wp-json\/wp\/v2\/tags?post=17432"}],"curies":[{"name":"wp","href":"https:\/\/api.w.org\/{rel}","templated":true}]}}