{"id":17474,"date":"2021-03-05T01:44:25","date_gmt":"2021-03-05T00:44:25","guid":{"rendered":"https:\/\/moja24.pl\/?p=17474"},"modified":"2021-03-05T01:44:25","modified_gmt":"2021-03-05T00:44:25","slug":"czwarta-czesc-historycznego-turnieju-dla-mlodziezy","status":"publish","type":"post","link":"https:\/\/moja24.pl\/index.php\/2021\/03\/05\/czwarta-czesc-historycznego-turnieju-dla-mlodziezy\/","title":{"rendered":"Czwarta cz\u0119\u015b\u0107 historycznego turnieju dla m\u0142odzie\u017cy"},"content":{"rendered":"<p><strong><span style=\"color: #ff0000;\">\u017bARY<\/span> | W ramach VI. Turnieju Wiedzy Historycznej, 4 marca Muzeum Pogranicza \u015al\u0105sko-\u0141u\u017cyckiego w \u017barach zorganizowa\u0142o czwarty konkurs, tym razem pod has\u0142em \u201eMarsza\u0142ek J\u00f3zef Pi\u0142sudski i jego czasy\u201d.<\/strong><\/p>\n<p>Turniej jest skierowany do uczni\u00f3w szk\u00f3\u0142 podstawowych z klas VI\u2013VIII oraz szk\u00f3\u0142 ponadpodstawowych z powiatu \u017carskiego. W ramach sz\u00f3stej edycji turnieju zaplanowano osiem konkurs\u00f3w o r\u00f3\u017cnorodnej tematyce.<\/p>\n<p>Najlepszy wynik uzyska\u0142 Kacper Czahajda z Zespo\u0142u Szk\u00f3\u0142 Og\u00f3lnokszta\u0142c\u0105cych i Ekonomicznych w Lubsku. Drugie miejsce ex aequo zaj\u0119\u0142y uczennice Zespo\u0142u Szk\u00f3\u0142 Technicznych w Lubsku &#8211; Michalina Goch i Estera Zaj\u0105c. Trzecie miejsce zaj\u0105\u0142 Dominik Giedroj\u0107, ucze\u0144 Zespo\u0142u Szk\u00f3\u0142 Og\u00f3lnokszta\u0142c\u0105cych i Ekonomicznych w Lubsku.<\/p>\n<figure id=\"attachment_17472\" aria-describedby=\"caption-attachment-17472\" style=\"width: 640px\" class=\"wp-caption aligncenter\"><img loading=\"lazy\" decoding=\"async\" class=\"size-large wp-image-17472\" src=\"https:\/\/moja24.pl\/wp-content\/uploads\/2021\/03\/20210304_muzeum1-1024x683.jpg\" alt=\"\" width=\"640\" height=\"427\" srcset=\"https:\/\/moja24.pl\/wp-content\/uploads\/2021\/03\/20210304_muzeum1-1024x683.jpg 1024w, https:\/\/moja24.pl\/wp-content\/uploads\/2021\/03\/20210304_muzeum1-300x200.jpg 300w, https:\/\/moja24.pl\/wp-content\/uploads\/2021\/03\/20210304_muzeum1-768x512.jpg 768w, https:\/\/moja24.pl\/wp-content\/uploads\/2021\/03\/20210304_muzeum1-1536x1024.jpg 1536w, https:\/\/moja24.pl\/wp-content\/uploads\/2021\/03\/20210304_muzeum1-696x464.jpg 696w, https:\/\/moja24.pl\/wp-content\/uploads\/2021\/03\/20210304_muzeum1-1068x712.jpg 1068w, https:\/\/moja24.pl\/wp-content\/uploads\/2021\/03\/20210304_muzeum1-630x420.jpg 630w, https:\/\/moja24.pl\/wp-content\/uploads\/2021\/03\/20210304_muzeum1-450x300.jpg 450w, https:\/\/moja24.pl\/wp-content\/uploads\/2021\/03\/20210304_muzeum1.jpg 1966w\" sizes=\"auto, (max-width: 640px) 100vw, 640px\" \/><figcaption id=\"caption-attachment-17472\" class=\"wp-caption-text\">fot. Muzeum \u017bary<\/figcaption><\/figure>\n<p style=\"text-align: right;\"><span style=\"color: #999999;\"><strong>ATB <\/strong>(\u017ar\u00f3d\u0142o: Muzeum \u017bary)<\/span><\/p>\n","protected":false},"excerpt":{"rendered":"<p>\u017bARY | W ramach VI. Turnieju Wiedzy Historycznej, 4 marca Muzeum Pogranicza \u015al\u0105sko-\u0141u\u017cyckiego w \u017barach zorganizowa\u0142o czwarty konkurs, tym razem pod has\u0142em \u201eMarsza\u0142ek J\u00f3zef Pi\u0142sudski i jego czasy\u201d. Turniej jest skierowany do uczni\u00f3w szk\u00f3\u0142 podstawowych z klas VI\u2013VIII oraz szk\u00f3\u0142 ponadpodstawowych z powiatu \u017carskiego. W ramach sz\u00f3stej edycji turnieju zaplanowano osiem konkurs\u00f3w o r\u00f3\u017cnorodnej tematyce. [&hellip;]<\/p>\n","protected":false},"author":4,"featured_media":17473,"comment_status":"closed","ping_status":"closed","sticky":false,"template":"","format":"standard","meta":{"_monsterinsights_skip_tracking":false,"_monsterinsights_sitenote_active":false,"_monsterinsights_sitenote_note":"","_monsterinsights_sitenote_category":0,"footnotes":""},"categories":[22,20],"tags":[109,2059,274,66],"class_list":["post-17474","post","type-post","status-publish","format-standard","has-post-thumbnail","hentry","category-edukacja","category-informacje","tag-moja-gazeta","tag-muzeum","tag-muzeum-pogranicza-slasko-luzyckiego","tag-zary"],"_links":{"self":[{"href":"https:\/\/moja24.pl\/index.php\/wp-json\/wp\/v2\/posts\/17474","targetHints":{"allow":["GET"]}}],"collection":[{"href":"https:\/\/moja24.pl\/index.php\/wp-json\/wp\/v2\/posts"}],"about":[{"href":"https:\/\/moja24.pl\/index.php\/wp-json\/wp\/v2\/types\/post"}],"author":[{"embeddable":true,"href":"https:\/\/moja24.pl\/index.php\/wp-json\/wp\/v2\/users\/4"}],"replies":[{"embeddable":true,"href":"https:\/\/moja24.pl\/index.php\/wp-json\/wp\/v2\/comments?post=17474"}],"version-history":[{"count":2,"href":"https:\/\/moja24.pl\/index.php\/wp-json\/wp\/v2\/posts\/17474\/revisions"}],"predecessor-version":[{"id":17476,"href":"https:\/\/moja24.pl\/index.php\/wp-json\/wp\/v2\/posts\/17474\/revisions\/17476"}],"wp:featuredmedia":[{"embeddable":true,"href":"https:\/\/moja24.pl\/index.php\/wp-json\/wp\/v2\/media\/17473"}],"wp:attachment":[{"href":"https:\/\/moja24.pl\/index.php\/wp-json\/wp\/v2\/media?parent=17474"}],"wp:term":[{"taxonomy":"category","embeddable":true,"href":"https:\/\/moja24.pl\/index.php\/wp-json\/wp\/v2\/categories?post=17474"},{"taxonomy":"post_tag","embeddable":true,"href":"https:\/\/moja24.pl\/index.php\/wp-json\/wp\/v2\/tags?post=17474"}],"curies":[{"name":"wp","href":"https:\/\/api.w.org\/{rel}","templated":true}]}}