{"id":17480,"date":"2021-03-05T22:35:25","date_gmt":"2021-03-05T21:35:25","guid":{"rendered":"https:\/\/moja24.pl\/?p=17480"},"modified":"2021-03-05T22:35:25","modified_gmt":"2021-03-05T21:35:25","slug":"sobotni-koncert-w-zarskiej-lunie","status":"publish","type":"post","link":"https:\/\/moja24.pl\/index.php\/2021\/03\/05\/sobotni-koncert-w-zarskiej-lunie\/","title":{"rendered":"Sobotni koncert w \u017carskiej &#8222;Lunie&#8221;"},"content":{"rendered":"<p><strong><span style=\"color: #ff0000;\">\u017bARY<\/span> | \u017barski Dom Kultury zaprasza na koncert Miejskiej Orkiestry D\u0119tej \u017bDK pt. &#8222;By\u0107 Kobiet\u0105&#8221;. Go\u015bcinnie wyst\u0105pi Patryk Adamkiewicz.<\/strong><\/p>\n<p>6 marca 2021, godzina 17.00, sala widowiskowa LUNA, ul Okrzei 35. Bilety w cenie:<\/p>\n<ul>\n<li>normalny &#8211; 10 z\u0142otych;<\/li>\n<li>ulgowy &#8211; 7 z\u0142otych;<\/li>\n<li>\u017barska Karta Du\u017cej Rodziny &#8211; 5 z\u0142otych;<\/li>\n<li>\u017barska Karta Seniora &#8211; 2 z\u0142ote.<\/li>\n<\/ul>\n<p>Bilety do nabycia w Salonie Wystaw Artystycznych przy ul. Chrobrego jeszcze w sobot\u0119, w godzinach od 10.00 do 14.00, a tak\u017ce <strong><a href=\"https:\/\/ekobilet.pl\/dkzary\/byc-kobieta-1614175004728\/430808-bilety-na-koncert\" target=\"_blank\" rel=\"noopener\">online<\/a><\/strong>.<\/p>\n<p style=\"text-align: right;\"><strong>ATB<\/strong><\/p>\n","protected":false},"excerpt":{"rendered":"<p>\u017bARY | \u017barski Dom Kultury zaprasza na koncert Miejskiej Orkiestry D\u0119tej \u017bDK pt. &#8222;By\u0107 Kobiet\u0105&#8221;. Go\u015bcinnie wyst\u0105pi Patryk Adamkiewicz. 6 marca 2021, godzina 17.00, sala widowiskowa LUNA, ul Okrzei 35. Bilety w cenie: normalny &#8211; 10 z\u0142otych; ulgowy &#8211; 7 z\u0142otych; \u017barska Karta Du\u017cej Rodziny &#8211; 5 z\u0142otych; \u017barska Karta Seniora &#8211; 2 z\u0142ote. Bilety [&hellip;]<\/p>\n","protected":false},"author":4,"featured_media":17479,"comment_status":"closed","ping_status":"closed","sticky":false,"template":"","format":"standard","meta":{"_monsterinsights_skip_tracking":false,"_monsterinsights_sitenote_active":false,"_monsterinsights_sitenote_note":"","_monsterinsights_sitenote_category":0,"footnotes":""},"categories":[20,25],"tags":[1169,1170,2358,109,2359,168,66,169],"class_list":["post-17480","post","type-post","status-publish","format-standard","has-post-thumbnail","hentry","category-informacje","category-kultura-i-rozrywka","tag-koncert","tag-luna","tag-miejska-orkiestra-deta","tag-moja-gazeta","tag-patryk-adamkiewicz","tag-zarski-dom-kultury","tag-zary","tag-zdk"],"_links":{"self":[{"href":"https:\/\/moja24.pl\/index.php\/wp-json\/wp\/v2\/posts\/17480","targetHints":{"allow":["GET"]}}],"collection":[{"href":"https:\/\/moja24.pl\/index.php\/wp-json\/wp\/v2\/posts"}],"about":[{"href":"https:\/\/moja24.pl\/index.php\/wp-json\/wp\/v2\/types\/post"}],"author":[{"embeddable":true,"href":"https:\/\/moja24.pl\/index.php\/wp-json\/wp\/v2\/users\/4"}],"replies":[{"embeddable":true,"href":"https:\/\/moja24.pl\/index.php\/wp-json\/wp\/v2\/comments?post=17480"}],"version-history":[{"count":1,"href":"https:\/\/moja24.pl\/index.php\/wp-json\/wp\/v2\/posts\/17480\/revisions"}],"predecessor-version":[{"id":17481,"href":"https:\/\/moja24.pl\/index.php\/wp-json\/wp\/v2\/posts\/17480\/revisions\/17481"}],"wp:featuredmedia":[{"embeddable":true,"href":"https:\/\/moja24.pl\/index.php\/wp-json\/wp\/v2\/media\/17479"}],"wp:attachment":[{"href":"https:\/\/moja24.pl\/index.php\/wp-json\/wp\/v2\/media?parent=17480"}],"wp:term":[{"taxonomy":"category","embeddable":true,"href":"https:\/\/moja24.pl\/index.php\/wp-json\/wp\/v2\/categories?post=17480"},{"taxonomy":"post_tag","embeddable":true,"href":"https:\/\/moja24.pl\/index.php\/wp-json\/wp\/v2\/tags?post=17480"}],"curies":[{"name":"wp","href":"https:\/\/api.w.org\/{rel}","templated":true}]}}