{"id":17537,"date":"2021-03-10T13:41:42","date_gmt":"2021-03-10T12:41:42","guid":{"rendered":"https:\/\/moja24.pl\/?p=17537"},"modified":"2021-03-10T13:41:42","modified_gmt":"2021-03-10T12:41:42","slug":"najlepsi-recytatorzy-w-powiecie","status":"publish","type":"post","link":"https:\/\/moja24.pl\/index.php\/2021\/03\/10\/najlepsi-recytatorzy-w-powiecie\/","title":{"rendered":"Najlepsi recytatorzy w powiecie"},"content":{"rendered":"<p><strong><span style=\"color: #ff0000;\">POWIAT \u017bARSKI<\/span> | W \u017barach przeprowadzono eliminacje powiatowe Lubuskiego Konkursu Recytatorskiego.\u00a0<\/strong><\/p>\n<p>Jury w sk\u0142adzie: Katarzyna Zychla \u2013 pisarka, jurorka konkurs\u00f3w recytatorskich, RCAK; Krystyna Filip \u2013 instruktorka teatralna \u017bDK; Roman Krzywotulski \u2013 instruktor i re\u017cyser teatralny \u017bDK, po wys\u0142uchaniu 23 prezentacji w I grupie wiekowej, postanowi\u0142o przyzna\u0107 tytu\u0142 laureata i zakwalifikowa\u0107 do eliminacji wojew\u00f3dzkich nast\u0119puj\u0105ce osoby: Amelia M\u0105ka \u2013 SP nr 10 \u017bary, Sara Czarpacka \u2013 SP nr 1 Lubsko, Aleksander Kalemba \u2013 SP nr 5 \u017bary. Wyr\u00f3\u017cnienia otrzymali: Jan Paliwoda \u2013 SP Mirostowice Dolne, Dawid Surwi\u0142o \u2013 SP Mirostowice Dolne, Nadia B\u0142a\u017ck\u00f3w \u2013 NSP Mierk\u00f3w, Tymoteusz Kocyk \u2013 OKiB Trzebiel, Mateusz Fiedziuk \u2013 SP Olbracht\u00f3w.<\/p>\n<p>Po wys\u0142uchaniu 15 prezentacji w II grupie wiekowej, jury postanowi\u0142o przyzna\u0107 tytu\u0142 laureata i zakwalifikowa\u0107 do eliminacji wojew\u00f3dzkich nast\u0119puj\u0105ce osoby: Nadia \u015awiderska \u2013 SP nr 1 Lubsko, Sebastian Pawlak \u2013 OKiB Trzebiel, Franciszek Majerski KSP \u017bary. Wyr\u00f3\u017cnienia otrzymali: Hanna Jagie\u0142\u0142o \u2013 NSP Mierk\u00f3w, Maja Gacka \u2013 OKiB Trzebiel, Zuzanna Weso\u0142owska \u2013 OKiB Trzebiel, Hubert Wierzbicki \u2013 SP nr 2 \u017bary, Gabriela Komorska \u2013 SP Lubanice.<\/p>\n<p>Po wys\u0142uchaniu 18 prezentacji w III grupie wiekowej, jury postanowi\u0142o przyzna\u0107 nagrody i zakwalifikowa\u0107 do eliminacji wojew\u00f3dzkich nast\u0119puj\u0105ce osoby: Dawid Gawinkowski \u2013 OKiB Trzebiel, Zuzanna Wacowska \u2013 SP Mirostowice Dolne, Anna Cegielska \u2013 \u017bDK \u017bary, Bart\u0142omiej Paluszkiewicz SP Tupilce. Ponadto wyr\u00f3\u017cnienia otrzymali: Micha\u0142 Kuros \u2013 SP Lubanice, Oliwia Niewczas \u2013 NSP Mierk\u00f3w, Wiktor Fila \u2013 NSP Mierk\u00f3w, Zofia Andrus \u2013 OKiB Trzebiel, Maja Lipi\u0144ska \u2013 SP nr 1 \u017bary.<\/p>\n<p>Wszyscy recytatorzy eliminacji powiatowych otrzymali pami\u0105tkowe dyplomy uczestnictwa. Ponadto laureaci otrzymali upominki ufundowane Urz\u0105d Miejski w \u017barach.<\/p>\n<p style=\"text-align: right;\"><span style=\"color: #999999;\"><strong>ATB<\/strong> (\u017ar\u00f3d\u0142o \u017bDK)<\/span><\/p>\n","protected":false},"excerpt":{"rendered":"<p>POWIAT \u017bARSKI | W \u017barach przeprowadzono eliminacje powiatowe Lubuskiego Konkursu Recytatorskiego.\u00a0 Jury w sk\u0142adzie: Katarzyna Zychla \u2013 pisarka, jurorka konkurs\u00f3w recytatorskich, RCAK; Krystyna Filip \u2013 instruktorka teatralna \u017bDK; Roman Krzywotulski \u2013 instruktor i re\u017cyser teatralny \u017bDK, po wys\u0142uchaniu 23 prezentacji w I grupie wiekowej, postanowi\u0142o przyzna\u0107 tytu\u0142 laureata i zakwalifikowa\u0107 do eliminacji wojew\u00f3dzkich nast\u0119puj\u0105ce osoby: [&hellip;]<\/p>\n","protected":false},"author":4,"featured_media":17536,"comment_status":"closed","ping_status":"closed","sticky":false,"template":"","format":"standard","meta":{"_monsterinsights_skip_tracking":false,"_monsterinsights_sitenote_active":false,"_monsterinsights_sitenote_note":"","_monsterinsights_sitenote_category":0,"footnotes":""},"categories":[20,25],"tags":[2349,109,73,168,66,169],"class_list":["post-17537","post","type-post","status-publish","format-standard","has-post-thumbnail","hentry","category-informacje","category-kultura-i-rozrywka","tag-lubuski-konkurs-recytatorski","tag-moja-gazeta","tag-wiadomosci-zary","tag-zarski-dom-kultury","tag-zary","tag-zdk"],"_links":{"self":[{"href":"https:\/\/moja24.pl\/index.php\/wp-json\/wp\/v2\/posts\/17537","targetHints":{"allow":["GET"]}}],"collection":[{"href":"https:\/\/moja24.pl\/index.php\/wp-json\/wp\/v2\/posts"}],"about":[{"href":"https:\/\/moja24.pl\/index.php\/wp-json\/wp\/v2\/types\/post"}],"author":[{"embeddable":true,"href":"https:\/\/moja24.pl\/index.php\/wp-json\/wp\/v2\/users\/4"}],"replies":[{"embeddable":true,"href":"https:\/\/moja24.pl\/index.php\/wp-json\/wp\/v2\/comments?post=17537"}],"version-history":[{"count":1,"href":"https:\/\/moja24.pl\/index.php\/wp-json\/wp\/v2\/posts\/17537\/revisions"}],"predecessor-version":[{"id":17538,"href":"https:\/\/moja24.pl\/index.php\/wp-json\/wp\/v2\/posts\/17537\/revisions\/17538"}],"wp:featuredmedia":[{"embeddable":true,"href":"https:\/\/moja24.pl\/index.php\/wp-json\/wp\/v2\/media\/17536"}],"wp:attachment":[{"href":"https:\/\/moja24.pl\/index.php\/wp-json\/wp\/v2\/media?parent=17537"}],"wp:term":[{"taxonomy":"category","embeddable":true,"href":"https:\/\/moja24.pl\/index.php\/wp-json\/wp\/v2\/categories?post=17537"},{"taxonomy":"post_tag","embeddable":true,"href":"https:\/\/moja24.pl\/index.php\/wp-json\/wp\/v2\/tags?post=17537"}],"curies":[{"name":"wp","href":"https:\/\/api.w.org\/{rel}","templated":true}]}}