{"id":17546,"date":"2021-03-11T13:46:48","date_gmt":"2021-03-11T12:46:48","guid":{"rendered":"https:\/\/moja24.pl\/?p=17546"},"modified":"2021-03-11T13:46:48","modified_gmt":"2021-03-11T12:46:48","slug":"areszt-dla-43-latka-za-posiadanie-znacznej-ilosci-narkotykow","status":"publish","type":"post","link":"https:\/\/moja24.pl\/index.php\/2021\/03\/11\/areszt-dla-43-latka-za-posiadanie-znacznej-ilosci-narkotykow\/","title":{"rendered":"Areszt dla 43-latka za posiadanie znacznej ilo\u015bci narkotyk\u00f3w"},"content":{"rendered":"<p><strong><span style=\"color: #ff0000;\">POWIAT \u017bARSKI<\/span> | W wyniku intensywnych dzia\u0142a\u0144 policjant\u00f3w kryminalnych z Komisariatu Policji w Lubsku, zatrzymany zosta\u0142 43-letni m\u0119\u017cczyzna. W jego mieszkaniu funkcjonariusze zabezpieczyli znaczn\u0105 ilo\u015b\u0107 \u015brodk\u00f3w odurzaj\u0105cych oraz psychotropowych. To skuteczne dzia\u0142anie w zwalczaniu przest\u0119pczo\u015bci narkotykowej. Policjanci prowadz\u0105 \u015bledztwo w tej sprawie pod nadzorem \u017carskiej Prokuratury.<\/strong><\/p>\n<p>W minionym tygodniu kryminalni z Komisariatu Policji w Lubsku przeprowadzili skuteczn\u0105 realizacj\u0119 poprzedzon\u0105 intensywn\u0105 prac\u0105 operacyjn\u0105. Wkroczyli do miejsca zamieszkania w, kt\u00f3rym przebywa\u0142 43-letni mieszkaniec Lubska. Podczas przeszukania zabezpieczyli znaczne ilo\u015bci narkotyk\u00f3w w\u015br\u00f3d, kt\u00f3rych znalaz\u0142a si\u0119 marihuana, metamfetamina, heroina oraz extasy.<\/p>\n<p>M\u0119\u017cczyzna podczas zatrzymania pr\u00f3bowa\u0142 ucieka\u0107 i by\u0142 agresywny. Odepchn\u0105\u0142 oraz kopn\u0105\u0142 funkcjonariusza, a tak\u017ce szczu\u0142 swego psa w wyniku, czego jeden z interweniuj\u0105cych policjant\u00f3w zosta\u0142 ugryziony. 43-latek trafi\u0142 do policyjnego aresztu, a kolejnego dnia us\u0142ysza\u0142 zarzuty. Odpowie nie tylko za posiadanie narkotyk\u00f3w, ale r\u00f3wnie\u017c za swoje agresywne zachowanie.<\/p>\n<p>S\u0105d przychyli\u0142 si\u0119 do decyzji Prokuratury Rejonowej w \u017barach oraz Policji i zastosowa\u0142 wobec 43-latka trzymiesi\u0119czny areszt. Za posiadanie znacznej ilo\u015bci narkotyk\u00f3w mo\u017ce grozi\u0107 do 10 lat pozbawienia wolno\u015bci, w przypadku m\u0119\u017cczyzny kara mo\u017ce by\u0107 wy\u017csza z uwagi na recydyw\u0119. Za dzia\u0142anie przemoc\u0105 lub gro\u017ab\u0105 w celu zmuszenia funkcjonariusza do zaniechania czynno\u015bci s\u0142u\u017cbowej lub naruszenie nietykalno\u015bci cielesnej funkcjonariusza mo\u017ce grozi\u0107 do 3 lat pozbawienia wolno\u015bci.<\/p>\n<figure id=\"attachment_17545\" aria-describedby=\"caption-attachment-17545\" style=\"width: 1024px\" class=\"wp-caption aligncenter\"><img loading=\"lazy\" decoding=\"async\" class=\"size-full wp-image-17545\" src=\"https:\/\/moja24.pl\/wp-content\/uploads\/2021\/03\/20210311_policja1.jpg\" alt=\"\" width=\"1024\" height=\"667\" srcset=\"https:\/\/moja24.pl\/wp-content\/uploads\/2021\/03\/20210311_policja1.jpg 1024w, https:\/\/moja24.pl\/wp-content\/uploads\/2021\/03\/20210311_policja1-300x195.jpg 300w, https:\/\/moja24.pl\/wp-content\/uploads\/2021\/03\/20210311_policja1-768x500.jpg 768w, https:\/\/moja24.pl\/wp-content\/uploads\/2021\/03\/20210311_policja1-696x453.jpg 696w, https:\/\/moja24.pl\/wp-content\/uploads\/2021\/03\/20210311_policja1-645x420.jpg 645w, https:\/\/moja24.pl\/wp-content\/uploads\/2021\/03\/20210311_policja1-461x300.jpg 461w\" sizes=\"auto, (max-width: 1024px) 100vw, 1024px\" \/><figcaption id=\"caption-attachment-17545\" class=\"wp-caption-text\">fot. KPP \u017bary<\/figcaption><\/figure>\n<p style=\"text-align: right;\"><span style=\"color: #999999;\"><strong>komisarz Aneta Berestecka <\/strong><\/span><br \/>\n<span style=\"color: #999999;\">Komenda Powiatowa Policji w \u017barach<\/span><\/p>\n","protected":false},"excerpt":{"rendered":"<p>POWIAT \u017bARSKI | W wyniku intensywnych dzia\u0142a\u0144 policjant\u00f3w kryminalnych z Komisariatu Policji w Lubsku, zatrzymany zosta\u0142 43-letni m\u0119\u017cczyzna. W jego mieszkaniu funkcjonariusze zabezpieczyli znaczn\u0105 ilo\u015b\u0107 \u015brodk\u00f3w odurzaj\u0105cych oraz psychotropowych. To skuteczne dzia\u0142anie w zwalczaniu przest\u0119pczo\u015bci narkotykowej. Policjanci prowadz\u0105 \u015bledztwo w tej sprawie pod nadzorem \u017carskiej Prokuratury. W minionym tygodniu kryminalni z Komisariatu Policji w Lubsku [&hellip;]<\/p>\n","protected":false},"author":4,"featured_media":17544,"comment_status":"closed","ping_status":"closed","sticky":false,"template":"","format":"standard","meta":{"_monsterinsights_skip_tracking":false,"_monsterinsights_sitenote_active":false,"_monsterinsights_sitenote_note":"","_monsterinsights_sitenote_category":0,"footnotes":""},"categories":[20,21],"tags":[58,109,513,1119,32],"class_list":["post-17546","post","type-post","status-publish","format-standard","has-post-thumbnail","hentry","category-informacje","category-wypadki-przypadki","tag-lubsko","tag-moja-gazeta","tag-narkotyki","tag-policja","tag-powiat-zarski"],"_links":{"self":[{"href":"https:\/\/moja24.pl\/index.php\/wp-json\/wp\/v2\/posts\/17546","targetHints":{"allow":["GET"]}}],"collection":[{"href":"https:\/\/moja24.pl\/index.php\/wp-json\/wp\/v2\/posts"}],"about":[{"href":"https:\/\/moja24.pl\/index.php\/wp-json\/wp\/v2\/types\/post"}],"author":[{"embeddable":true,"href":"https:\/\/moja24.pl\/index.php\/wp-json\/wp\/v2\/users\/4"}],"replies":[{"embeddable":true,"href":"https:\/\/moja24.pl\/index.php\/wp-json\/wp\/v2\/comments?post=17546"}],"version-history":[{"count":2,"href":"https:\/\/moja24.pl\/index.php\/wp-json\/wp\/v2\/posts\/17546\/revisions"}],"predecessor-version":[{"id":17548,"href":"https:\/\/moja24.pl\/index.php\/wp-json\/wp\/v2\/posts\/17546\/revisions\/17548"}],"wp:featuredmedia":[{"embeddable":true,"href":"https:\/\/moja24.pl\/index.php\/wp-json\/wp\/v2\/media\/17544"}],"wp:attachment":[{"href":"https:\/\/moja24.pl\/index.php\/wp-json\/wp\/v2\/media?parent=17546"}],"wp:term":[{"taxonomy":"category","embeddable":true,"href":"https:\/\/moja24.pl\/index.php\/wp-json\/wp\/v2\/categories?post=17546"},{"taxonomy":"post_tag","embeddable":true,"href":"https:\/\/moja24.pl\/index.php\/wp-json\/wp\/v2\/tags?post=17546"}],"curies":[{"name":"wp","href":"https:\/\/api.w.org\/{rel}","templated":true}]}}