{"id":17551,"date":"2021-03-11T15:29:01","date_gmt":"2021-03-11T14:29:01","guid":{"rendered":"https:\/\/moja24.pl\/?p=17551"},"modified":"2021-03-11T15:29:01","modified_gmt":"2021-03-11T14:29:01","slug":"koncert-na-zywo-w-kunicach-juz-w-sobote","status":"publish","type":"post","link":"https:\/\/moja24.pl\/index.php\/2021\/03\/11\/koncert-na-zywo-w-kunicach-juz-w-sobote\/","title":{"rendered":"Koncert na \u017cywo w Kunicach ju\u017c w sobot\u0119"},"content":{"rendered":"<p><strong><span style=\"color: #ff0000;\">\u017bARY<\/span> | \u017barski Dom Kultury zaprasza w sobot\u0119, 13 marca, na koncert &#8222;Baw si\u0119 razem z nami&#8221; w wykonaniu zespo\u0142u Wroc\u0142awska 7.<\/strong><\/p>\n<p>Koncert rozpocznie si\u0119 o godz. 17.00 w sali widowiskowej \u017bDK w Kunicach. Nieodp\u0142atne karty wst\u0119pu mo\u017cna odebra\u0107 w Salonie Wystaw Artystycznych przy ul. Chrobrego oraz w \u017bDK \u2013 Kunice. Koncert b\u0119dzie si\u0119 odbywa\u0142 w re\u017cimie sanitarnym. Obowi\u0105zuj\u0105 maseczki oraz dystans spo\u0142eczny.<\/p>\n<p style=\"text-align: right;\"><span style=\"color: #999999;\"><strong>ATB<\/strong><\/span><\/p>\n","protected":false},"excerpt":{"rendered":"<p>\u017bARY | \u017barski Dom Kultury zaprasza w sobot\u0119, 13 marca, na koncert &#8222;Baw si\u0119 razem z nami&#8221; w wykonaniu zespo\u0142u Wroc\u0142awska 7. Koncert rozpocznie si\u0119 o godz. 17.00 w sali widowiskowej \u017bDK w Kunicach. Nieodp\u0142atne karty wst\u0119pu mo\u017cna odebra\u0107 w Salonie Wystaw Artystycznych przy ul. Chrobrego oraz w \u017bDK \u2013 Kunice. Koncert b\u0119dzie si\u0119 odbywa\u0142 [&hellip;]<\/p>\n","protected":false},"author":4,"featured_media":17550,"comment_status":"closed","ping_status":"closed","sticky":false,"template":"","format":"standard","meta":{"_monsterinsights_skip_tracking":false,"_monsterinsights_sitenote_active":false,"_monsterinsights_sitenote_note":"","_monsterinsights_sitenote_category":0,"footnotes":""},"categories":[20,25],"tags":[1169,1238,109,2378,168,66,169],"class_list":["post-17551","post","type-post","status-publish","format-standard","has-post-thumbnail","hentry","category-informacje","category-kultura-i-rozrywka","tag-koncert","tag-kunice","tag-moja-gazeta","tag-wroclawska-7","tag-zarski-dom-kultury","tag-zary","tag-zdk"],"_links":{"self":[{"href":"https:\/\/moja24.pl\/index.php\/wp-json\/wp\/v2\/posts\/17551","targetHints":{"allow":["GET"]}}],"collection":[{"href":"https:\/\/moja24.pl\/index.php\/wp-json\/wp\/v2\/posts"}],"about":[{"href":"https:\/\/moja24.pl\/index.php\/wp-json\/wp\/v2\/types\/post"}],"author":[{"embeddable":true,"href":"https:\/\/moja24.pl\/index.php\/wp-json\/wp\/v2\/users\/4"}],"replies":[{"embeddable":true,"href":"https:\/\/moja24.pl\/index.php\/wp-json\/wp\/v2\/comments?post=17551"}],"version-history":[{"count":1,"href":"https:\/\/moja24.pl\/index.php\/wp-json\/wp\/v2\/posts\/17551\/revisions"}],"predecessor-version":[{"id":17552,"href":"https:\/\/moja24.pl\/index.php\/wp-json\/wp\/v2\/posts\/17551\/revisions\/17552"}],"wp:featuredmedia":[{"embeddable":true,"href":"https:\/\/moja24.pl\/index.php\/wp-json\/wp\/v2\/media\/17550"}],"wp:attachment":[{"href":"https:\/\/moja24.pl\/index.php\/wp-json\/wp\/v2\/media?parent=17551"}],"wp:term":[{"taxonomy":"category","embeddable":true,"href":"https:\/\/moja24.pl\/index.php\/wp-json\/wp\/v2\/categories?post=17551"},{"taxonomy":"post_tag","embeddable":true,"href":"https:\/\/moja24.pl\/index.php\/wp-json\/wp\/v2\/tags?post=17551"}],"curies":[{"name":"wp","href":"https:\/\/api.w.org\/{rel}","templated":true}]}}