{"id":17650,"date":"2021-03-18T20:39:14","date_gmt":"2021-03-18T19:39:14","guid":{"rendered":"https:\/\/moja24.pl\/?p=17650"},"modified":"2021-03-18T20:39:14","modified_gmt":"2021-03-18T19:39:14","slug":"jeszcze-troche-cierpliwosci","status":"publish","type":"post","link":"https:\/\/moja24.pl\/index.php\/2021\/03\/18\/jeszcze-troche-cierpliwosci\/","title":{"rendered":"Jeszcze troch\u0119 cierpliwo\u015bci&#8230;"},"content":{"rendered":"<p><strong><span style=\"color: #ff0000;\">\u017bARY<\/span> | Zak\u0142adano, \u017ce przebudowa ulicy Zielonog\u00f3rskiej wraz z rondem u zbiegu ulic Podchor\u0105\u017cych, \u017babikowskiej i Al. Jana Paw\u0142a II zako\u0144czy si\u0119 na prze\u0142omie marca i kwietnia. Wykonawca poprosi\u0142 jednak o przed\u0142u\u017cenie terminu. Czym to jest spowodowane?<\/strong><\/p>\n<p>Oficjalny komunikat urz\u0119du miejskiego w tej sprawie brzmi:<\/p>\n<p>&#8222;Wszystkie prace zwi\u0105zane z przebudow\u0105 ulicy Zielonog\u00f3rskiej skupi\u0142y si\u0119 w obr\u0119bie przebudowywanego ronda na PL. Konstytucji 3-go Maja. Wykonany zosta\u0142 najbardziej newralgiczny fragment nowego kolektora kanalizacji deszczowej w kierunku ul. Podchor\u0105\u017cych co umo\u017cliwi realizacj\u0119 rob\u00f3t drogowych i na dniach powinien by\u0107 widoczny znaczny post\u0119p prac zw\u0142aszcza w otoczeniu wyspy centralnej ronda.<br \/>\nNa mo\u017cliwo\u015b\u0107 realizacji rob\u00f3t zgodnie z technologi\u0105 przewidzian\u0105 w dokumentacji projektowej znacz\u0105cy wp\u0142yw maj\u0105 warunki atmosferyczne.<br \/>\nPonadto wy\u0142\u0105czenie dla ruchu ronda na Pl. Konstytucji 3-go Maja, stanowi\u0105cego jeden z g\u0142\u00f3wnych w\u0119z\u0142\u00f3w komunikacyjnych w mie\u015bcie sprzyja i umo\u017cliwia remonty istniej\u0105cej infrastruktury technicznej g\u0142\u00f3wnie wodno-kanalizacyjnej z czego korzysta r\u00f3wnie\u017c ZWiK Sp. z o.o. w \u017barach.<br \/>\nZ uwagi na przestoje w pracach spowodowane warunkami atmosferycznymi oraz konieczno\u015bci\u0105 remont\u00f3w istniej\u0105cej infrastruktury technicznej Wykonawca wyst\u0105pi\u0142 o wyd\u0142u\u017cenie terminu realizacji umowy.&#8221;<\/p>\n<figure id=\"attachment_17648\" aria-describedby=\"caption-attachment-17648\" style=\"width: 640px\" class=\"wp-caption aligncenter\"><img loading=\"lazy\" decoding=\"async\" class=\"size-large wp-image-17648\" src=\"https:\/\/moja24.pl\/wp-content\/uploads\/2021\/03\/20210318_163241-1024x768.jpg\" alt=\"\" width=\"640\" height=\"480\" srcset=\"https:\/\/moja24.pl\/wp-content\/uploads\/2021\/03\/20210318_163241-1024x768.jpg 1024w, https:\/\/moja24.pl\/wp-content\/uploads\/2021\/03\/20210318_163241-300x225.jpg 300w, https:\/\/moja24.pl\/wp-content\/uploads\/2021\/03\/20210318_163241-768x576.jpg 768w, https:\/\/moja24.pl\/wp-content\/uploads\/2021\/03\/20210318_163241-1536x1152.jpg 1536w, https:\/\/moja24.pl\/wp-content\/uploads\/2021\/03\/20210318_163241-2048x1536.jpg 2048w, https:\/\/moja24.pl\/wp-content\/uploads\/2021\/03\/20210318_163241-80x60.jpg 80w, https:\/\/moja24.pl\/wp-content\/uploads\/2021\/03\/20210318_163241-265x198.jpg 265w, https:\/\/moja24.pl\/wp-content\/uploads\/2021\/03\/20210318_163241-696x522.jpg 696w, https:\/\/moja24.pl\/wp-content\/uploads\/2021\/03\/20210318_163241-1068x801.jpg 1068w, https:\/\/moja24.pl\/wp-content\/uploads\/2021\/03\/20210318_163241-560x420.jpg 560w, https:\/\/moja24.pl\/wp-content\/uploads\/2021\/03\/20210318_163241-400x300.jpg 400w\" sizes=\"auto, (max-width: 640px) 100vw, 640px\" \/><figcaption id=\"caption-attachment-17648\" class=\"wp-caption-text\">fot. Andrzej Buczy\u0144ski<\/figcaption><\/figure>\n<p>Zak\u0142ad Wodoci\u0105g\u00f3w i Kanalizacji przeprowadzi nieplanowane wcze\u015bniej prace modernizacyjne przy instalacjach. Mo\u017ce to zaj\u0105\u0107 kilkana\u015bcie dni. Logicznym wydaje si\u0119 zrobi\u0107 to teraz, gdy teren jest rozkopany, ni\u017c czeka\u0107 na jak\u0105\u015b awari\u0119 i ry\u0107 nawierzchnie po remontach. Argument dotycz\u0105cy op\u00f3\u017anienia terminu zako\u0144czenia rob\u00f3t ze wzgl\u0119du na niesprzyjaj\u0105ce warunki atmosferyczne te\u017c wydaje si\u0119 zrozumia\u0142y. Wszyscy wiemy, jaka jest tegoroczna zima i oby si\u0119 ju\u017c sko\u0144czy\u0142a. Wygl\u0105da na to, \u017ce przez nowe rondo zim\u0105 nie przejedziemy. Trzeba poczeka\u0107 do wiosny.<\/p>\n<p style=\"text-align: right;\"><span style=\"color: #999999;\"><strong>Andrzej Buczy\u0144ski<\/strong><\/span><\/p>\n<figure id=\"attachment_17647\" aria-describedby=\"caption-attachment-17647\" style=\"width: 640px\" class=\"wp-caption aligncenter\"><img loading=\"lazy\" decoding=\"async\" class=\"size-large wp-image-17647\" src=\"https:\/\/moja24.pl\/wp-content\/uploads\/2021\/03\/20210318_163437-1024x768.jpg\" alt=\"\" width=\"640\" height=\"480\" srcset=\"https:\/\/moja24.pl\/wp-content\/uploads\/2021\/03\/20210318_163437-1024x768.jpg 1024w, https:\/\/moja24.pl\/wp-content\/uploads\/2021\/03\/20210318_163437-300x225.jpg 300w, https:\/\/moja24.pl\/wp-content\/uploads\/2021\/03\/20210318_163437-768x576.jpg 768w, https:\/\/moja24.pl\/wp-content\/uploads\/2021\/03\/20210318_163437-1536x1152.jpg 1536w, https:\/\/moja24.pl\/wp-content\/uploads\/2021\/03\/20210318_163437-2048x1536.jpg 2048w, https:\/\/moja24.pl\/wp-content\/uploads\/2021\/03\/20210318_163437-80x60.jpg 80w, https:\/\/moja24.pl\/wp-content\/uploads\/2021\/03\/20210318_163437-265x198.jpg 265w, https:\/\/moja24.pl\/wp-content\/uploads\/2021\/03\/20210318_163437-696x522.jpg 696w, https:\/\/moja24.pl\/wp-content\/uploads\/2021\/03\/20210318_163437-1068x801.jpg 1068w, https:\/\/moja24.pl\/wp-content\/uploads\/2021\/03\/20210318_163437-560x420.jpg 560w, https:\/\/moja24.pl\/wp-content\/uploads\/2021\/03\/20210318_163437-400x300.jpg 400w\" sizes=\"auto, (max-width: 640px) 100vw, 640px\" \/><figcaption id=\"caption-attachment-17647\" class=\"wp-caption-text\">fot. Andrzej Buczy\u0144ski<\/figcaption><\/figure>\n","protected":false},"excerpt":{"rendered":"<p>\u017bARY | Zak\u0142adano, \u017ce przebudowa ulicy Zielonog\u00f3rskiej wraz z rondem u zbiegu ulic Podchor\u0105\u017cych, \u017babikowskiej i Al. Jana Paw\u0142a II zako\u0144czy si\u0119 na prze\u0142omie marca i kwietnia. Wykonawca poprosi\u0142 jednak o przed\u0142u\u017cenie terminu. Czym to jest spowodowane? Oficjalny komunikat urz\u0119du miejskiego w tej sprawie brzmi: &#8222;Wszystkie prace zwi\u0105zane z przebudow\u0105 ulicy Zielonog\u00f3rskiej skupi\u0142y si\u0119 w [&hellip;]<\/p>\n","protected":false},"author":4,"featured_media":17649,"comment_status":"closed","ping_status":"closed","sticky":false,"template":"","format":"standard","meta":{"_monsterinsights_skip_tracking":false,"_monsterinsights_sitenote_active":false,"_monsterinsights_sitenote_note":"","_monsterinsights_sitenote_category":0,"footnotes":""},"categories":[20],"tags":[109,2396,2395,66,1444],"class_list":["post-17650","post","type-post","status-publish","format-standard","has-post-thumbnail","hentry","category-informacje","tag-moja-gazeta","tag-remont-drogi","tag-remont-ulicy","tag-zary","tag-zielonogorska"],"_links":{"self":[{"href":"https:\/\/moja24.pl\/index.php\/wp-json\/wp\/v2\/posts\/17650","targetHints":{"allow":["GET"]}}],"collection":[{"href":"https:\/\/moja24.pl\/index.php\/wp-json\/wp\/v2\/posts"}],"about":[{"href":"https:\/\/moja24.pl\/index.php\/wp-json\/wp\/v2\/types\/post"}],"author":[{"embeddable":true,"href":"https:\/\/moja24.pl\/index.php\/wp-json\/wp\/v2\/users\/4"}],"replies":[{"embeddable":true,"href":"https:\/\/moja24.pl\/index.php\/wp-json\/wp\/v2\/comments?post=17650"}],"version-history":[{"count":1,"href":"https:\/\/moja24.pl\/index.php\/wp-json\/wp\/v2\/posts\/17650\/revisions"}],"predecessor-version":[{"id":17651,"href":"https:\/\/moja24.pl\/index.php\/wp-json\/wp\/v2\/posts\/17650\/revisions\/17651"}],"wp:featuredmedia":[{"embeddable":true,"href":"https:\/\/moja24.pl\/index.php\/wp-json\/wp\/v2\/media\/17649"}],"wp:attachment":[{"href":"https:\/\/moja24.pl\/index.php\/wp-json\/wp\/v2\/media?parent=17650"}],"wp:term":[{"taxonomy":"category","embeddable":true,"href":"https:\/\/moja24.pl\/index.php\/wp-json\/wp\/v2\/categories?post=17650"},{"taxonomy":"post_tag","embeddable":true,"href":"https:\/\/moja24.pl\/index.php\/wp-json\/wp\/v2\/tags?post=17650"}],"curies":[{"name":"wp","href":"https:\/\/api.w.org\/{rel}","templated":true}]}}