{"id":17701,"date":"2021-03-24T12:04:56","date_gmt":"2021-03-24T11:04:56","guid":{"rendered":"https:\/\/moja24.pl\/?p=17701"},"modified":"2021-03-24T12:04:56","modified_gmt":"2021-03-24T11:04:56","slug":"nie-zatrzymal-sie-do-kontroli-zatrzymala-go-latarnia","status":"publish","type":"post","link":"https:\/\/moja24.pl\/index.php\/2021\/03\/24\/nie-zatrzymal-sie-do-kontroli-zatrzymala-go-latarnia\/","title":{"rendered":"Nie zatrzyma\u0142 si\u0119 do kontroli, zatrzyma\u0142a go latarnia"},"content":{"rendered":"<p><strong><span style=\"color: #ff0000;\">\u017bARY<\/span> | Kieruj\u0105cy passatem nie zatrzyma\u0142 si\u0119 do kontroli, spycha\u0142 radiow\u00f3z i sko\u0144czy\u0142 na przydro\u017cnej latarni. Pr\u00f3bowa\u0142 jeszcze ucieka\u0107 pieszo, ale zosta\u0142 szybko zatrzymany przez policjant\u00f3w \u017carskiego ruchu drogowego. Za zignorowanie sygna\u0142\u00f3w \u015bwietlnych i d\u017awi\u0119kowych mo\u017ce mu grozi\u0107 do 5 lat pozbawienia wolno\u015bci.<\/strong><\/p>\n<p>Ka\u017cdy kieruj\u0105cy musi wiedzie\u0107, \u017ce jego obowi\u0105zkiem jest zatrzymanie pojazdu, kiedy osoba uprawniona do kontroli ruchu drogowego, przy u\u017cyciu sygna\u0142\u00f3w d\u017awi\u0119kowych i \u015bwietlnych wydaje polecenie zatrzymania pojazdu.<\/p>\n<p>Do tego typu sytuacji dosz\u0142o w pi\u0105tek, 19 marca. Policjanci z \u017carskiej drog\u00f3wki przemieszczaj\u0105c si\u0119 ulic\u0105 Serbsk\u0105 w \u017barach, wytypowali do kontroli samoch\u00f3d marki VW Passat. W\u0142\u0105czyli sygna\u0142y \u015bwietlne i d\u017awi\u0119kowe, \u017ceby zatrzyma\u0107 do kontroli kieruj\u0105cego.<br \/>\nTen jednak zamiast si\u0119 zatrzyma\u0107, to przyspieszy\u0142. Wyprzedzi\u0142 sznur samochod\u00f3w stoj\u0105cych przed rondem i nast\u0119pnie uda\u0142 si\u0119 w kierunku miejscowo\u015bci Olbracht\u00f3w, ignoruj\u0105c sygna\u0142y nadawane przez radiow\u00f3z. W \u015blad za nim w po\u015bcig ruszyli policjanci.<\/p>\n<p>W pewnym momencie uciekinier zmuszony by\u0142 do hamowania z uwagi na pojazd znajduj\u0105cy si\u0119 przed nim. Sytuacj\u0119 wykorzystali funkcjonariusze, wyprzedzili go zr\u00f3wnuj\u0105c si\u0119 z nim zablokowali dalsz\u0105 drog\u0119 ucieczki. W\u00f3wczas kierowca vw passata odbi\u0142 w lewo<br \/>\nuderzaj\u0105c w radiow\u00f3z, a nast\u0119pnie w s\u0142up o\u015bwietlenia. Wybieg\u0142 z pojazdu i rozpocz\u0105\u0142 piesz\u0105 ucieczk\u0119. Po oko\u0142o 100 metrach zosta\u0142 zatrzymany przez funkcjonariuszy. Podczas zatrzymania t\u0142umaczy\u0142, \u017ce ucieka\u0142, poniewa\u017c nie posiada\u0142 uprawnie\u0144 do kierowania. Tester<br \/>\nnarkotykowy wykaza\u0142 obecno\u015b\u0107 amfetaminy i metamfetaminy, w zwi\u0105zku z czym od 28-letniego mieszka\u0144ca powiatu \u017carskiego pobrano krew do dalszych bada\u0144. Teraz za swoje post\u0119powanie odpowie przed S\u0105dem.<\/p>\n<p>Zignorowanie sygna\u0142\u00f3w d\u017awi\u0119kowych i \u015bwietlnych oraz kontynuowanie dalszej jazdy wi\u0105\u017ce si\u0119 z odpowiedzialno\u015bci\u0105 karn\u0105 za przest\u0119pstwo. Grozi za to kara do 5 lat pozbawienia wolno\u015bci. M\u0119\u017cczyzna odpowie tak\u017ce za zmuszenie funkcjonariuszy do zaniechania czynno\u015bci s\u0142u\u017cbowej poprzez spychanie oznakowanego radiowozu.<\/p>\n<p style=\"text-align: right;\"><strong><span style=\"color: #999999;\">komisarz Aneta Berestecka<\/span><\/strong><br \/>\n<span style=\"color: #999999;\">oficer prasowy Komendy Powiatowej Policji w \u017barach<\/span><\/p>\n","protected":false},"excerpt":{"rendered":"<p>\u017bARY | Kieruj\u0105cy passatem nie zatrzyma\u0142 si\u0119 do kontroli, spycha\u0142 radiow\u00f3z i sko\u0144czy\u0142 na przydro\u017cnej latarni. Pr\u00f3bowa\u0142 jeszcze ucieka\u0107 pieszo, ale zosta\u0142 szybko zatrzymany przez policjant\u00f3w \u017carskiego ruchu drogowego. Za zignorowanie sygna\u0142\u00f3w \u015bwietlnych i d\u017awi\u0119kowych mo\u017ce mu grozi\u0107 do 5 lat pozbawienia wolno\u015bci. Ka\u017cdy kieruj\u0105cy musi wiedzie\u0107, \u017ce jego obowi\u0105zkiem jest zatrzymanie pojazdu, kiedy osoba [&hellip;]<\/p>\n","protected":false},"author":4,"featured_media":17702,"comment_status":"closed","ping_status":"closed","sticky":false,"template":"","format":"standard","meta":{"_monsterinsights_skip_tracking":false,"_monsterinsights_sitenote_active":false,"_monsterinsights_sitenote_note":"","_monsterinsights_sitenote_category":0,"footnotes":""},"categories":[20,21],"tags":[473,109,1119,1222,66],"class_list":["post-17701","post","type-post","status-publish","format-standard","has-post-thumbnail","hentry","category-informacje","category-wypadki-przypadki","tag-komenda-powiatowa-policji-w-zarach","tag-moja-gazeta","tag-policja","tag-poscig","tag-zary"],"_links":{"self":[{"href":"https:\/\/moja24.pl\/index.php\/wp-json\/wp\/v2\/posts\/17701","targetHints":{"allow":["GET"]}}],"collection":[{"href":"https:\/\/moja24.pl\/index.php\/wp-json\/wp\/v2\/posts"}],"about":[{"href":"https:\/\/moja24.pl\/index.php\/wp-json\/wp\/v2\/types\/post"}],"author":[{"embeddable":true,"href":"https:\/\/moja24.pl\/index.php\/wp-json\/wp\/v2\/users\/4"}],"replies":[{"embeddable":true,"href":"https:\/\/moja24.pl\/index.php\/wp-json\/wp\/v2\/comments?post=17701"}],"version-history":[{"count":1,"href":"https:\/\/moja24.pl\/index.php\/wp-json\/wp\/v2\/posts\/17701\/revisions"}],"predecessor-version":[{"id":17703,"href":"https:\/\/moja24.pl\/index.php\/wp-json\/wp\/v2\/posts\/17701\/revisions\/17703"}],"wp:featuredmedia":[{"embeddable":true,"href":"https:\/\/moja24.pl\/index.php\/wp-json\/wp\/v2\/media\/17702"}],"wp:attachment":[{"href":"https:\/\/moja24.pl\/index.php\/wp-json\/wp\/v2\/media?parent=17701"}],"wp:term":[{"taxonomy":"category","embeddable":true,"href":"https:\/\/moja24.pl\/index.php\/wp-json\/wp\/v2\/categories?post=17701"},{"taxonomy":"post_tag","embeddable":true,"href":"https:\/\/moja24.pl\/index.php\/wp-json\/wp\/v2\/tags?post=17701"}],"curies":[{"name":"wp","href":"https:\/\/api.w.org\/{rel}","templated":true}]}}