{"id":17765,"date":"2021-03-30T10:44:06","date_gmt":"2021-03-30T08:44:06","guid":{"rendered":"https:\/\/moja24.pl\/?p=17765"},"modified":"2021-03-30T11:24:07","modified_gmt":"2021-03-30T09:24:07","slug":"zarskie-kamienice-do-remontu-sa-juz-dotacje-z-budzetu-miasta","status":"publish","type":"post","link":"https:\/\/moja24.pl\/index.php\/2021\/03\/30\/zarskie-kamienice-do-remontu-sa-juz-dotacje-z-budzetu-miasta\/","title":{"rendered":"\u017barskie kamienice do remontu. S\u0105 ju\u017c dotacje z bud\u017cetu miasta"},"content":{"rendered":"<p><strong><span style=\"color: #ff0000;\">\u017bARY<\/span> | Na ostatniej sesji Rady Miejskiej w \u017barach radni podj\u0119li uchwa\u0142\u0119 w sprawie udzielenia dotacji celowej z przeznaczeniem na remont kolejnych zabytkowych kamienic.<\/strong><\/p>\n<p>&#8211; W tym roku wp\u0142yn\u0119\u0142o 18 wniosk\u00f3w na kwot\u0119 ponad 700 tysi\u0119cy z\u0142otych &#8211; m\u00f3wi burmistrz \u017bar Danuta Madej. &#8211; W naszym bud\u017cecie mamy kwot\u0119 300 tysi\u0119cy z\u0142otych, w zwi\u0105zku z tym komisja konkursowa postanowi\u0142a rozdzieli\u0107 te pieni\u0105dze w\u015br\u00f3d sze\u015bciu wnioskodawc\u00f3w, kt\u00f3rzy zdobyli najwi\u0119ksz\u0105 liczb\u0119 punkt\u00f3w. Program remont\u00f3w zabytkowych kamienic cieszy si\u0119 naprawd\u0119 bardzo du\u017c\u0105 popularno\u015bci\u0105. Jest on bardzo wa\u017cny ze wzgl\u0119du na systematyczn\u0105 zmian\u0119 wizerunku naszego miasta, a tak\u017ce popraw\u0119 warunk\u00f3w \u017cycia naszych mieszka\u0144c\u00f3w.<\/p>\n<p>Przyznano dotacje na prace przy obiektach wpisanych do rejestru zabytk\u00f3w:<\/p>\n<ul>\n<li>Wsp\u00f3lnocie Mieszkaniowej ul. \u017baga\u0144ska 37-37A w wysoko\u015bci 50.000,00z\u0142 brutto z przeznaczeniem na remont elewacji budynku 37-37A,<\/li>\n<li>Wsp\u00f3lnocie Mieszkaniowej pl. Rynek 10 w wysoko\u015bci 50.000,00 z\u0142 brutto z przeznaczeniem na wykonanie prac konserwatorskich oraz rob\u00f3t budowlanych elewacji i docieplenie budynku,<\/li>\n<li>Wsp\u00f3lnocie Mieszkaniowej pl. Rynek 16 w wysoko\u015bci 50.000,00 z\u0142 brutto z przeznaczeniem na remont elewacji frontowej, termomodernizacj\u0119 elewacji zachodniej, remont klatki schodowej i remont dachu,<\/li>\n<li>Wsp\u00f3lnocie Mieszkaniowej pl. Rynek 6-7 w wysoko\u015bci 50.000,00 z\u0142 brutto z przeznaczeniem na remont klatki schodowej i remont dachu,<\/li>\n<li>Wsp\u00f3lnocie Mieszkaniowej ul. 1 Maja 1A w wysoko\u015bci 50.000,00 z\u0142 brutto z przeznaczeniem remont elewacji, renowacj\u0119 stolarki drzwiowej zewn\u0119trznej, wymian\u0119 stolarki okiennej, wzmocnienie \u015bcian, docieplenie \u015bciany zewn\u0119trznej, remont dachu, remont komin\u00f3w i \u015bcianek kolankowych i malowanie klatki schodowej,<\/li>\n<li>Wsp\u00f3lnocie Mieszkaniowej ul. Wroc\u0142awska 13 w wysoko\u015bci 50.000,00 z\u0142 brutto z przeznaczeniem na remont elewacji.<\/li>\n<\/ul>\n<figure id=\"attachment_17764\" aria-describedby=\"caption-attachment-17764\" style=\"width: 640px\" class=\"wp-caption aligncenter\"><img loading=\"lazy\" decoding=\"async\" class=\"size-large wp-image-17764\" src=\"https:\/\/moja24.pl\/wp-content\/uploads\/2021\/03\/20210329_163215-1024x768.jpg\" alt=\"\" width=\"640\" height=\"480\" srcset=\"https:\/\/moja24.pl\/wp-content\/uploads\/2021\/03\/20210329_163215-1024x768.jpg 1024w, https:\/\/moja24.pl\/wp-content\/uploads\/2021\/03\/20210329_163215-300x225.jpg 300w, https:\/\/moja24.pl\/wp-content\/uploads\/2021\/03\/20210329_163215-768x576.jpg 768w, https:\/\/moja24.pl\/wp-content\/uploads\/2021\/03\/20210329_163215-1536x1152.jpg 1536w, https:\/\/moja24.pl\/wp-content\/uploads\/2021\/03\/20210329_163215-80x60.jpg 80w, https:\/\/moja24.pl\/wp-content\/uploads\/2021\/03\/20210329_163215-265x198.jpg 265w, https:\/\/moja24.pl\/wp-content\/uploads\/2021\/03\/20210329_163215-696x522.jpg 696w, https:\/\/moja24.pl\/wp-content\/uploads\/2021\/03\/20210329_163215-1068x801.jpg 1068w, https:\/\/moja24.pl\/wp-content\/uploads\/2021\/03\/20210329_163215-560x420.jpg 560w, https:\/\/moja24.pl\/wp-content\/uploads\/2021\/03\/20210329_163215-400x300.jpg 400w, https:\/\/moja24.pl\/wp-content\/uploads\/2021\/03\/20210329_163215.jpg 2000w\" sizes=\"auto, (max-width: 640px) 100vw, 640px\" \/><figcaption id=\"caption-attachment-17764\" class=\"wp-caption-text\">pl. Rynek 16. fot. Andrzej Buczy\u0144ski<\/figcaption><\/figure>\n<p style=\"text-align: right;\"><span style=\"color: #999999;\"><strong>ATB<\/strong><\/span><\/p>\n","protected":false},"excerpt":{"rendered":"<p>\u017bARY | Na ostatniej sesji Rady Miejskiej w \u017barach radni podj\u0119li uchwa\u0142\u0119 w sprawie udzielenia dotacji celowej z przeznaczeniem na remont kolejnych zabytkowych kamienic. &#8211; W tym roku wp\u0142yn\u0119\u0142o 18 wniosk\u00f3w na kwot\u0119 ponad 700 tysi\u0119cy z\u0142otych &#8211; m\u00f3wi burmistrz \u017bar Danuta Madej. &#8211; W naszym bud\u017cecie mamy kwot\u0119 300 tysi\u0119cy z\u0142otych, w zwi\u0105zku z [&hellip;]<\/p>\n","protected":false},"author":4,"featured_media":17763,"comment_status":"closed","ping_status":"closed","sticky":false,"template":"","format":"standard","meta":{"_monsterinsights_skip_tracking":false,"_monsterinsights_sitenote_active":false,"_monsterinsights_sitenote_note":"","_monsterinsights_sitenote_category":0,"footnotes":""},"categories":[20],"tags":[315,2411,109,2412,66],"class_list":["post-17765","post","type-post","status-publish","format-standard","has-post-thumbnail","hentry","category-informacje","tag-danuta-madej","tag-dotacje-na-zabytki","tag-moja-gazeta","tag-remonty-kamienic","tag-zary"],"_links":{"self":[{"href":"https:\/\/moja24.pl\/index.php\/wp-json\/wp\/v2\/posts\/17765","targetHints":{"allow":["GET"]}}],"collection":[{"href":"https:\/\/moja24.pl\/index.php\/wp-json\/wp\/v2\/posts"}],"about":[{"href":"https:\/\/moja24.pl\/index.php\/wp-json\/wp\/v2\/types\/post"}],"author":[{"embeddable":true,"href":"https:\/\/moja24.pl\/index.php\/wp-json\/wp\/v2\/users\/4"}],"replies":[{"embeddable":true,"href":"https:\/\/moja24.pl\/index.php\/wp-json\/wp\/v2\/comments?post=17765"}],"version-history":[{"count":2,"href":"https:\/\/moja24.pl\/index.php\/wp-json\/wp\/v2\/posts\/17765\/revisions"}],"predecessor-version":[{"id":17768,"href":"https:\/\/moja24.pl\/index.php\/wp-json\/wp\/v2\/posts\/17765\/revisions\/17768"}],"wp:featuredmedia":[{"embeddable":true,"href":"https:\/\/moja24.pl\/index.php\/wp-json\/wp\/v2\/media\/17763"}],"wp:attachment":[{"href":"https:\/\/moja24.pl\/index.php\/wp-json\/wp\/v2\/media?parent=17765"}],"wp:term":[{"taxonomy":"category","embeddable":true,"href":"https:\/\/moja24.pl\/index.php\/wp-json\/wp\/v2\/categories?post=17765"},{"taxonomy":"post_tag","embeddable":true,"href":"https:\/\/moja24.pl\/index.php\/wp-json\/wp\/v2\/tags?post=17765"}],"curies":[{"name":"wp","href":"https:\/\/api.w.org\/{rel}","templated":true}]}}