{"id":17866,"date":"2021-04-12T14:25:33","date_gmt":"2021-04-12T12:25:33","guid":{"rendered":"https:\/\/moja24.pl\/?p=17866"},"modified":"2021-04-12T14:25:33","modified_gmt":"2021-04-12T12:25:33","slug":"77-lat-po-bombardowaniu","status":"publish","type":"post","link":"https:\/\/moja24.pl\/index.php\/2021\/04\/12\/77-lat-po-bombardowaniu\/","title":{"rendered":"77 lat po bombardowaniu"},"content":{"rendered":"<p><strong><span style=\"color: #ff0000;\">\u017bARY<\/span> | 11 kwietnia min\u0119\u0142o 77 lat od alianckiego bombardowania miasta. \u017barskie muzeum przygotowa\u0142o film, na kt\u00f3rym zaprezentowano zniszczenia i miejsca, kt\u00f3re dzi\u015b wygl\u0105daj\u0105 zupe\u0142nie inaczej, ni\u017c jeszcze podczas II wojny \u015bwiatowej.<\/strong><\/p>\n<p><iframe loading=\"lazy\" title=\"Bomby spad\u0142y na \u017bary. 1944\" width=\"640\" height=\"360\" src=\"https:\/\/www.youtube.com\/embed\/efN2wvbPC7o?feature=oembed\" frameborder=\"0\" allow=\"accelerometer; autoplay; clipboard-write; encrypted-media; gyroscope; picture-in-picture; web-share\" referrerpolicy=\"strict-origin-when-cross-origin\" allowfullscreen><\/iframe><\/p>\n<p style=\"text-align: right;\"><span style=\"color: #999999;\"><strong>ATB<\/strong><\/span><\/p>\n","protected":false},"excerpt":{"rendered":"<p>\u017bARY | 11 kwietnia min\u0119\u0142o 77 lat od alianckiego bombardowania miasta. \u017barskie muzeum przygotowa\u0142o film, na kt\u00f3rym zaprezentowano zniszczenia i miejsca, kt\u00f3re dzi\u015b wygl\u0105daj\u0105 zupe\u0142nie inaczej, ni\u017c jeszcze podczas II wojny \u015bwiatowej. ATB<\/p>\n","protected":false},"author":4,"featured_media":17865,"comment_status":"closed","ping_status":"closed","sticky":false,"template":"","format":"video","meta":{"_monsterinsights_skip_tracking":false,"_monsterinsights_sitenote_active":false,"_monsterinsights_sitenote_note":"","_monsterinsights_sitenote_category":0,"footnotes":""},"categories":[22,20],"tags":[2436,109,2059,274,66],"class_list":["post-17866","post","type-post","status-publish","format-video","has-post-thumbnail","hentry","category-edukacja","category-informacje","tag-bombardowanie","tag-moja-gazeta","tag-muzeum","tag-muzeum-pogranicza-slasko-luzyckiego","tag-zary","post_format-post-format-video"],"_links":{"self":[{"href":"https:\/\/moja24.pl\/index.php\/wp-json\/wp\/v2\/posts\/17866","targetHints":{"allow":["GET"]}}],"collection":[{"href":"https:\/\/moja24.pl\/index.php\/wp-json\/wp\/v2\/posts"}],"about":[{"href":"https:\/\/moja24.pl\/index.php\/wp-json\/wp\/v2\/types\/post"}],"author":[{"embeddable":true,"href":"https:\/\/moja24.pl\/index.php\/wp-json\/wp\/v2\/users\/4"}],"replies":[{"embeddable":true,"href":"https:\/\/moja24.pl\/index.php\/wp-json\/wp\/v2\/comments?post=17866"}],"version-history":[{"count":1,"href":"https:\/\/moja24.pl\/index.php\/wp-json\/wp\/v2\/posts\/17866\/revisions"}],"predecessor-version":[{"id":17867,"href":"https:\/\/moja24.pl\/index.php\/wp-json\/wp\/v2\/posts\/17866\/revisions\/17867"}],"wp:featuredmedia":[{"embeddable":true,"href":"https:\/\/moja24.pl\/index.php\/wp-json\/wp\/v2\/media\/17865"}],"wp:attachment":[{"href":"https:\/\/moja24.pl\/index.php\/wp-json\/wp\/v2\/media?parent=17866"}],"wp:term":[{"taxonomy":"category","embeddable":true,"href":"https:\/\/moja24.pl\/index.php\/wp-json\/wp\/v2\/categories?post=17866"},{"taxonomy":"post_tag","embeddable":true,"href":"https:\/\/moja24.pl\/index.php\/wp-json\/wp\/v2\/tags?post=17866"}],"curies":[{"name":"wp","href":"https:\/\/api.w.org\/{rel}","templated":true}]}}