{"id":18068,"date":"2021-04-29T13:19:14","date_gmt":"2021-04-29T11:19:14","guid":{"rendered":"https:\/\/moja24.pl\/?p=18068"},"modified":"2021-04-29T13:19:14","modified_gmt":"2021-04-29T11:19:14","slug":"grabik-z-nowa-droga-i-chodnikiem-do-marketu","status":"publish","type":"post","link":"https:\/\/moja24.pl\/index.php\/2021\/04\/29\/grabik-z-nowa-droga-i-chodnikiem-do-marketu\/","title":{"rendered":"Grabik z now\u0105 drog\u0105 i chodnikiem do marketu"},"content":{"rendered":"<p><strong><span style=\"color: #ff0000;\">GMINA \u017bARY<\/span> | Jest szansa na generalny remont fragmentu drogi wojew\u00f3dzkiej przecinaj\u0105cej Grabik.<\/strong><\/p>\n<p>Stan drogi wojew\u00f3dzkiej relacji \u017bary \u2013 Lubsko pozostawia wiele do \u017cyczenia. Na dziury w nawierzchni od lat skar\u017c\u0105 si\u0119 nie tylko kierowcy czy pasa\u017cerowie aut, ale i mieszka\u0144cy. I nic dziwnego &#8211; droga od dawna nie by\u0142a remontowana, a po ka\u017cdej zimie jej stan si\u0119 pogarsza. Teraz wszystko mo\u017ce si\u0119 zmieni\u0107, bo prace nad przebudow\u0105 kr\u00f3tkiego, bo 700-metrowego odcinka tej drogi biegn\u0105cej przez Grabik od obwodnicy \u017bar do tor\u00f3w kolejowych, s\u0105 mocno zaawansowane.<\/p>\n<p>Pierwszy krok w tym kierunku zosta\u0142 wykonany w ubieg\u0142ym tygodniu. Leszek Mro\u017cek, W\u00f3jt Gminy \u017bary, go\u015bci\u0142 w siedzibie urz\u0119du dyrektora Zarz\u0105du Dr\u00f3g Wojew\u00f3dzkich w Zielonej G\u00f3rze Paw\u0142a Tondera, naczelnika Wydzia\u0142u Dokumentacji ZDW Krzysztofa Kocika oraz radnego i szefa komisji Bud\u017cetu i Finans\u00f3w Sejmiku Wojew\u00f3dzkiego Marka Cie\u015blaka. W\u00f3jt od kilku lat zabiega o remont tego odcinka jezdni.<\/p>\n<figure id=\"attachment_18067\" aria-describedby=\"caption-attachment-18067\" style=\"width: 940px\" class=\"wp-caption aligncenter\"><img loading=\"lazy\" decoding=\"async\" class=\"size-full wp-image-18067\" src=\"https:\/\/moja24.pl\/wp-content\/uploads\/2021\/04\/20210429_ug2.jpg\" alt=\"\" width=\"940\" height=\"676\" srcset=\"https:\/\/moja24.pl\/wp-content\/uploads\/2021\/04\/20210429_ug2.jpg 940w, https:\/\/moja24.pl\/wp-content\/uploads\/2021\/04\/20210429_ug2-300x216.jpg 300w, https:\/\/moja24.pl\/wp-content\/uploads\/2021\/04\/20210429_ug2-768x552.jpg 768w, https:\/\/moja24.pl\/wp-content\/uploads\/2021\/04\/20210429_ug2-696x501.jpg 696w, https:\/\/moja24.pl\/wp-content\/uploads\/2021\/04\/20210429_ug2-584x420.jpg 584w, https:\/\/moja24.pl\/wp-content\/uploads\/2021\/04\/20210429_ug2-417x300.jpg 417w\" sizes=\"auto, (max-width: 940px) 100vw, 940px\" \/><figcaption id=\"caption-attachment-18067\" class=\"wp-caption-text\">fot. UG \u017bary<\/figcaption><\/figure>\n<p>&#8211; Chodzi tu te\u017c o bezpiecze\u0144stwo pieszych przemieszczaj\u0105cych si\u0119 w kierunku usytuowanego tym miejscu marketu &#8211; m\u00f3wi Leszek Mro\u017cek. &#8211; Z pewno\u015bci\u0105 do\u0142o\u017cymy si\u0119 do inwestycji, zreszt\u0105 podobny monta\u017c finansowy prze\u0107wiczyli\u015bmy z innymi samorz\u0105dami.<\/p>\n<p>&#8211; Boksujemy si\u0119 z t\u0105 spraw\u0105 od dawna &#8211; m\u00f3wi\u0142 podczas spotkania Marek Cie\u015blak &#8211; bo cho\u0107 to tylko 700 metr\u00f3w, to roboty b\u0119d\u0105 bardzo kosztowne. Droga biegnie przez \u015brodek Grabika, trzeba b\u0119dzie podnie\u015b\u0107 poziom jezdni, zrobi\u0107 odwodnienie i ci\u0105g pieszo-rowerowy.<\/p>\n<p>Dokumentacja ju\u017c jest. Koszt inwestycji po stronie wojew\u00f3dztwa to 4 mln 300 tys. z\u0142.<\/p>\n<figure id=\"attachment_18065\" aria-describedby=\"caption-attachment-18065\" style=\"width: 940px\" class=\"wp-caption aligncenter\"><img loading=\"lazy\" decoding=\"async\" class=\"size-full wp-image-18065\" src=\"https:\/\/moja24.pl\/wp-content\/uploads\/2021\/04\/20210429_ug3.jpg\" alt=\"\" width=\"940\" height=\"626\" srcset=\"https:\/\/moja24.pl\/wp-content\/uploads\/2021\/04\/20210429_ug3.jpg 940w, https:\/\/moja24.pl\/wp-content\/uploads\/2021\/04\/20210429_ug3-300x200.jpg 300w, https:\/\/moja24.pl\/wp-content\/uploads\/2021\/04\/20210429_ug3-768x511.jpg 768w, https:\/\/moja24.pl\/wp-content\/uploads\/2021\/04\/20210429_ug3-696x464.jpg 696w, https:\/\/moja24.pl\/wp-content\/uploads\/2021\/04\/20210429_ug3-631x420.jpg 631w, https:\/\/moja24.pl\/wp-content\/uploads\/2021\/04\/20210429_ug3-450x300.jpg 450w\" sizes=\"auto, (max-width: 940px) 100vw, 940px\" \/><figcaption id=\"caption-attachment-18065\" class=\"wp-caption-text\">fot. UG \u017bary<\/figcaption><\/figure>\n<p style=\"text-align: right;\"><span style=\"color: #999999;\"><strong>ATB<\/strong> (\u017ar\u00f3d\u0142o: UG \u017bary)<\/span><\/p>\n","protected":false},"excerpt":{"rendered":"<p>GMINA \u017bARY | Jest szansa na generalny remont fragmentu drogi wojew\u00f3dzkiej przecinaj\u0105cej Grabik. Stan drogi wojew\u00f3dzkiej relacji \u017bary \u2013 Lubsko pozostawia wiele do \u017cyczenia. Na dziury w nawierzchni od lat skar\u017c\u0105 si\u0119 nie tylko kierowcy czy pasa\u017cerowie aut, ale i mieszka\u0144cy. I nic dziwnego &#8211; droga od dawna nie by\u0142a remontowana, a po ka\u017cdej zimie [&hellip;]<\/p>\n","protected":false},"author":4,"featured_media":18066,"comment_status":"closed","ping_status":"closed","sticky":false,"template":"","format":"standard","meta":{"_monsterinsights_skip_tracking":false,"_monsterinsights_sitenote_active":false,"_monsterinsights_sitenote_note":"","_monsterinsights_sitenote_category":0,"footnotes":""},"categories":[20],"tags":[269,1460,442,1567,109],"class_list":["post-18068","post","type-post","status-publish","format-standard","has-post-thumbnail","hentry","category-informacje","tag-gmina-zary","tag-grabik","tag-leszek-mrozek","tag-marek-cieslak","tag-moja-gazeta"],"_links":{"self":[{"href":"https:\/\/moja24.pl\/index.php\/wp-json\/wp\/v2\/posts\/18068","targetHints":{"allow":["GET"]}}],"collection":[{"href":"https:\/\/moja24.pl\/index.php\/wp-json\/wp\/v2\/posts"}],"about":[{"href":"https:\/\/moja24.pl\/index.php\/wp-json\/wp\/v2\/types\/post"}],"author":[{"embeddable":true,"href":"https:\/\/moja24.pl\/index.php\/wp-json\/wp\/v2\/users\/4"}],"replies":[{"embeddable":true,"href":"https:\/\/moja24.pl\/index.php\/wp-json\/wp\/v2\/comments?post=18068"}],"version-history":[{"count":1,"href":"https:\/\/moja24.pl\/index.php\/wp-json\/wp\/v2\/posts\/18068\/revisions"}],"predecessor-version":[{"id":18069,"href":"https:\/\/moja24.pl\/index.php\/wp-json\/wp\/v2\/posts\/18068\/revisions\/18069"}],"wp:featuredmedia":[{"embeddable":true,"href":"https:\/\/moja24.pl\/index.php\/wp-json\/wp\/v2\/media\/18066"}],"wp:attachment":[{"href":"https:\/\/moja24.pl\/index.php\/wp-json\/wp\/v2\/media?parent=18068"}],"wp:term":[{"taxonomy":"category","embeddable":true,"href":"https:\/\/moja24.pl\/index.php\/wp-json\/wp\/v2\/categories?post=18068"},{"taxonomy":"post_tag","embeddable":true,"href":"https:\/\/moja24.pl\/index.php\/wp-json\/wp\/v2\/tags?post=18068"}],"curies":[{"name":"wp","href":"https:\/\/api.w.org\/{rel}","templated":true}]}}