{"id":18143,"date":"2021-05-10T11:52:11","date_gmt":"2021-05-10T09:52:11","guid":{"rendered":"https:\/\/moja24.pl\/?p=18143"},"modified":"2021-05-10T11:52:11","modified_gmt":"2021-05-10T09:52:11","slug":"gmina-inwestuje-w-swietlice-i-miejsca-rekreacji","status":"publish","type":"post","link":"https:\/\/moja24.pl\/index.php\/2021\/05\/10\/gmina-inwestuje-w-swietlice-i-miejsca-rekreacji\/","title":{"rendered":"Gmina inwestuje w \u015bwietlice i miejsca rekreacji"},"content":{"rendered":"<p><strong><span style=\"color: #ff0000;\">GMINA \u017bARY<\/span> | Malowanie, wymiana sprz\u0119t\u00f3w, instalacji grzewczych, nowe ogrodzenia i \u015bwie\u017cutkie nasadzenia &#8211; to tylko niekt\u00f3re z masy inwestycji w\u0142a\u015bnie realizowanych w \u015bwietlicach na terenie gminy \u017bary.<\/strong><\/p>\n<p>&#8211; Realizowane remonty i zakupy finansowane s\u0105 z w\u0142asnego bud\u017cetu gminy, ale spor\u0105 cz\u0119\u015b\u0107 stanowi te\u017c Fundusz So\u0142ecki &#8211; m\u00f3wi Leszek Mro\u017cek, W\u00f3jt Gminy \u017bary. &#8211; Jestem bardzo zadowolony z zaanga\u017cowania mieszka\u0144c\u00f3w poszczeg\u00f3lnych miejscowo\u015bci i serdecznie za nie dzi\u0119kuj\u0119.<\/p>\n<p>List\u0119 otwiera remont \u015bwietlicy w Sieniawie \u017barskiej, gdzie ekipa remontowa od\u015bwie\u017ca \u015bciany. W budynku zdemontowano star\u0105 nagrzewnic\u0119. W zesz\u0142ym roku nieopodal sali utwardzono te\u017c plac, wykorzystywany dzi\u015b jako parking, kt\u00f3rego ze wzgl\u0119du na lokalizacj\u0119 \u015bwietlicy, bardzo brakowa\u0142o. Termin zako\u0144czenia prac wyznaczono na koniec maja.<\/p>\n<p>W czerwcu w Kad\u0142ubii rozpocznie si\u0119 malowanie \u015bcian w wiejskiej \u015bwietlicy. W budynku wymieniono ju\u017c komin, a do kuchni zakupiono now\u0105 pi\u0119ciopalnikow\u0105 kuchenk\u0119 gazow\u0105.<br \/>\nNa boisku w \u0141azie robotnicy wymienili r\u00f3wnie\u017c fragment zniszczonego polbruku pod wiat\u0105 rekreacyjn\u0105.<\/p>\n<p>Kolejna inwestycja dotyczy Centrum Spotka\u0144 Mieszka\u0144c\u00f3w w Lubomy\u015blu. Zamontowano tam monitoring, zako\u0144czono te\u017c budow\u0119 ogrodzenia obiektu, a teren wok\u00f3\u0142 ozdobi\u0142y nowe nasadzenia.<\/p>\n<p>&#8211; W sadzenie krzew\u00f3w i drzewek zaanga\u017cowa\u0142o si\u0119 kilkunastu mieszka\u0144c\u00f3w wsi &#8211; m\u00f3wi Genowefa Jurec, so\u0142tys Lubomy\u015bla. &#8211; Ciesz\u0119 si\u0119, \u017ce zawsze mog\u0119 na nich liczy\u0107.<\/p>\n<figure id=\"attachment_18142\" aria-describedby=\"caption-attachment-18142\" style=\"width: 940px\" class=\"wp-caption aligncenter\"><img loading=\"lazy\" decoding=\"async\" class=\"size-full wp-image-18142\" src=\"https:\/\/moja24.pl\/wp-content\/uploads\/2021\/05\/20210510_swietlice2.jpg\" alt=\"\" width=\"940\" height=\"626\" srcset=\"https:\/\/moja24.pl\/wp-content\/uploads\/2021\/05\/20210510_swietlice2.jpg 940w, https:\/\/moja24.pl\/wp-content\/uploads\/2021\/05\/20210510_swietlice2-300x200.jpg 300w, https:\/\/moja24.pl\/wp-content\/uploads\/2021\/05\/20210510_swietlice2-768x511.jpg 768w, https:\/\/moja24.pl\/wp-content\/uploads\/2021\/05\/20210510_swietlice2-696x464.jpg 696w, https:\/\/moja24.pl\/wp-content\/uploads\/2021\/05\/20210510_swietlice2-631x420.jpg 631w, https:\/\/moja24.pl\/wp-content\/uploads\/2021\/05\/20210510_swietlice2-450x300.jpg 450w\" sizes=\"auto, (max-width: 940px) 100vw, 940px\" \/><figcaption id=\"caption-attachment-18142\" class=\"wp-caption-text\">fot. UG \u017bary<\/figcaption><\/figure>\n<p style=\"text-align: right;\"><span style=\"color: #999999;\"><strong>ATB<\/strong> (\u017ar\u00f3d\u0142o: UG \u017bary)<\/span><\/p>\n","protected":false},"excerpt":{"rendered":"<p>GMINA \u017bARY | Malowanie, wymiana sprz\u0119t\u00f3w, instalacji grzewczych, nowe ogrodzenia i \u015bwie\u017cutkie nasadzenia &#8211; to tylko niekt\u00f3re z masy inwestycji w\u0142a\u015bnie realizowanych w \u015bwietlicach na terenie gminy \u017bary. &#8211; Realizowane remonty i zakupy finansowane s\u0105 z w\u0142asnego bud\u017cetu gminy, ale spor\u0105 cz\u0119\u015b\u0107 stanowi te\u017c Fundusz So\u0142ecki &#8211; m\u00f3wi Leszek Mro\u017cek, W\u00f3jt Gminy \u017bary. &#8211; Jestem [&hellip;]<\/p>\n","protected":false},"author":4,"featured_media":18141,"comment_status":"closed","ping_status":"closed","sticky":false,"template":"","format":"standard","meta":{"_monsterinsights_skip_tracking":false,"_monsterinsights_sitenote_active":false,"_monsterinsights_sitenote_note":"","_monsterinsights_sitenote_category":0,"footnotes":""},"categories":[20],"tags":[2502,269,1637,442,109,2265,2501],"class_list":["post-18143","post","type-post","status-publish","format-standard","has-post-thumbnail","hentry","category-informacje","tag-genowefa-jurec","tag-gmina-zary","tag-inwestycje","tag-leszek-mrozek","tag-moja-gazeta","tag-remonty","tag-swietlice-wiejskie"],"_links":{"self":[{"href":"https:\/\/moja24.pl\/index.php\/wp-json\/wp\/v2\/posts\/18143","targetHints":{"allow":["GET"]}}],"collection":[{"href":"https:\/\/moja24.pl\/index.php\/wp-json\/wp\/v2\/posts"}],"about":[{"href":"https:\/\/moja24.pl\/index.php\/wp-json\/wp\/v2\/types\/post"}],"author":[{"embeddable":true,"href":"https:\/\/moja24.pl\/index.php\/wp-json\/wp\/v2\/users\/4"}],"replies":[{"embeddable":true,"href":"https:\/\/moja24.pl\/index.php\/wp-json\/wp\/v2\/comments?post=18143"}],"version-history":[{"count":1,"href":"https:\/\/moja24.pl\/index.php\/wp-json\/wp\/v2\/posts\/18143\/revisions"}],"predecessor-version":[{"id":18144,"href":"https:\/\/moja24.pl\/index.php\/wp-json\/wp\/v2\/posts\/18143\/revisions\/18144"}],"wp:featuredmedia":[{"embeddable":true,"href":"https:\/\/moja24.pl\/index.php\/wp-json\/wp\/v2\/media\/18141"}],"wp:attachment":[{"href":"https:\/\/moja24.pl\/index.php\/wp-json\/wp\/v2\/media?parent=18143"}],"wp:term":[{"taxonomy":"category","embeddable":true,"href":"https:\/\/moja24.pl\/index.php\/wp-json\/wp\/v2\/categories?post=18143"},{"taxonomy":"post_tag","embeddable":true,"href":"https:\/\/moja24.pl\/index.php\/wp-json\/wp\/v2\/tags?post=18143"}],"curies":[{"name":"wp","href":"https:\/\/api.w.org\/{rel}","templated":true}]}}