{"id":18167,"date":"2021-05-11T09:35:32","date_gmt":"2021-05-11T07:35:32","guid":{"rendered":"https:\/\/moja24.pl\/?p=18167"},"modified":"2021-05-11T09:35:32","modified_gmt":"2021-05-11T07:35:32","slug":"nasi-mlodzi-medalisci","status":"publish","type":"post","link":"https:\/\/moja24.pl\/index.php\/2021\/05\/11\/nasi-mlodzi-medalisci\/","title":{"rendered":"Nasi m\u0142odzi medali\u015bci"},"content":{"rendered":"<p><strong><span style=\"color: #ff0000;\">ZAPASY<\/span> | \u017barski Agros po raz kolejny udowodni\u0142, \u017ce ma zdolnych m\u0142odych zawodnik\u00f3w, kt\u00f3rzy sw\u00f3j poziom wyszkolenia z powodzeniem prezentuj\u0105 na og\u00f3lnopolskich zawodach.<\/strong><\/p>\n<p>8 maja W \u017bukowie odby\u0142 si\u0119 XXVII Memoria\u0142 H. Boreckiego i E. Wojdy, jako Og\u00f3lnopolski Turniej Zapa\u015bniczy m\u0142odzik\u00f3w w zapasach klasycznych. Bardzo dobrze spisa\u0142a si\u0119 reprezentacja \u017carskiego klubu. W turnieju wystartowa\u0142o trzech podopiecznych Macieja Korochody, kt\u00f3rzy zdobyli dwa z\u0142ote medale &#8211; Tomasz Ma\u015blanka w kategorii wagowej 41 kg i Pawe\u0142 Liberacki w kategorii wagowej 62 kg. Trzecie miejsce w swojej kategorii do 51 kg zaj\u0105\u0142 Damian Kaciniel. Zawodnikami opiekowa\u0142 si\u0119 na zawodach Bogdan K\u0119pi\u0144ski.<\/p>\n<figure id=\"attachment_18163\" aria-describedby=\"caption-attachment-18163\" style=\"width: 640px\" class=\"wp-caption aligncenter\"><img loading=\"lazy\" decoding=\"async\" class=\"size-large wp-image-18163\" src=\"https:\/\/moja24.pl\/wp-content\/uploads\/2021\/05\/20210511_agros4-1024x683.jpg\" alt=\"\" width=\"640\" height=\"427\" srcset=\"https:\/\/moja24.pl\/wp-content\/uploads\/2021\/05\/20210511_agros4-1024x683.jpg 1024w, https:\/\/moja24.pl\/wp-content\/uploads\/2021\/05\/20210511_agros4-300x200.jpg 300w, https:\/\/moja24.pl\/wp-content\/uploads\/2021\/05\/20210511_agros4-768x512.jpg 768w, https:\/\/moja24.pl\/wp-content\/uploads\/2021\/05\/20210511_agros4-1536x1024.jpg 1536w, https:\/\/moja24.pl\/wp-content\/uploads\/2021\/05\/20210511_agros4-696x464.jpg 696w, https:\/\/moja24.pl\/wp-content\/uploads\/2021\/05\/20210511_agros4-1068x712.jpg 1068w, https:\/\/moja24.pl\/wp-content\/uploads\/2021\/05\/20210511_agros4-630x420.jpg 630w, https:\/\/moja24.pl\/wp-content\/uploads\/2021\/05\/20210511_agros4-450x300.jpg 450w, https:\/\/moja24.pl\/wp-content\/uploads\/2021\/05\/20210511_agros4.jpg 1704w\" sizes=\"auto, (max-width: 640px) 100vw, 640px\" \/><figcaption id=\"caption-attachment-18163\" class=\"wp-caption-text\">fot. Agros \u017bary<\/figcaption><\/figure>\n<figure id=\"attachment_18165\" aria-describedby=\"caption-attachment-18165\" style=\"width: 640px\" class=\"wp-caption aligncenter\"><img loading=\"lazy\" decoding=\"async\" class=\"size-large wp-image-18165\" src=\"https:\/\/moja24.pl\/wp-content\/uploads\/2021\/05\/20210511_agros2-1024x683.jpg\" alt=\"\" width=\"640\" height=\"427\" srcset=\"https:\/\/moja24.pl\/wp-content\/uploads\/2021\/05\/20210511_agros2-1024x683.jpg 1024w, https:\/\/moja24.pl\/wp-content\/uploads\/2021\/05\/20210511_agros2-300x200.jpg 300w, https:\/\/moja24.pl\/wp-content\/uploads\/2021\/05\/20210511_agros2-768x512.jpg 768w, https:\/\/moja24.pl\/wp-content\/uploads\/2021\/05\/20210511_agros2-1536x1024.jpg 1536w, https:\/\/moja24.pl\/wp-content\/uploads\/2021\/05\/20210511_agros2-696x464.jpg 696w, https:\/\/moja24.pl\/wp-content\/uploads\/2021\/05\/20210511_agros2-1068x712.jpg 1068w, https:\/\/moja24.pl\/wp-content\/uploads\/2021\/05\/20210511_agros2-630x420.jpg 630w, https:\/\/moja24.pl\/wp-content\/uploads\/2021\/05\/20210511_agros2-450x300.jpg 450w, https:\/\/moja24.pl\/wp-content\/uploads\/2021\/05\/20210511_agros2.jpg 1822w\" sizes=\"auto, (max-width: 640px) 100vw, 640px\" \/><figcaption id=\"caption-attachment-18165\" class=\"wp-caption-text\">fot. Agros \u017bary<\/figcaption><\/figure>\n<figure id=\"attachment_18166\" aria-describedby=\"caption-attachment-18166\" style=\"width: 640px\" class=\"wp-caption aligncenter\"><img loading=\"lazy\" decoding=\"async\" class=\"size-large wp-image-18166\" src=\"https:\/\/moja24.pl\/wp-content\/uploads\/2021\/05\/20210511_agros3-1024x683.jpg\" alt=\"\" width=\"640\" height=\"427\" srcset=\"https:\/\/moja24.pl\/wp-content\/uploads\/2021\/05\/20210511_agros3-1024x683.jpg 1024w, https:\/\/moja24.pl\/wp-content\/uploads\/2021\/05\/20210511_agros3-300x200.jpg 300w, https:\/\/moja24.pl\/wp-content\/uploads\/2021\/05\/20210511_agros3-768x512.jpg 768w, https:\/\/moja24.pl\/wp-content\/uploads\/2021\/05\/20210511_agros3-1536x1024.jpg 1536w, https:\/\/moja24.pl\/wp-content\/uploads\/2021\/05\/20210511_agros3-696x464.jpg 696w, https:\/\/moja24.pl\/wp-content\/uploads\/2021\/05\/20210511_agros3-1068x712.jpg 1068w, https:\/\/moja24.pl\/wp-content\/uploads\/2021\/05\/20210511_agros3-630x420.jpg 630w, https:\/\/moja24.pl\/wp-content\/uploads\/2021\/05\/20210511_agros3-450x300.jpg 450w, https:\/\/moja24.pl\/wp-content\/uploads\/2021\/05\/20210511_agros3.jpg 1800w\" sizes=\"auto, (max-width: 640px) 100vw, 640px\" \/><figcaption id=\"caption-attachment-18166\" class=\"wp-caption-text\">fot. Agros \u017bary<\/figcaption><\/figure>\n<p style=\"text-align: right;\"><span style=\"color: #999999;\"><strong>ATB <\/strong>(\u017ar\u00f3d\u0142o: Agros \u017bary)<\/span><\/p>\n","protected":false},"excerpt":{"rendered":"<p>ZAPASY | \u017barski Agros po raz kolejny udowodni\u0142, \u017ce ma zdolnych m\u0142odych zawodnik\u00f3w, kt\u00f3rzy sw\u00f3j poziom wyszkolenia z powodzeniem prezentuj\u0105 na og\u00f3lnopolskich zawodach. 8 maja W \u017bukowie odby\u0142 si\u0119 XXVII Memoria\u0142 H. Boreckiego i E. Wojdy, jako Og\u00f3lnopolski Turniej Zapa\u015bniczy m\u0142odzik\u00f3w w zapasach klasycznych. Bardzo dobrze spisa\u0142a si\u0119 reprezentacja \u017carskiego klubu. W turnieju wystartowa\u0142o trzech [&hellip;]<\/p>\n","protected":false},"author":4,"featured_media":18164,"comment_status":"closed","ping_status":"closed","sticky":false,"template":"","format":"standard","meta":{"_monsterinsights_skip_tracking":false,"_monsterinsights_sitenote_active":false,"_monsterinsights_sitenote_note":"","_monsterinsights_sitenote_category":0,"footnotes":""},"categories":[20,23],"tags":[346,2508,109,2507,1064,2506,1252,66],"class_list":["post-18167","post","type-post","status-publish","format-standard","has-post-thumbnail","hentry","category-informacje","category-sport","tag-agros","tag-damian-kaciniel","tag-moja-gazeta","tag-pawel-liberacki","tag-sport","tag-tomasz-maslanka","tag-zapasy","tag-zary"],"_links":{"self":[{"href":"https:\/\/moja24.pl\/index.php\/wp-json\/wp\/v2\/posts\/18167","targetHints":{"allow":["GET"]}}],"collection":[{"href":"https:\/\/moja24.pl\/index.php\/wp-json\/wp\/v2\/posts"}],"about":[{"href":"https:\/\/moja24.pl\/index.php\/wp-json\/wp\/v2\/types\/post"}],"author":[{"embeddable":true,"href":"https:\/\/moja24.pl\/index.php\/wp-json\/wp\/v2\/users\/4"}],"replies":[{"embeddable":true,"href":"https:\/\/moja24.pl\/index.php\/wp-json\/wp\/v2\/comments?post=18167"}],"version-history":[{"count":1,"href":"https:\/\/moja24.pl\/index.php\/wp-json\/wp\/v2\/posts\/18167\/revisions"}],"predecessor-version":[{"id":18168,"href":"https:\/\/moja24.pl\/index.php\/wp-json\/wp\/v2\/posts\/18167\/revisions\/18168"}],"wp:featuredmedia":[{"embeddable":true,"href":"https:\/\/moja24.pl\/index.php\/wp-json\/wp\/v2\/media\/18164"}],"wp:attachment":[{"href":"https:\/\/moja24.pl\/index.php\/wp-json\/wp\/v2\/media?parent=18167"}],"wp:term":[{"taxonomy":"category","embeddable":true,"href":"https:\/\/moja24.pl\/index.php\/wp-json\/wp\/v2\/categories?post=18167"},{"taxonomy":"post_tag","embeddable":true,"href":"https:\/\/moja24.pl\/index.php\/wp-json\/wp\/v2\/tags?post=18167"}],"curies":[{"name":"wp","href":"https:\/\/api.w.org\/{rel}","templated":true}]}}