{"id":18181,"date":"2021-05-12T10:32:54","date_gmt":"2021-05-12T08:32:54","guid":{"rendered":"https:\/\/moja24.pl\/?p=18181"},"modified":"2021-05-12T10:32:54","modified_gmt":"2021-05-12T08:32:54","slug":"nie-przegapisz-smieciarki-wojt-zacheca-do-korzystania-z-nowych-technologii","status":"publish","type":"post","link":"https:\/\/moja24.pl\/index.php\/2021\/05\/12\/nie-przegapisz-smieciarki-wojt-zacheca-do-korzystania-z-nowych-technologii\/","title":{"rendered":"Nie przegapisz \u015bmieciarki. W\u00f3jt zach\u0119ca do korzystania z nowych technologii"},"content":{"rendered":"<p><strong><span style=\"color: #ff0000;\">GMINA \u017bARY<\/span> | Urz\u0119dnicy przygotowali nowe, proste narz\u0119dzie, dzi\u0119ki kt\u00f3remu jednym klikni\u0119ciem mo\u017cna sprawdzi\u0107 harmonogram odbioru odpad\u00f3w w swojej miejscowo\u015bci, a tak\u017ce otrzyma\u0107 przypomnienie o p\u0142atno\u015bciach za \u015bmieci.<\/strong><\/p>\n<p>&#8211; Eco Harmonogram jest us\u0142ug\u0105 skierowan\u0105 do mieszka\u0144c\u00f3w gminy, u\u0142atwiaj\u0105ca im dost\u0119p do harmonogramu wywozu odpad\u00f3w &#8211; m\u00f3wi Leszek Mro\u017cek, w\u00f3jt gminy \u017bary. &#8211; Zwi\u0119ksza ona r\u00f3wnie\u017c \u015bwiadomo\u015b\u0107 w zakresie segregacji odpad\u00f3w. To swego rodzaju \u015bci\u0105ga, rozwiewaj\u0105ca w\u0105tpliwo\u015bci dotycz\u0105ce segregacji. Aplikacja automatycznie powiadomi o nadchodz\u0105cym terminie wywozu odpad\u00f3w. System wymaga jeszcze drobnych udoskonale\u0144, ale ju\u017c zapraszamy do korzystania z tego narz\u0119dzia.<\/p>\n<p><strong>Jak to zrobi\u0107<\/strong><br \/>\nWystarczy wej\u015b\u0107 na stron\u0119 gminy \u017bary www.gminazary.pl, klikn\u0105\u0107 w baner &#8222;Harmonogram odbioru odpad\u00f3w w Twoim telefonie&#8221;, wpisa\u0107 sw\u00f3j adres\u2026 i gotowe. System w prosty i przyst\u0119pny spos\u00f3b poprowadzi przez reszt\u0119 funkcji.<\/p>\n<p>Aplikacj\u0119 mo\u017cna te\u017c w bardzo prosty spos\u00f3b zainstalowa\u0107 na kom\u00f3rk\u0119 lub tablet.<br \/>\nPrzy instalacji aplikacja automatycznie pobiera harmonogram dla wprowadzonego adresu posesji, a nast\u0119pnie przypomina o nadchodz\u0105cych terminach wywozu odpad\u00f3w.<br \/>\nAplikacja ECOharmonogram umo\u017cliwia r\u00f3wnie\u017c otrzymywanie alert\u00f3w oraz wa\u017cnych informacji lokalnych w formie powiadomie\u0144 na kom\u00f3rk\u0119. Us\u0142uga jest darmowa i zarz\u0105dzana przez gmin\u0119 \u017bary.<\/p>\n<p><strong>Obs\u0142uga aplikacji i jego instalacja na urz\u0105dzenia mobilne:<\/strong><br \/>\n<a href=\"https:\/\/www.youtube.com\/watch?v=QBLNjM7aei0\" target=\"_blank\" rel=\"noopener\">https:\/\/www.youtube.com\/watch?v=QBLNjM7aei0<\/a><br \/>\n<a href=\"https:\/\/www.youtube.com\/watch?v=5My8sdrN-DE\" target=\"_blank\" rel=\"noopener\">https:\/\/www.youtube.com\/watch?v=5My8sdrN-DE<\/a><\/p>\n<figure id=\"attachment_18147\" aria-describedby=\"caption-attachment-18147\" style=\"width: 640px\" class=\"wp-caption aligncenter\"><img loading=\"lazy\" decoding=\"async\" class=\"size-large wp-image-18147\" src=\"https:\/\/moja24.pl\/wp-content\/uploads\/2021\/05\/20210510_eko2-1024x835.jpg\" alt=\"\" width=\"640\" height=\"522\" srcset=\"https:\/\/moja24.pl\/wp-content\/uploads\/2021\/05\/20210510_eko2-1024x835.jpg 1024w, https:\/\/moja24.pl\/wp-content\/uploads\/2021\/05\/20210510_eko2-300x245.jpg 300w, https:\/\/moja24.pl\/wp-content\/uploads\/2021\/05\/20210510_eko2-768x626.jpg 768w, https:\/\/moja24.pl\/wp-content\/uploads\/2021\/05\/20210510_eko2-696x568.jpg 696w, https:\/\/moja24.pl\/wp-content\/uploads\/2021\/05\/20210510_eko2-1068x871.jpg 1068w, https:\/\/moja24.pl\/wp-content\/uploads\/2021\/05\/20210510_eko2-515x420.jpg 515w, https:\/\/moja24.pl\/wp-content\/uploads\/2021\/05\/20210510_eko2-368x300.jpg 368w, https:\/\/moja24.pl\/wp-content\/uploads\/2021\/05\/20210510_eko2.jpg 1095w\" sizes=\"auto, (max-width: 640px) 100vw, 640px\" \/><figcaption id=\"caption-attachment-18147\" class=\"wp-caption-text\">fot. www.gminazary.pl<\/figcaption><\/figure>\n<figure id=\"attachment_18148\" aria-describedby=\"caption-attachment-18148\" style=\"width: 640px\" class=\"wp-caption aligncenter\"><img loading=\"lazy\" decoding=\"async\" class=\"size-large wp-image-18148\" src=\"https:\/\/moja24.pl\/wp-content\/uploads\/2021\/05\/20210510_eko-1024x885.jpg\" alt=\"\" width=\"640\" height=\"553\" srcset=\"https:\/\/moja24.pl\/wp-content\/uploads\/2021\/05\/20210510_eko-1024x885.jpg 1024w, https:\/\/moja24.pl\/wp-content\/uploads\/2021\/05\/20210510_eko-300x259.jpg 300w, https:\/\/moja24.pl\/wp-content\/uploads\/2021\/05\/20210510_eko-768x664.jpg 768w, https:\/\/moja24.pl\/wp-content\/uploads\/2021\/05\/20210510_eko-534x462.jpg 534w, https:\/\/moja24.pl\/wp-content\/uploads\/2021\/05\/20210510_eko-696x601.jpg 696w, https:\/\/moja24.pl\/wp-content\/uploads\/2021\/05\/20210510_eko-1068x923.jpg 1068w, https:\/\/moja24.pl\/wp-content\/uploads\/2021\/05\/20210510_eko-486x420.jpg 486w, https:\/\/moja24.pl\/wp-content\/uploads\/2021\/05\/20210510_eko-347x300.jpg 347w, https:\/\/moja24.pl\/wp-content\/uploads\/2021\/05\/20210510_eko.jpg 1090w\" sizes=\"auto, (max-width: 640px) 100vw, 640px\" \/><figcaption id=\"caption-attachment-18148\" class=\"wp-caption-text\">fot. www.gminazary.pl<\/figcaption><\/figure>\n<p>ATB<\/p>\n","protected":false},"excerpt":{"rendered":"<p>GMINA \u017bARY | Urz\u0119dnicy przygotowali nowe, proste narz\u0119dzie, dzi\u0119ki kt\u00f3remu jednym klikni\u0119ciem mo\u017cna sprawdzi\u0107 harmonogram odbioru odpad\u00f3w w swojej miejscowo\u015bci, a tak\u017ce otrzyma\u0107 przypomnienie o p\u0142atno\u015bciach za \u015bmieci. &#8211; Eco Harmonogram jest us\u0142ug\u0105 skierowan\u0105 do mieszka\u0144c\u00f3w gminy, u\u0142atwiaj\u0105ca im dost\u0119p do harmonogramu wywozu odpad\u00f3w &#8211; m\u00f3wi Leszek Mro\u017cek, w\u00f3jt gminy \u017bary. &#8211; Zwi\u0119ksza ona r\u00f3wnie\u017c [&hellip;]<\/p>\n","protected":false},"author":4,"featured_media":18140,"comment_status":"closed","ping_status":"closed","sticky":false,"template":"","format":"standard","meta":{"_monsterinsights_skip_tracking":false,"_monsterinsights_sitenote_active":false,"_monsterinsights_sitenote_note":"","_monsterinsights_sitenote_category":0,"footnotes":""},"categories":[20],"tags":[2510,269,442,109,2188],"class_list":["post-18181","post","type-post","status-publish","format-standard","has-post-thumbnail","hentry","category-informacje","tag-ecoharmonogram","tag-gmina-zary","tag-leszek-mrozek","tag-moja-gazeta","tag-wywoz-odpadow"],"_links":{"self":[{"href":"https:\/\/moja24.pl\/index.php\/wp-json\/wp\/v2\/posts\/18181","targetHints":{"allow":["GET"]}}],"collection":[{"href":"https:\/\/moja24.pl\/index.php\/wp-json\/wp\/v2\/posts"}],"about":[{"href":"https:\/\/moja24.pl\/index.php\/wp-json\/wp\/v2\/types\/post"}],"author":[{"embeddable":true,"href":"https:\/\/moja24.pl\/index.php\/wp-json\/wp\/v2\/users\/4"}],"replies":[{"embeddable":true,"href":"https:\/\/moja24.pl\/index.php\/wp-json\/wp\/v2\/comments?post=18181"}],"version-history":[{"count":1,"href":"https:\/\/moja24.pl\/index.php\/wp-json\/wp\/v2\/posts\/18181\/revisions"}],"predecessor-version":[{"id":18182,"href":"https:\/\/moja24.pl\/index.php\/wp-json\/wp\/v2\/posts\/18181\/revisions\/18182"}],"wp:featuredmedia":[{"embeddable":true,"href":"https:\/\/moja24.pl\/index.php\/wp-json\/wp\/v2\/media\/18140"}],"wp:attachment":[{"href":"https:\/\/moja24.pl\/index.php\/wp-json\/wp\/v2\/media?parent=18181"}],"wp:term":[{"taxonomy":"category","embeddable":true,"href":"https:\/\/moja24.pl\/index.php\/wp-json\/wp\/v2\/categories?post=18181"},{"taxonomy":"post_tag","embeddable":true,"href":"https:\/\/moja24.pl\/index.php\/wp-json\/wp\/v2\/tags?post=18181"}],"curies":[{"name":"wp","href":"https:\/\/api.w.org\/{rel}","templated":true}]}}