{"id":1819,"date":"2017-03-06T10:28:03","date_gmt":"2017-03-06T09:28:03","guid":{"rendered":"http:\/\/moja24.pl\/?p=1819"},"modified":"2017-03-06T10:51:06","modified_gmt":"2017-03-06T09:51:06","slug":"w-jeden-dzien-z-lubuskiego-do-paryza-pragi-londynu-i-innych-miast-europy","status":"publish","type":"post","link":"https:\/\/moja24.pl\/index.php\/2017\/03\/06\/w-jeden-dzien-z-lubuskiego-do-paryza-pragi-londynu-i-innych-miast-europy\/","title":{"rendered":"W jeden dzie\u0144 z lubuskiego do Pary\u017ca, Pragi, Londynu i innych miast Europy"},"content":{"rendered":"<figure id=\"attachment_1822\" aria-describedby=\"caption-attachment-1822\" style=\"width: 300px\" class=\"wp-caption alignleft\"><img loading=\"lazy\" decoding=\"async\" class=\"wp-image-1822 size-medium\" src=\"http:\/\/moja24.pl\/wp-content\/uploads\/2017\/03\/samolot2-300x200.jpg\" width=\"300\" height=\"200\" srcset=\"https:\/\/moja24.pl\/wp-content\/uploads\/2017\/03\/samolot2-300x200.jpg 300w, https:\/\/moja24.pl\/wp-content\/uploads\/2017\/03\/samolot2-768x511.jpg 768w, https:\/\/moja24.pl\/wp-content\/uploads\/2017\/03\/samolot2-696x463.jpg 696w, https:\/\/moja24.pl\/wp-content\/uploads\/2017\/03\/samolot2-631x420.jpg 631w, https:\/\/moja24.pl\/wp-content\/uploads\/2017\/03\/samolot2.jpg 799w\" sizes=\"auto, (max-width: 300px) 100vw, 300px\" \/><figcaption id=\"caption-attachment-1822\" class=\"wp-caption-text\">Marsza\u0142ek El\u017cbieta Anna Polak zach\u0119ca do odwiedzenia lubuskiego<\/figcaption><\/figure>\n<p><strong>LOT uruchomi\u0142 wczesnoporanne po\u0142\u0105czenia z Babimostu do Warszawy i powroty z Warszawy o 22.35, kt\u00f3re umo\u017cliwi\u0105 mieszka\u0144com regionu podr\u00f3\u017cowanie do miast europejskich w zaledwie jedne dzie\u0144. Ze stolicy pierwszy samolot tego przewo\u017anika wystartowa\u0142 o 22.35, 02 marca br.<\/strong><\/p>\n<p>Prezes LOT-u Rafa\u0142 Milczarski nie kry\u0142 rado\u015bci z uruchomienia nowych po\u0142\u0105cze\u0144. &#8211; Taka oferta po\u0142\u0105cze\u0144 z Zielonej G\u00f3ry to prawdziwa rewolucja. Do tej pory pasa\u017cerowie podr\u00f3\u017cuj\u0105cy z wojew\u00f3dztwa lubuskiego mogli dotrze\u0107 drog\u0105 lotnicz\u0105 tylko do Warszawy. Dzi\u015b maj\u0105 do dyspozycji kilkadziesi\u0105t innych miast. Wczesnoporanne wyloty z Zielonej G\u00f3ry i p\u00f3\u017anowieczorne powroty sprawiaj\u0105, \u017ce podr\u00f3\u017c do Pary\u017ca, Pragi, Londynu czy Amsterdamu mo\u017cna odby\u0107 w ci\u0105gu zaledwie jednego dnia, bez noclegu. Jeste\u015bmy pewni, \u017ce taka propozycja spodoba si\u0119 mieszka\u0144com Zielonej G\u00f3ry i okolic &#8211; m\u00f3wi\u0142.<\/p>\n<p>Zgodnie z rozk\u0142adem lot\u00f3w samolot z Babimostu b\u0119dzie lata\u0142 codziennie (bez czwartk\u00f3w i niedziel) o godz. 5:45. L\u0105dowanie w Warszawie o godz. 6:50. Samolot z Warszawy startowa\u0107 b\u0119dzie codziennie (bez \u015br\u00f3d i sob\u00f3t) o godz. 22:35. W Babimo\u015bcie wyl\u0105duje o godz. 23:35.<\/p>\n<p><strong><u>Rozk\u0142ad lot\u00f3w na trasie Zielona G\u00f3ra \u2013 Warszawa \u2013 Zielona G\u00f3ra wygl\u0105da nast\u0119puj\u0105co:<\/u><\/strong><\/p>\n<p><strong>\u00a0<\/strong><\/p>\n<table>\n<tbody>\n<tr>\n<td width=\"47\"><strong>\u00a0<\/strong><\/td>\n<td width=\"180\"><strong>Zielona G\u00f3ra \u2013 Warszawa<\/strong><\/td>\n<td width=\"180\"><strong>Warszawa \u2013 Zielona G\u00f3ra<\/strong><\/td>\n<\/tr>\n<tr>\n<td width=\"47\"><strong>Pon.<\/strong><\/td>\n<td width=\"180\">5:45 \u2013 6:50<\/td>\n<td width=\"180\">22:35 \u2013 23:35<\/td>\n<\/tr>\n<tr>\n<td width=\"47\"><strong>Wt.<\/strong><\/td>\n<td width=\"180\">5:45 \u2013 6:50<\/td>\n<td width=\"180\">22:35 \u2013 23:35<\/td>\n<\/tr>\n<tr>\n<td width=\"47\"><strong>\u015ar.<\/strong><\/td>\n<td width=\"180\">5:45 \u2013 6:50<\/td>\n<td width=\"180\">&#8211;<\/td>\n<\/tr>\n<tr>\n<td width=\"47\"><strong>Czw. <\/strong><\/td>\n<td width=\"180\">&#8211;<\/td>\n<td width=\"180\">22:35 \u2013 23:35<\/td>\n<\/tr>\n<tr>\n<td width=\"47\"><strong>Pt.<\/strong><\/td>\n<td width=\"180\">5:45 \u2013 6:50<\/td>\n<td width=\"180\">22:35 \u2013 23:35<\/td>\n<\/tr>\n<tr>\n<td width=\"47\"><strong>Sob.<\/strong><\/td>\n<td width=\"180\">5:45 \u2013 6:50<\/td>\n<td width=\"180\">&#8211;<\/td>\n<\/tr>\n<tr>\n<td width=\"47\"><strong>Ndz.<\/strong><\/td>\n<td width=\"180\">&#8211;<\/td>\n<td width=\"180\">22:35 \u2013 23:35<\/td>\n<\/tr>\n<\/tbody>\n<\/table>\n<p>&nbsp;<\/p>\n<p>Dzi\u0119ki temu, \u017ce po\u0142\u0105czenie z Lubuskiego do stolicy obs\u0142ugiwa\u0107 b\u0119dzie LOT, znalaz\u0142o si\u0119 ono w siatce po\u0142\u0105cze\u0144 mi\u0119dzynarodowych. Oznacza to, \u017ce wylatuj\u0105c z Babimostu mamy szans\u0119 na przelot w r\u00f3\u017cnych kierunkach Europy, m.in. do Amsterdamu, Sztokholmu, Brukseli, Pary\u017ca, Londynu, Zurichu, Warszawy, Krakowa, Wilna, Wiednia, Mediolanu, Pragi, Budapesztu, Dusseldorfu, Frankfurtu a\/M, czy Madrytu.<\/p>\n<p>Przyk\u0142adowe cele podr\u00f3\u017cy i godziny odlot\u00f3w z Warszawy<\/p>\n<p>Amsterdam AMS 07:20\u00a0 \/ Londyn LHR 07:35\/ Lw\u00f3w\u00a0\u00a0 LWO 12:55\/<\/p>\n<p>Sztokholm ARN 08:05\u00a0 \/ Lublana LJU 09:25\u00a0 \/ Odessa ODS 11:25\/<\/p>\n<p>Bruksela BRU 07:20 \/\u00a0 Mediolan MXP 07:40\/ Zurich\u00a0 ZRH 07:40 \/<\/p>\n<p>Belgrad BEG 11:50 \/ Monachium\u00a0 MUC 07:20\/ Minsk\u00a0\u00a0\u00a0 MSQ 11:55\/<\/p>\n<p>Bukareszt BUH 11:30\/ Nicea\u00a0\u00a0 NCE 10:20\/ Pary\u017c CDG 07:25\u00a0 \/<\/p>\n<p>Kopenhaga CPH 09:10 \/ Ryga\u00a0 RIX 10:50\/\u00a0 Dusseldorf DUS 07:35\/<\/p>\n<p>Sofia\u00a0 SOF 11:05\/ Frankfurt FRA\u00a0 07:50\/ Moskwa\u00a0\u00a0 SVO 10:50\/<\/p>\n<p>Gda\u0144sk GDN 07:25\u00a0\u00a0 \/ TallinTLL 11:35\/ Genewa GVA 07:15\u00a0 \/<\/p>\n<p>Rzesz\u00f3w RZE 07:40\/ Kij\u00f3w KBP 11:35\/ Wenecja\u00a0\u00a0\u00a0 VCE 10:35\/<\/p>\n<p>Krak\u00f3w KRK 07:40\/ Wiede\u0144\u00a0\u00a0 VIE 07:20\/ Sankt Petersburg LED 10:55\/<\/p>\n<p>Wilno\u00a0 VNO 10:50<\/p>\n<p>Mo\u017cliwo\u015b\u0107 podr\u00f3\u017cowania na jednym bilecie przez Warszaw\u0119, opr\u00f3cz dost\u0119pu do atrakcyjnych ofert przewo\u017anika, chroni pasa\u017cera przed niechcianymi problemami w podr\u00f3\u017cy, np. spowodowanymi z\u0142ymi warunkami pogodowymi lub innymi komplikacjami technicznymi. W tej sytuacji przewo\u017anik zapewnia opiek\u0119 klienta od pocz\u0105tku do ko\u0144ca podr\u00f3\u017cy, w tym. min. wygodn\u0105 zmian\u0119 rezerwacji.<\/p>\n<p>Istnieje tak\u017ce szansa, \u017ce z czasem przewo\u017anicy obcy oferuj\u0105cy loty z Warszawy mog\u0105 uzgodni\u0107 z PLL LOT nowe atrakcyjne taryfy dla podr\u00f3\u017cuj\u0105cych z i do Zielonej G\u00f3ry. Od teraz jest to mo\u017cliwe.<\/p>\n<p><em>\u0179r\u00f3d\u0142o: Urz\u0105d Marsza\u0142kowski Wojew\u00f3dztwa Lubuskiego<\/em><\/p>\n<p>&nbsp;<\/p>\n<p>&nbsp;<\/p>\n","protected":false},"excerpt":{"rendered":"<p>LOT uruchomi\u0142 wczesnoporanne po\u0142\u0105czenia z Babimostu do Warszawy i powroty z Warszawy o 22.35, kt\u00f3re umo\u017cliwi\u0105 mieszka\u0144com regionu podr\u00f3\u017cowanie do miast europejskich w zaledwie jedne dzie\u0144. Ze stolicy pierwszy samolot tego przewo\u017anika wystartowa\u0142 o 22.35, 02 marca br. Prezes LOT-u Rafa\u0142 Milczarski nie kry\u0142 rado\u015bci z uruchomienia nowych po\u0142\u0105cze\u0144. &#8211; Taka oferta po\u0142\u0105cze\u0144 z Zielonej [&hellip;]<\/p>\n","protected":false},"author":2,"featured_media":1821,"comment_status":"closed","ping_status":"closed","sticky":false,"template":"","format":"standard","meta":{"_monsterinsights_skip_tracking":false,"_monsterinsights_sitenote_active":false,"_monsterinsights_sitenote_note":"","_monsterinsights_sitenote_category":0,"footnotes":""},"categories":[20],"tags":[302,218,217,53,146,52,74,300,303,299,109,158,301,110,229,298,73,49,66],"class_list":["post-1819","post","type-post","status-publish","format-standard","has-post-thumbnail","hentry","category-informacje","tag-babimost","tag-gazeta-lokalna-zary","tag-gazeta-regionalna-zary","tag-informacje-lubuskie","tag-informacje-powiat-zary","tag-informacje-zagan","tag-informacje-zary","tag-lot","tag-lotnisko-babimost","tag-marszalek-wojewodztwa-elzbieta-polak","tag-moja-gazeta","tag-moja24-pl","tag-polskie-linie-lotnicze-lot","tag-tygodnik-moja-gazeta","tag-tygodnik-regionalny-moja-gazeta","tag-urzad-marszalkowski-wojewodztwa-lubuskiego","tag-wiadomosci-zary","tag-zagan","tag-zary"],"_links":{"self":[{"href":"https:\/\/moja24.pl\/index.php\/wp-json\/wp\/v2\/posts\/1819","targetHints":{"allow":["GET"]}}],"collection":[{"href":"https:\/\/moja24.pl\/index.php\/wp-json\/wp\/v2\/posts"}],"about":[{"href":"https:\/\/moja24.pl\/index.php\/wp-json\/wp\/v2\/types\/post"}],"author":[{"embeddable":true,"href":"https:\/\/moja24.pl\/index.php\/wp-json\/wp\/v2\/users\/2"}],"replies":[{"embeddable":true,"href":"https:\/\/moja24.pl\/index.php\/wp-json\/wp\/v2\/comments?post=1819"}],"version-history":[{"count":3,"href":"https:\/\/moja24.pl\/index.php\/wp-json\/wp\/v2\/posts\/1819\/revisions"}],"predecessor-version":[{"id":1824,"href":"https:\/\/moja24.pl\/index.php\/wp-json\/wp\/v2\/posts\/1819\/revisions\/1824"}],"wp:featuredmedia":[{"embeddable":true,"href":"https:\/\/moja24.pl\/index.php\/wp-json\/wp\/v2\/media\/1821"}],"wp:attachment":[{"href":"https:\/\/moja24.pl\/index.php\/wp-json\/wp\/v2\/media?parent=1819"}],"wp:term":[{"taxonomy":"category","embeddable":true,"href":"https:\/\/moja24.pl\/index.php\/wp-json\/wp\/v2\/categories?post=1819"},{"taxonomy":"post_tag","embeddable":true,"href":"https:\/\/moja24.pl\/index.php\/wp-json\/wp\/v2\/tags?post=1819"}],"curies":[{"name":"wp","href":"https:\/\/api.w.org\/{rel}","templated":true}]}}