{"id":18222,"date":"2021-05-14T10:11:39","date_gmt":"2021-05-14T08:11:39","guid":{"rendered":"https:\/\/moja24.pl\/?p=18222"},"modified":"2021-05-14T10:11:39","modified_gmt":"2021-05-14T08:11:39","slug":"dobra-wiadomosc-dla-lasu","status":"publish","type":"post","link":"https:\/\/moja24.pl\/index.php\/2021\/05\/14\/dobra-wiadomosc-dla-lasu\/","title":{"rendered":"Dobra wiadomo\u015b\u0107&#8230; dla lasu"},"content":{"rendered":"<p><strong><span style=\"color: #ff0000;\">POWIAT \u017bARSKI<\/span> | W kwietniu na terenie le\u015bnictwa Marianka w Nadle\u015bnictwie Lubsko, oko\u0142o 100 m od drogi Brody \u2013 Zasieki le\u015bnicy natrafili na stert\u0119 odpad\u00f3w, g\u0142\u00f3wnie opon, kt\u00f3re kto\u015b po prostu wywali\u0142 do lasu. Okaza\u0142o si\u0119, \u017ce samych opon jest tam oko\u0142o 700!<\/strong><\/p>\n<p>13 maja przeprowadzono akcj\u0119 sprz\u0105tania tego terenu. Sprz\u0105tni\u0119cia podj\u0119\u0142a si\u0119 nieodp\u0142atnie firma RECYKL ze \u015aremu, kt\u00f3ra ma mi\u0119dzy innymi sw\u00f3j oddzia\u0142 w Kro\u015bnie Odrza\u0144skim. Przy uprz\u0105taniu odpad\u00f3w oraz za\u0142adunku opon spo\u0142ecznie wzi\u0119li udzia\u0142 tak\u017ce pracownicy firmy SklepOpon.pl z Krakowa, kt\u00f3rzy wcze\u015bniej r\u00f3wnie\u017c zadeklarowali nieodp\u0142atn\u0105 pomoc.<\/p>\n<p>Ca\u0142y czas trwaj\u0105 dzia\u0142ania maj\u0105ce na celu ustalenie sprawcy. Prowadz\u0105 je zar\u00f3wno stra\u017c le\u015bna, jak i policja. Zabezpieczono kilka opon, kt\u00f3re maj\u0105 pos\u0142u\u017cy\u0107, jako dowody w sprawie.<\/p>\n<p><iframe loading=\"lazy\" title=\"Akcja sprz\u0105tania sterty opon w lesie\" width=\"640\" height=\"360\" src=\"https:\/\/www.youtube.com\/embed\/1j8RpiRuxqU?feature=oembed\" frameborder=\"0\" allow=\"accelerometer; autoplay; clipboard-write; encrypted-media; gyroscope; picture-in-picture; web-share\" referrerpolicy=\"strict-origin-when-cross-origin\" allowfullscreen><\/iframe><\/p>\n<figure id=\"attachment_18221\" aria-describedby=\"caption-attachment-18221\" style=\"width: 1500px\" class=\"wp-caption aligncenter\"><img loading=\"lazy\" decoding=\"async\" class=\"wp-image-18221 size-full\" src=\"https:\/\/moja24.pl\/wp-content\/uploads\/2021\/05\/20210514_las1.jpg\" alt=\"\" width=\"1500\" height=\"945\" srcset=\"https:\/\/moja24.pl\/wp-content\/uploads\/2021\/05\/20210514_las1.jpg 1500w, https:\/\/moja24.pl\/wp-content\/uploads\/2021\/05\/20210514_las1-300x189.jpg 300w, https:\/\/moja24.pl\/wp-content\/uploads\/2021\/05\/20210514_las1-1024x645.jpg 1024w, https:\/\/moja24.pl\/wp-content\/uploads\/2021\/05\/20210514_las1-768x484.jpg 768w, https:\/\/moja24.pl\/wp-content\/uploads\/2021\/05\/20210514_las1-696x438.jpg 696w, https:\/\/moja24.pl\/wp-content\/uploads\/2021\/05\/20210514_las1-1068x673.jpg 1068w, https:\/\/moja24.pl\/wp-content\/uploads\/2021\/05\/20210514_las1-667x420.jpg 667w, https:\/\/moja24.pl\/wp-content\/uploads\/2021\/05\/20210514_las1-476x300.jpg 476w\" sizes=\"auto, (max-width: 1500px) 100vw, 1500px\" \/><figcaption id=\"caption-attachment-18221\" class=\"wp-caption-text\">fot. Pawe\u0142 Mrowi\u0144ski<\/figcaption><\/figure>\n<p style=\"text-align: right;\"><span style=\"color: #999999;\"><strong>ATB<\/strong><\/span><\/p>\n","protected":false},"excerpt":{"rendered":"<p>POWIAT \u017bARSKI | W kwietniu na terenie le\u015bnictwa Marianka w Nadle\u015bnictwie Lubsko, oko\u0142o 100 m od drogi Brody \u2013 Zasieki le\u015bnicy natrafili na stert\u0119 odpad\u00f3w, g\u0142\u00f3wnie opon, kt\u00f3re kto\u015b po prostu wywali\u0142 do lasu. Okaza\u0142o si\u0119, \u017ce samych opon jest tam oko\u0142o 700! 13 maja przeprowadzono akcj\u0119 sprz\u0105tania tego terenu. Sprz\u0105tni\u0119cia podj\u0119\u0142a si\u0119 nieodp\u0142atnie firma [&hellip;]<\/p>\n","protected":false},"author":4,"featured_media":18220,"comment_status":"closed","ping_status":"closed","sticky":false,"template":"","format":"standard","meta":{"_monsterinsights_skip_tracking":false,"_monsterinsights_sitenote_active":false,"_monsterinsights_sitenote_note":"","_monsterinsights_sitenote_category":0,"footnotes":""},"categories":[20],"tags":[109,2470,2472,32],"class_list":["post-18222","post","type-post","status-publish","format-standard","has-post-thumbnail","hentry","category-informacje","tag-moja-gazeta","tag-nadlesnictwo-lubsko","tag-opony","tag-powiat-zarski"],"_links":{"self":[{"href":"https:\/\/moja24.pl\/index.php\/wp-json\/wp\/v2\/posts\/18222","targetHints":{"allow":["GET"]}}],"collection":[{"href":"https:\/\/moja24.pl\/index.php\/wp-json\/wp\/v2\/posts"}],"about":[{"href":"https:\/\/moja24.pl\/index.php\/wp-json\/wp\/v2\/types\/post"}],"author":[{"embeddable":true,"href":"https:\/\/moja24.pl\/index.php\/wp-json\/wp\/v2\/users\/4"}],"replies":[{"embeddable":true,"href":"https:\/\/moja24.pl\/index.php\/wp-json\/wp\/v2\/comments?post=18222"}],"version-history":[{"count":3,"href":"https:\/\/moja24.pl\/index.php\/wp-json\/wp\/v2\/posts\/18222\/revisions"}],"predecessor-version":[{"id":18225,"href":"https:\/\/moja24.pl\/index.php\/wp-json\/wp\/v2\/posts\/18222\/revisions\/18225"}],"wp:featuredmedia":[{"embeddable":true,"href":"https:\/\/moja24.pl\/index.php\/wp-json\/wp\/v2\/media\/18220"}],"wp:attachment":[{"href":"https:\/\/moja24.pl\/index.php\/wp-json\/wp\/v2\/media?parent=18222"}],"wp:term":[{"taxonomy":"category","embeddable":true,"href":"https:\/\/moja24.pl\/index.php\/wp-json\/wp\/v2\/categories?post=18222"},{"taxonomy":"post_tag","embeddable":true,"href":"https:\/\/moja24.pl\/index.php\/wp-json\/wp\/v2\/tags?post=18222"}],"curies":[{"name":"wp","href":"https:\/\/api.w.org\/{rel}","templated":true}]}}