{"id":18282,"date":"2021-05-17T19:48:05","date_gmt":"2021-05-17T17:48:05","guid":{"rendered":"https:\/\/moja24.pl\/?p=18282"},"modified":"2021-05-17T19:48:05","modified_gmt":"2021-05-17T17:48:05","slug":"na-co-wydac-milion-z-miejskiej-kasy-zaranie-zdecyduja","status":"publish","type":"post","link":"https:\/\/moja24.pl\/index.php\/2021\/05\/17\/na-co-wydac-milion-z-miejskiej-kasy-zaranie-zdecyduja\/","title":{"rendered":"Na co wyda\u0107 milion z miejskiej kasy? \u017baranie zdecyduj\u0105"},"content":{"rendered":"<p><strong><span style=\"color: #ff0000;\">\u017bARY <\/span>| Rusza kolejna edycja \u017carskiego Bud\u017cetu Obywatelskiego. Pierwszy etap to zbieranie propozycji od mieszka\u0144c\u00f3w. Te mo\u017cna sk\u0142ada\u0107 ju\u017c od wtorku, 18 maja. Pomys\u0142y b\u0119d\u0105 zbierane do 1 czerwca.<\/strong><\/p>\n<p>Zasady zg\u0142aszania i spos\u00f3b wyboru projekt\u00f3w b\u0119d\u0105 podobne, jak w latach poprzednich. Propozycje zada\u0144 do realizacji mo\u017cna sk\u0142ada\u0107 od 18 maja poprzez stron\u0119 internetow\u0105 https:\/\/zary.konsultacjejst.pl\/budzet-obywatelski<br \/>\nNajciekawsze pomys\u0142y, kt\u00f3re ostatecznie zbior\u0105 najwi\u0119ksz\u0105 liczb\u0119 g\u0142os\u00f3w w\u015br\u00f3d mieszka\u0144c\u00f3w miasta, zostan\u0105 wpisane do bud\u017cetu i zrealizowane w przysz\u0142ym roku.<\/p>\n<p><strong>Harmonogram:<\/strong><\/p>\n<ul>\n<li>18.05.2021 &#8211; 1.06.2021 r. &#8211; Sk\u0142adanie przez mieszka\u0144c\u00f3w propozycji i zada\u0144 do Bud\u017cetu Obywatelskiego na 2022 r.<\/li>\n<li>do 21.06.2021 &#8211; Ustalenie przez Zesp\u00f3\u0142 do wdro\u017cenia Bud\u017cetu Obywatelskiego miasta \u017bary wst\u0119pnej listy projekt\u00f3w i zada\u0144 do g\u0142osowania.<\/li>\n<li>23.06.2021 &#8211; 25.06.2021 &#8211; Sk\u0142adanie odwo\u0142a\u0144 od oceny merytorycznej.<\/li>\n<li>do 2.07.2021 &#8211; Rozpatrzenie z\u0142o\u017conych odwo\u0142a\u0144.<\/li>\n<li>do 5.07.2021 &#8211; Opublikowanie ostatecznej listy projekt\u00f3w zatwierdzonych do g\u0142osowania.<\/li>\n<li>8.07.2021 &#8211; 15.08.2021 &#8211; G\u0142osowanie nad propozycjami.<\/li>\n<li>do 31.08.2021 &#8211; Og\u0142oszenie przedsi\u0119wzi\u0119\u0107 wybranych w g\u0142osowaniu, kt\u00f3re zostan\u0105 wpisane do projektu bud\u017cetu miasta na 2022 r.<\/li>\n<\/ul>\n<p><strong>W celu uzgodnienia procedur oraz wdro\u017cenia do realizacji Bud\u017cetu Obywatelskiego na rok 2022 zarz\u0105dzeniem burmistrza powo\u0142ano zesp\u00f3\u0142 w sk\u0142adzie:<\/strong><br \/>\n1) Ireneusz Brzezi\u0144ski \u2013 Naczelnik WGP \u2013 Przewodnicz\u0105cy<br \/>\n2) Patryk Fali\u0144ski \u2013 I Zast\u0119pca Burmistrza Miasta \u017bary \u2013 Cz\u0142onek<br \/>\n3) Olaf Napi\u00f3rkowski \u2013 II Zast\u0119pca Burmistrza Miasta \u017bary \u2013 Cz\u0142onek<br \/>\n4) Olga Bory\u0144 \u2013 Sekretarz Gminy \u017bary o statusie miejskim \u2013 Cz\u0142onek<br \/>\n5) Rafa\u0142 Fularski \u2013 Naczelnik WIT \u2013 Cz\u0142onek<br \/>\n6) Daniel Babula \u2013 Zast\u0119pca Naczelnik WIT \u2013 Cz\u0142onek<br \/>\n7) Agnieszka Izdebska \u2013Naczelnik WZK \u2013 Cz\u0142onek<br \/>\n8) Joanna Wojak \u2013 Skarbnik Gminy \u017bary o statusie miejskim \u2013 Cz\u0142onek<br \/>\n9) Przemys\u0142aw Urban \u2013 Inspektor WGP \u2013 Cz\u0142onek<br \/>\n10) Karolina Kaczmarska \u2013 Radca Prawny \u2013 Cz\u0142onek<br \/>\n11) Wojciech Knap \u2013 G\u0142\u00f3wny Specjalista WA \u2013 Cz\u0142onek<br \/>\n12) Marek Iwlew \u2013 Naczelnik GA \u2013 Cz\u0142onek<br \/>\n13) \u0141ukasz Rubczy\u0144ski \u2013 Radny \u2013 Cz\u0142onek<br \/>\n14) Adrian Jaworski \u2013 Radny \u2013 Cz\u0142onek<br \/>\n15) Marcin Grubizna \u2013 Radny \u2013 Cz\u0142onek.<\/p>\n<figure id=\"attachment_18281\" aria-describedby=\"caption-attachment-18281\" style=\"width: 640px\" class=\"wp-caption aligncenter\"><a href=\"https:\/\/zary.konsultacjejst.pl\/budzet-obywatelski\"><img loading=\"lazy\" decoding=\"async\" class=\"size-large wp-image-18281\" src=\"https:\/\/moja24.pl\/wp-content\/uploads\/2021\/05\/20210517_bo1-1024x506.jpg\" alt=\"\" width=\"640\" height=\"316\" srcset=\"https:\/\/moja24.pl\/wp-content\/uploads\/2021\/05\/20210517_bo1-1024x506.jpg 1024w, https:\/\/moja24.pl\/wp-content\/uploads\/2021\/05\/20210517_bo1-300x148.jpg 300w, https:\/\/moja24.pl\/wp-content\/uploads\/2021\/05\/20210517_bo1-768x379.jpg 768w, https:\/\/moja24.pl\/wp-content\/uploads\/2021\/05\/20210517_bo1-1536x758.jpg 1536w, https:\/\/moja24.pl\/wp-content\/uploads\/2021\/05\/20210517_bo1-324x160.jpg 324w, https:\/\/moja24.pl\/wp-content\/uploads\/2021\/05\/20210517_bo1-696x344.jpg 696w, https:\/\/moja24.pl\/wp-content\/uploads\/2021\/05\/20210517_bo1-1068x527.jpg 1068w, https:\/\/moja24.pl\/wp-content\/uploads\/2021\/05\/20210517_bo1-851x420.jpg 851w, https:\/\/moja24.pl\/wp-content\/uploads\/2021\/05\/20210517_bo1-608x300.jpg 608w, https:\/\/moja24.pl\/wp-content\/uploads\/2021\/05\/20210517_bo1.jpg 1841w\" sizes=\"auto, (max-width: 640px) 100vw, 640px\" \/><\/a><figcaption id=\"caption-attachment-18281\" class=\"wp-caption-text\">zary.konsultacjejst.pl\/budzet-obywatelski<\/figcaption><\/figure>\n<p style=\"text-align: right;\"><span style=\"color: #999999;\"><strong>ATB<\/strong><\/span><\/p>\n","protected":false},"excerpt":{"rendered":"<p>\u017bARY | Rusza kolejna edycja \u017carskiego Bud\u017cetu Obywatelskiego. Pierwszy etap to zbieranie propozycji od mieszka\u0144c\u00f3w. Te mo\u017cna sk\u0142ada\u0107 ju\u017c od wtorku, 18 maja. Pomys\u0142y b\u0119d\u0105 zbierane do 1 czerwca. Zasady zg\u0142aszania i spos\u00f3b wyboru projekt\u00f3w b\u0119d\u0105 podobne, jak w latach poprzednich. Propozycje zada\u0144 do realizacji mo\u017cna sk\u0142ada\u0107 od 18 maja poprzez stron\u0119 internetow\u0105 https:\/\/zary.konsultacjejst.pl\/budzet-obywatelski Najciekawsze [&hellip;]<\/p>\n","protected":false},"author":4,"featured_media":18280,"comment_status":"closed","ping_status":"closed","sticky":false,"template":"","format":"standard","meta":{"_monsterinsights_skip_tracking":false,"_monsterinsights_sitenote_active":false,"_monsterinsights_sitenote_note":"","_monsterinsights_sitenote_category":0,"footnotes":""},"categories":[20,2384],"tags":[735,109,66],"class_list":["post-18282","post","type-post","status-publish","format-standard","has-post-thumbnail","hentry","category-informacje","category-ogloszenia","tag-budzet-obywatelski","tag-moja-gazeta","tag-zary"],"_links":{"self":[{"href":"https:\/\/moja24.pl\/index.php\/wp-json\/wp\/v2\/posts\/18282","targetHints":{"allow":["GET"]}}],"collection":[{"href":"https:\/\/moja24.pl\/index.php\/wp-json\/wp\/v2\/posts"}],"about":[{"href":"https:\/\/moja24.pl\/index.php\/wp-json\/wp\/v2\/types\/post"}],"author":[{"embeddable":true,"href":"https:\/\/moja24.pl\/index.php\/wp-json\/wp\/v2\/users\/4"}],"replies":[{"embeddable":true,"href":"https:\/\/moja24.pl\/index.php\/wp-json\/wp\/v2\/comments?post=18282"}],"version-history":[{"count":1,"href":"https:\/\/moja24.pl\/index.php\/wp-json\/wp\/v2\/posts\/18282\/revisions"}],"predecessor-version":[{"id":18283,"href":"https:\/\/moja24.pl\/index.php\/wp-json\/wp\/v2\/posts\/18282\/revisions\/18283"}],"wp:featuredmedia":[{"embeddable":true,"href":"https:\/\/moja24.pl\/index.php\/wp-json\/wp\/v2\/media\/18280"}],"wp:attachment":[{"href":"https:\/\/moja24.pl\/index.php\/wp-json\/wp\/v2\/media?parent=18282"}],"wp:term":[{"taxonomy":"category","embeddable":true,"href":"https:\/\/moja24.pl\/index.php\/wp-json\/wp\/v2\/categories?post=18282"},{"taxonomy":"post_tag","embeddable":true,"href":"https:\/\/moja24.pl\/index.php\/wp-json\/wp\/v2\/tags?post=18282"}],"curies":[{"name":"wp","href":"https:\/\/api.w.org\/{rel}","templated":true}]}}