{"id":18306,"date":"2021-05-18T21:48:39","date_gmt":"2021-05-18T19:48:39","guid":{"rendered":"https:\/\/moja24.pl\/?p=18306"},"modified":"2021-05-18T21:48:39","modified_gmt":"2021-05-18T19:48:39","slug":"znicze-na-grobie-zarskiego-weterana","status":"publish","type":"post","link":"https:\/\/moja24.pl\/index.php\/2021\/05\/18\/znicze-na-grobie-zarskiego-weterana\/","title":{"rendered":"Znicze na grobie \u017carskiego weterana"},"content":{"rendered":"<p><strong><span style=\"color: #ff0000;\">\u017bARY<\/span> | Policjanci z \u017carskiej komendy wraz z uczestnikami &#8222;Motocyklowego Rajdu Weteran\u00f3w&#8221; zapalili znicze na grobie podkomisarza Andrzeja Bulera &#8211; policjanta, kt\u00f3ry zgin\u0105\u0142 na misji w Bo\u015bni i Hercegowinie.<\/strong><\/p>\n<p>Dzie\u0144 Weterana Dzia\u0142a\u0144 poza Granicami Pa\u0144stwa to polskie \u015bwi\u0119to obchodzone 29 maja. Ustanowione zosta\u0142o przez Sejm Rzeczypospolitej Polskiej w 2011 roku. W zwi\u0105zku ze zbli\u017caj\u0105cymi si\u0119 obchodami tego \u015bwi\u0119ta, Centrum Weterana Dzia\u0142a\u0144 poza Granicami Pa\u0144stwa realizuje projekt &#8222;Motocyklowy Rajd Weteran\u00f3w&#8221;. Jego ide\u0105 jest odwiedzenie przez<br \/>\nmotocyklist\u00f3w do dnia 29 maja grob\u00f3w poleg\u0142ych na misjach zagranicznych \u017co\u0142nierzy, policjant\u00f3w i funkcjonariusza SOP, w ca\u0142ej Polsce.<\/p>\n<p>W poniedzia\u0142ek, 17 maja, uczestnicy rajdu pojawili si\u0119 w \u017barach. Wsp\u00f3lnie z policjantami z \u017carskiej komendy odwiedzili gr\u00f3b podkomisarza Andrzeja Bulera, gdzie zapalili znicze. To wspania\u0142a inicjatywa dzi\u0119ki, kt\u00f3rej pami\u0119\u0107 po poleg\u0142ym nie zaginie.<\/p>\n<p>Podkomisarz Andrzej Buler s\u0142u\u017cb\u0119 pe\u0142ni\u0142 miedzy innymi w \u017carskiej komendzie. Od 1992 roku by\u0142 trzykrotnie delegowany do grupy policyjnej polskiego kontyngentu si\u0142 pokojowych ONZ w by\u0142ej Jugos\u0142awii. Oddany s\u0142u\u017cbie, wykazywa\u0142 si\u0119 odwag\u0105 godn\u0105 podziwu i opanowaniem w dramatycznych sytuacjach. Uczestniczy\u0142 w negocjacjach pomi\u0119dzy walcz\u0105cymi stronami. Nara\u017caj\u0105c \u017cycie, pod ogniem snajper\u00f3w, u\u0142atwi\u0142 wymian\u0119 je\u0144c\u00f3w wojennych, uchod\u017ac\u00f3w i os\u00f3b wysiedlonych. Zorganizowa\u0142 ewakuacj\u0119 110 student\u00f3w zagranicznych z Sarajewa w najbardziej trudnych i niebezpiecznych warunkach. W dniu 17 wrze\u015bnia 1997 roku, wykonuj\u0105c obowi\u0105zki s\u0142u\u017cbowe na terenie Bo\u015bni-Hercegowiny, poni\u00f3s\u0142 \u015bmier\u0107 w katastrofie helikoptera ONZ.<\/p>\n<p>Za po\u015bwi\u0119cenie, ofiarno\u015b\u0107 i odwag\u0119 odznaczony by\u0142 dwukrotnie br\u0105zowym medalem ONZ za s\u0142u\u017cb\u0119 w oddziale ochrony ONZ (unprofor) oraz wyr\u00f3\u017cnieniem dow\u00f3dcy i listem pochwalnym komisarza wojskowego. Ponadto by\u0142 odznaczony medalem &#8222;Za Zas\u0142ugi dla Obronno\u015bci Kraju&#8221; i &#8222;Z\u0142otym Krzy\u017cem Zas\u0142ugi&#8221;.<\/p>\n<figure id=\"attachment_18305\" aria-describedby=\"caption-attachment-18305\" style=\"width: 640px\" class=\"wp-caption aligncenter\"><img loading=\"lazy\" decoding=\"async\" class=\"size-large wp-image-18305\" src=\"https:\/\/moja24.pl\/wp-content\/uploads\/2021\/05\/20210518_policja2-1024x683.jpg\" alt=\"\" width=\"640\" height=\"427\" srcset=\"https:\/\/moja24.pl\/wp-content\/uploads\/2021\/05\/20210518_policja2-1024x683.jpg 1024w, https:\/\/moja24.pl\/wp-content\/uploads\/2021\/05\/20210518_policja2-300x200.jpg 300w, https:\/\/moja24.pl\/wp-content\/uploads\/2021\/05\/20210518_policja2-768x512.jpg 768w, https:\/\/moja24.pl\/wp-content\/uploads\/2021\/05\/20210518_policja2-696x464.jpg 696w, https:\/\/moja24.pl\/wp-content\/uploads\/2021\/05\/20210518_policja2-1068x712.jpg 1068w, https:\/\/moja24.pl\/wp-content\/uploads\/2021\/05\/20210518_policja2-630x420.jpg 630w, https:\/\/moja24.pl\/wp-content\/uploads\/2021\/05\/20210518_policja2-450x300.jpg 450w, https:\/\/moja24.pl\/wp-content\/uploads\/2021\/05\/20210518_policja2.jpg 1200w\" sizes=\"auto, (max-width: 640px) 100vw, 640px\" \/><figcaption id=\"caption-attachment-18305\" class=\"wp-caption-text\">fot. KPP \u017bary<\/figcaption><\/figure>\n<figure id=\"attachment_18303\" aria-describedby=\"caption-attachment-18303\" style=\"width: 640px\" class=\"wp-caption aligncenter\"><img loading=\"lazy\" decoding=\"async\" class=\"size-large wp-image-18303\" src=\"https:\/\/moja24.pl\/wp-content\/uploads\/2021\/05\/20210518_policja3-1024x683.jpg\" alt=\"\" width=\"640\" height=\"427\" srcset=\"https:\/\/moja24.pl\/wp-content\/uploads\/2021\/05\/20210518_policja3-1024x683.jpg 1024w, https:\/\/moja24.pl\/wp-content\/uploads\/2021\/05\/20210518_policja3-300x200.jpg 300w, https:\/\/moja24.pl\/wp-content\/uploads\/2021\/05\/20210518_policja3-768x512.jpg 768w, https:\/\/moja24.pl\/wp-content\/uploads\/2021\/05\/20210518_policja3-696x464.jpg 696w, https:\/\/moja24.pl\/wp-content\/uploads\/2021\/05\/20210518_policja3-1068x712.jpg 1068w, https:\/\/moja24.pl\/wp-content\/uploads\/2021\/05\/20210518_policja3-630x420.jpg 630w, https:\/\/moja24.pl\/wp-content\/uploads\/2021\/05\/20210518_policja3-450x300.jpg 450w, https:\/\/moja24.pl\/wp-content\/uploads\/2021\/05\/20210518_policja3.jpg 1131w\" sizes=\"auto, (max-width: 640px) 100vw, 640px\" \/><figcaption id=\"caption-attachment-18303\" class=\"wp-caption-text\">fot. KPP \u017bary<\/figcaption><\/figure>\n<p style=\"text-align: right;\"><strong><span style=\"color: #999999;\">komisarz Aneta Berestecka<\/span><\/strong><br \/>\n<span style=\"color: #999999;\">Komenda Powiatowa Policji w \u017barach<\/span><\/p>\n","protected":false},"excerpt":{"rendered":"<p>\u017bARY | Policjanci z \u017carskiej komendy wraz z uczestnikami &#8222;Motocyklowego Rajdu Weteran\u00f3w&#8221; zapalili znicze na grobie podkomisarza Andrzeja Bulera &#8211; policjanta, kt\u00f3ry zgin\u0105\u0142 na misji w Bo\u015bni i Hercegowinie. Dzie\u0144 Weterana Dzia\u0142a\u0144 poza Granicami Pa\u0144stwa to polskie \u015bwi\u0119to obchodzone 29 maja. Ustanowione zosta\u0142o przez Sejm Rzeczypospolitej Polskiej w 2011 roku. W zwi\u0105zku ze zbli\u017caj\u0105cymi si\u0119 [&hellip;]<\/p>\n","protected":false},"author":4,"featured_media":18304,"comment_status":"closed","ping_status":"closed","sticky":false,"template":"","format":"standard","meta":{"_monsterinsights_skip_tracking":false,"_monsterinsights_sitenote_active":false,"_monsterinsights_sitenote_note":"","_monsterinsights_sitenote_category":0,"footnotes":""},"categories":[20],"tags":[2522,473,109,2521,1119,66],"class_list":["post-18306","post","type-post","status-publish","format-standard","has-post-thumbnail","hentry","category-informacje","tag-andrzej-buler","tag-komenda-powiatowa-policji-w-zarach","tag-moja-gazeta","tag-motocyklowy-rajd-weteranow","tag-policja","tag-zary"],"_links":{"self":[{"href":"https:\/\/moja24.pl\/index.php\/wp-json\/wp\/v2\/posts\/18306","targetHints":{"allow":["GET"]}}],"collection":[{"href":"https:\/\/moja24.pl\/index.php\/wp-json\/wp\/v2\/posts"}],"about":[{"href":"https:\/\/moja24.pl\/index.php\/wp-json\/wp\/v2\/types\/post"}],"author":[{"embeddable":true,"href":"https:\/\/moja24.pl\/index.php\/wp-json\/wp\/v2\/users\/4"}],"replies":[{"embeddable":true,"href":"https:\/\/moja24.pl\/index.php\/wp-json\/wp\/v2\/comments?post=18306"}],"version-history":[{"count":1,"href":"https:\/\/moja24.pl\/index.php\/wp-json\/wp\/v2\/posts\/18306\/revisions"}],"predecessor-version":[{"id":18307,"href":"https:\/\/moja24.pl\/index.php\/wp-json\/wp\/v2\/posts\/18306\/revisions\/18307"}],"wp:featuredmedia":[{"embeddable":true,"href":"https:\/\/moja24.pl\/index.php\/wp-json\/wp\/v2\/media\/18304"}],"wp:attachment":[{"href":"https:\/\/moja24.pl\/index.php\/wp-json\/wp\/v2\/media?parent=18306"}],"wp:term":[{"taxonomy":"category","embeddable":true,"href":"https:\/\/moja24.pl\/index.php\/wp-json\/wp\/v2\/categories?post=18306"},{"taxonomy":"post_tag","embeddable":true,"href":"https:\/\/moja24.pl\/index.php\/wp-json\/wp\/v2\/tags?post=18306"}],"curies":[{"name":"wp","href":"https:\/\/api.w.org\/{rel}","templated":true}]}}