{"id":18556,"date":"2021-06-08T09:44:31","date_gmt":"2021-06-08T07:44:31","guid":{"rendered":"https:\/\/moja24.pl\/?p=18556"},"modified":"2021-06-08T09:44:31","modified_gmt":"2021-06-08T07:44:31","slug":"nie-spoczywaja-na-laurach","status":"publish","type":"post","link":"https:\/\/moja24.pl\/index.php\/2021\/06\/08\/nie-spoczywaja-na-laurach\/","title":{"rendered":"Nie spoczywaj\u0105 na laurach"},"content":{"rendered":"<p><strong><span style=\"color: #ff0000;\">ZAPASY<\/span> | Najm\u0142odsi zawodnicy MLKS AGROS \u017bary maj\u0105 za sob\u0105 pracowity weekend. W sobot\u0119 m\u0142odzicy rywalizowali w Wa\u0142brzychu. Niedziela to Bogusz\u00f3w-Gorce i walki m\u0142odziczek.<\/strong><\/p>\n<p>Ch\u0142opcy pokazali charakter i w zawodach Mi\u0119dzywojew\u00f3dzkiej Ligi m\u0142odzik\u00f3w zaj\u0119li II miejsce w klasyfikacji dru\u017cynowej turnieju (sklasyfikowano 17 ekip). Indywidualnie medale dla Agrosu zdobyli: Kuba Bender i Bruno Radwa\u0144ski &#8211; z\u0142oto; Damian Kaciniel, Kacper Nowakowski, Oskar Jedut &#8211; srebro; Oskar Klimek, Maciej Waszczy\u0144ski, Kacper Pecyna, Tomasz Ma\u015blanka i Wiktor B\u0142aszczyk &#8211; br\u0105z.<\/p>\n<p>Dziewcz\u0119ta startowa\u0142y w Dolno\u015bl\u0105skie Lidze m\u0142odziczek. Zawody odby\u0142y si\u0119 tradycyjnie w Boguszowie-Gorcach. Br\u0105zowe medale turnieju wywalczy\u0142y: Klaudia Nowak, Jacqueline Bergman, Oliwia Biega\u0144ska i Eliza \u0141ukasiewicz.<\/p>\n<p>Kolejne starty Agrosu ju\u017c niebawem. 19 czerwca walcz\u0105 dziewcz\u0119ta &#8211; Dolno\u015bl\u0105ska Liga m\u0142odziczek &#8211; Bogusz\u00f3w-Gorce. Ch\u0142opcy 26 czerwca w Starej Kamienicy, po raz ostatni przed wakacjami, zawalcz\u0105 w Mi\u0119dzywojew\u00f3dzkiej Lidze m\u0142odzik\u00f3w.<\/p>\n<figure id=\"attachment_18554\" aria-describedby=\"caption-attachment-18554\" style=\"width: 640px\" class=\"wp-caption aligncenter\"><img loading=\"lazy\" decoding=\"async\" class=\"size-large wp-image-18554\" src=\"https:\/\/moja24.pl\/wp-content\/uploads\/2021\/06\/20210608_zapasy2-1024x768.jpg\" alt=\"\" width=\"640\" height=\"480\" srcset=\"https:\/\/moja24.pl\/wp-content\/uploads\/2021\/06\/20210608_zapasy2-1024x768.jpg 1024w, https:\/\/moja24.pl\/wp-content\/uploads\/2021\/06\/20210608_zapasy2-300x225.jpg 300w, https:\/\/moja24.pl\/wp-content\/uploads\/2021\/06\/20210608_zapasy2-768x576.jpg 768w, https:\/\/moja24.pl\/wp-content\/uploads\/2021\/06\/20210608_zapasy2-1536x1152.jpg 1536w, https:\/\/moja24.pl\/wp-content\/uploads\/2021\/06\/20210608_zapasy2-80x60.jpg 80w, https:\/\/moja24.pl\/wp-content\/uploads\/2021\/06\/20210608_zapasy2-265x198.jpg 265w, https:\/\/moja24.pl\/wp-content\/uploads\/2021\/06\/20210608_zapasy2-696x522.jpg 696w, https:\/\/moja24.pl\/wp-content\/uploads\/2021\/06\/20210608_zapasy2-1068x801.jpg 1068w, https:\/\/moja24.pl\/wp-content\/uploads\/2021\/06\/20210608_zapasy2-560x420.jpg 560w, https:\/\/moja24.pl\/wp-content\/uploads\/2021\/06\/20210608_zapasy2-400x300.jpg 400w, https:\/\/moja24.pl\/wp-content\/uploads\/2021\/06\/20210608_zapasy2.jpg 2048w\" sizes=\"auto, (max-width: 640px) 100vw, 640px\" \/><figcaption id=\"caption-attachment-18554\" class=\"wp-caption-text\">fot. Agros \u017bary<\/figcaption><\/figure>\n<figure id=\"attachment_18553\" aria-describedby=\"caption-attachment-18553\" style=\"width: 640px\" class=\"wp-caption aligncenter\"><img loading=\"lazy\" decoding=\"async\" class=\"size-large wp-image-18553\" src=\"https:\/\/moja24.pl\/wp-content\/uploads\/2021\/06\/20210608_zapasy1-1024x768.jpg\" alt=\"\" width=\"640\" height=\"480\" srcset=\"https:\/\/moja24.pl\/wp-content\/uploads\/2021\/06\/20210608_zapasy1-1024x768.jpg 1024w, https:\/\/moja24.pl\/wp-content\/uploads\/2021\/06\/20210608_zapasy1-300x225.jpg 300w, https:\/\/moja24.pl\/wp-content\/uploads\/2021\/06\/20210608_zapasy1-768x576.jpg 768w, https:\/\/moja24.pl\/wp-content\/uploads\/2021\/06\/20210608_zapasy1-1536x1152.jpg 1536w, https:\/\/moja24.pl\/wp-content\/uploads\/2021\/06\/20210608_zapasy1-80x60.jpg 80w, https:\/\/moja24.pl\/wp-content\/uploads\/2021\/06\/20210608_zapasy1-265x198.jpg 265w, https:\/\/moja24.pl\/wp-content\/uploads\/2021\/06\/20210608_zapasy1-696x522.jpg 696w, https:\/\/moja24.pl\/wp-content\/uploads\/2021\/06\/20210608_zapasy1-1068x801.jpg 1068w, https:\/\/moja24.pl\/wp-content\/uploads\/2021\/06\/20210608_zapasy1-560x420.jpg 560w, https:\/\/moja24.pl\/wp-content\/uploads\/2021\/06\/20210608_zapasy1-400x300.jpg 400w, https:\/\/moja24.pl\/wp-content\/uploads\/2021\/06\/20210608_zapasy1.jpg 2048w\" sizes=\"auto, (max-width: 640px) 100vw, 640px\" \/><figcaption id=\"caption-attachment-18553\" class=\"wp-caption-text\">fot. Agros \u017bary<\/figcaption><\/figure>\n<p style=\"text-align: right;\"><span style=\"color: #999999;\"><strong>ATB (\u017ar\u00f3d\u0142o: Agros \u017bary)<\/strong><\/span><\/p>\n","protected":false},"excerpt":{"rendered":"<p>ZAPASY | Najm\u0142odsi zawodnicy MLKS AGROS \u017bary maj\u0105 za sob\u0105 pracowity weekend. W sobot\u0119 m\u0142odzicy rywalizowali w Wa\u0142brzychu. Niedziela to Bogusz\u00f3w-Gorce i walki m\u0142odziczek. Ch\u0142opcy pokazali charakter i w zawodach Mi\u0119dzywojew\u00f3dzkiej Ligi m\u0142odzik\u00f3w zaj\u0119li II miejsce w klasyfikacji dru\u017cynowej turnieju (sklasyfikowano 17 ekip). Indywidualnie medale dla Agrosu zdobyli: Kuba Bender i Bruno Radwa\u0144ski &#8211; z\u0142oto; [&hellip;]<\/p>\n","protected":false},"author":4,"featured_media":18555,"comment_status":"closed","ping_status":"closed","sticky":false,"template":"","format":"standard","meta":{"_monsterinsights_skip_tracking":false,"_monsterinsights_sitenote_active":false,"_monsterinsights_sitenote_note":"","_monsterinsights_sitenote_category":0,"footnotes":""},"categories":[20,23],"tags":[346,109,1064,1252,66],"class_list":["post-18556","post","type-post","status-publish","format-standard","has-post-thumbnail","hentry","category-informacje","category-sport","tag-agros","tag-moja-gazeta","tag-sport","tag-zapasy","tag-zary"],"_links":{"self":[{"href":"https:\/\/moja24.pl\/index.php\/wp-json\/wp\/v2\/posts\/18556","targetHints":{"allow":["GET"]}}],"collection":[{"href":"https:\/\/moja24.pl\/index.php\/wp-json\/wp\/v2\/posts"}],"about":[{"href":"https:\/\/moja24.pl\/index.php\/wp-json\/wp\/v2\/types\/post"}],"author":[{"embeddable":true,"href":"https:\/\/moja24.pl\/index.php\/wp-json\/wp\/v2\/users\/4"}],"replies":[{"embeddable":true,"href":"https:\/\/moja24.pl\/index.php\/wp-json\/wp\/v2\/comments?post=18556"}],"version-history":[{"count":1,"href":"https:\/\/moja24.pl\/index.php\/wp-json\/wp\/v2\/posts\/18556\/revisions"}],"predecessor-version":[{"id":18557,"href":"https:\/\/moja24.pl\/index.php\/wp-json\/wp\/v2\/posts\/18556\/revisions\/18557"}],"wp:featuredmedia":[{"embeddable":true,"href":"https:\/\/moja24.pl\/index.php\/wp-json\/wp\/v2\/media\/18555"}],"wp:attachment":[{"href":"https:\/\/moja24.pl\/index.php\/wp-json\/wp\/v2\/media?parent=18556"}],"wp:term":[{"taxonomy":"category","embeddable":true,"href":"https:\/\/moja24.pl\/index.php\/wp-json\/wp\/v2\/categories?post=18556"},{"taxonomy":"post_tag","embeddable":true,"href":"https:\/\/moja24.pl\/index.php\/wp-json\/wp\/v2\/tags?post=18556"}],"curies":[{"name":"wp","href":"https:\/\/api.w.org\/{rel}","templated":true}]}}