{"id":1856,"date":"2017-03-07T14:53:23","date_gmt":"2017-03-07T13:53:23","guid":{"rendered":"http:\/\/moja24.pl\/?p=1856"},"modified":"2017-03-07T14:53:23","modified_gmt":"2017-03-07T13:53:23","slug":"przedszkolaki-z-lubska-robia-mydlo","status":"publish","type":"post","link":"https:\/\/moja24.pl\/index.php\/2017\/03\/07\/przedszkolaki-z-lubska-robia-mydlo\/","title":{"rendered":"Przedszkolaki z Lubska robi\u0105 myd\u0142o"},"content":{"rendered":"<p><strong>Dzieci z Przedszkola nr3 w Lubsku\u00a0wzi\u0119\u0142y udzia\u0142 w warsztatach mydlanych.<\/strong><\/p>\n<p>Podczas specjalnie przygotowanych zaj\u0119\u0107 dzieci dowiedzia\u0142y si\u0119, jak powstaje myd\u0142o. Samodzielnie dokona\u0142y wyboru aromat\u00f3w, barwnik\u00f3w i foremek, kt\u00f3rych u\u017cyto do wykonania myde\u0142. Ka\u017cde z przedszkolak\u00f3w zgodnie z poleceniami prowadz\u0105cej kolejno umieszcza\u0142o w gumowych foremkach r\u00f3\u017cne rzeczy, kt\u00f3re pozwoli\u0142y im wykona\u0107 w\u0142asne myde\u0142ka. W momencie, gdy myd\u0142a zastyga\u0142y cz\u0119\u015b\u0107 z dzieci sta\u0142a si\u0119 aktorami i przedstawili histori\u0119 myd\u0142a. Na zako\u0144czenie warsztat\u00f3w ka\u017cde dziecko otrzyma\u0142o myde\u0142ko w wybranym przez siebie kolorze, zapachu i kszta\u0142cie.<\/p>\n<div id='gallery-1' class='gallery galleryid-1856 gallery-columns-4 gallery-size-thumbnail'><figure class='gallery-item'>\n\t\t\t<div class='gallery-icon portrait'>\n\t\t\t\t<a href='https:\/\/moja24.pl\/wp-content\/uploads\/2017\/03\/myd\u0142o-5.jpg'><img loading=\"lazy\" decoding=\"async\" width=\"150\" height=\"150\" src=\"https:\/\/moja24.pl\/wp-content\/uploads\/2017\/03\/myd\u0142o-5-150x150.jpg\" class=\"attachment-thumbnail size-thumbnail\" alt=\"\" \/><\/a>\n\t\t\t<\/div><\/figure><figure class='gallery-item'>\n\t\t\t<div class='gallery-icon portrait'>\n\t\t\t\t<a href='https:\/\/moja24.pl\/wp-content\/uploads\/2017\/03\/myd\u0142o-4.jpg'><img loading=\"lazy\" decoding=\"async\" width=\"150\" height=\"150\" src=\"https:\/\/moja24.pl\/wp-content\/uploads\/2017\/03\/myd\u0142o-4-150x150.jpg\" class=\"attachment-thumbnail size-thumbnail\" alt=\"\" \/><\/a>\n\t\t\t<\/div><\/figure><figure class='gallery-item'>\n\t\t\t<div class='gallery-icon portrait'>\n\t\t\t\t<a href='https:\/\/moja24.pl\/wp-content\/uploads\/2017\/03\/myd\u0142o-2.jpg'><img loading=\"lazy\" decoding=\"async\" width=\"150\" height=\"150\" src=\"https:\/\/moja24.pl\/wp-content\/uploads\/2017\/03\/myd\u0142o-2-150x150.jpg\" class=\"attachment-thumbnail size-thumbnail\" alt=\"\" \/><\/a>\n\t\t\t<\/div><\/figure><figure class='gallery-item'>\n\t\t\t<div class='gallery-icon portrait'>\n\t\t\t\t<a href='https:\/\/moja24.pl\/wp-content\/uploads\/2017\/03\/myd\u0142o-1.jpg'><img loading=\"lazy\" decoding=\"async\" width=\"150\" height=\"150\" src=\"https:\/\/moja24.pl\/wp-content\/uploads\/2017\/03\/myd\u0142o-1-150x150.jpg\" class=\"attachment-thumbnail size-thumbnail\" alt=\"\" \/><\/a>\n\t\t\t<\/div><\/figure>\n\t\t<\/div>\n\n<p><em>foto i tekst Ma\u0142gorzata Piek\u0142o<\/em><\/p>\n","protected":false},"excerpt":{"rendered":"<p>Dzieci z Przedszkola nr3 w Lubsku\u00a0wzi\u0119\u0142y udzia\u0142 w warsztatach mydlanych. Podczas specjalnie przygotowanych zaj\u0119\u0107 dzieci dowiedzia\u0142y si\u0119, jak powstaje myd\u0142o. Samodzielnie dokona\u0142y wyboru aromat\u00f3w, barwnik\u00f3w i foremek, kt\u00f3rych u\u017cyto do wykonania myde\u0142. Ka\u017cde z przedszkolak\u00f3w zgodnie z poleceniami prowadz\u0105cej kolejno umieszcza\u0142o w gumowych foremkach r\u00f3\u017cne rzeczy, kt\u00f3re pozwoli\u0142y im wykona\u0107 w\u0142asne myde\u0142ka. W momencie, gdy [&hellip;]<\/p>\n","protected":false},"author":2,"featured_media":1862,"comment_status":"closed","ping_status":"closed","sticky":false,"template":"","format":"standard","meta":{"_monsterinsights_skip_tracking":false,"_monsterinsights_sitenote_active":false,"_monsterinsights_sitenote_note":"","_monsterinsights_sitenote_category":0,"footnotes":""},"categories":[29],"tags":[65,116,53,146,109,158,157,156,164,110,232,111,115,113],"class_list":["post-1856","post","type-post","status-publish","format-standard","has-post-thumbnail","hentry","category-kontakt-24","tag-gmina-lubsko","tag-informacje-lubsko","tag-informacje-lubuskie","tag-informacje-powiat-zary","tag-moja-gazeta","tag-moja24-pl","tag-portal-informacyjny-moja-gazeta","tag-portal-informacyjny-moja24-pl","tag-portal-moja24-pl","tag-tygodnik-moja-gazeta","tag-tygodnik-regionalny-lubsko","tag-tygodnik-zary","tag-wiadomosci-z-lubska","tag-wiadomosci-z-zar"],"_links":{"self":[{"href":"https:\/\/moja24.pl\/index.php\/wp-json\/wp\/v2\/posts\/1856","targetHints":{"allow":["GET"]}}],"collection":[{"href":"https:\/\/moja24.pl\/index.php\/wp-json\/wp\/v2\/posts"}],"about":[{"href":"https:\/\/moja24.pl\/index.php\/wp-json\/wp\/v2\/types\/post"}],"author":[{"embeddable":true,"href":"https:\/\/moja24.pl\/index.php\/wp-json\/wp\/v2\/users\/2"}],"replies":[{"embeddable":true,"href":"https:\/\/moja24.pl\/index.php\/wp-json\/wp\/v2\/comments?post=1856"}],"version-history":[{"count":3,"href":"https:\/\/moja24.pl\/index.php\/wp-json\/wp\/v2\/posts\/1856\/revisions"}],"predecessor-version":[{"id":1864,"href":"https:\/\/moja24.pl\/index.php\/wp-json\/wp\/v2\/posts\/1856\/revisions\/1864"}],"wp:featuredmedia":[{"embeddable":true,"href":"https:\/\/moja24.pl\/index.php\/wp-json\/wp\/v2\/media\/1862"}],"wp:attachment":[{"href":"https:\/\/moja24.pl\/index.php\/wp-json\/wp\/v2\/media?parent=1856"}],"wp:term":[{"taxonomy":"category","embeddable":true,"href":"https:\/\/moja24.pl\/index.php\/wp-json\/wp\/v2\/categories?post=1856"},{"taxonomy":"post_tag","embeddable":true,"href":"https:\/\/moja24.pl\/index.php\/wp-json\/wp\/v2\/tags?post=1856"}],"curies":[{"name":"wp","href":"https:\/\/api.w.org\/{rel}","templated":true}]}}