{"id":18572,"date":"2021-06-10T08:29:24","date_gmt":"2021-06-10T06:29:24","guid":{"rendered":"https:\/\/moja24.pl\/?p=18572"},"modified":"2021-06-10T08:29:24","modified_gmt":"2021-06-10T06:29:24","slug":"finalisci-z-zarskiej-dwojki","status":"publish","type":"post","link":"https:\/\/moja24.pl\/index.php\/2021\/06\/10\/finalisci-z-zarskiej-dwojki\/","title":{"rendered":"Finali\u015bci z \u017carskiej Dw\u00f3jki"},"content":{"rendered":"<p><strong><span style=\"color: #ff0000;\">\u017bARY<\/span> | Uczniowie Szko\u0142y Podstawowej nr 2 w \u017barach zostali finalistami konkurs\u00f3w przedmiotowych organizowanych przez Kuratorium O\u015bwiaty w Gorzowie Wielkopolskim.<\/strong><\/p>\n<p>Hanna Kiwerc z j\u0119zyka angielskiego, Pawe\u0142 Piskorz z geografii, Patrycja Borecka i Olga Paczkowska z biologii. W konkursie z j\u0119zyka angielskiego wystartowa\u0142o 114 uczni\u00f3w z ca\u0142ego wojew\u00f3dztwa. Hania przygotowywa\u0142a si\u0119 pod okiem Alicji Skrabalak. W konkursie z biologii wzi\u0119\u0142o udzia\u0142 37 uczni\u00f3w z ca\u0142ego wojew\u00f3dztwa, w tym Patrycja i Olga. Uczennice przygotowywa\u0142y si\u0119 pod okiem Adrianny Wrony-Dobek. W konkursie z geografii wystartowa\u0142y 43 osoby, w tym Pawe\u0142, kt\u00f3ry przygotowywa\u0142 si\u0119 pod okiem Anny \u017ba\u0142obowskiej.<\/p>\n<p>Uczniowie \u017carskiej Dw\u00f3jki po\u015bwi\u0119cili wiele czasu i ci\u0119\u017cko pracowali, przygotowuj\u0105c si\u0119 do konkurs\u00f3w. 8 czerwca odebrali za\u015bwiadczenia Lubuskiego Kuratora O\u015bwiaty, kt\u00f3re wr\u0119czy\u0142a im dyrektor szko\u0142y Marzena Mosakowska-Wrona.<\/p>\n<p style=\"text-align: right;\"><span style=\"color: #999999;\"><strong>nades\u0142ane<\/strong><\/span><\/p>\n","protected":false},"excerpt":{"rendered":"<p>\u017bARY | Uczniowie Szko\u0142y Podstawowej nr 2 w \u017barach zostali finalistami konkurs\u00f3w przedmiotowych organizowanych przez Kuratorium O\u015bwiaty w Gorzowie Wielkopolskim. Hanna Kiwerc z j\u0119zyka angielskiego, Pawe\u0142 Piskorz z geografii, Patrycja Borecka i Olga Paczkowska z biologii. W konkursie z j\u0119zyka angielskiego wystartowa\u0142o 114 uczni\u00f3w z ca\u0142ego wojew\u00f3dztwa. Hania przygotowywa\u0142a si\u0119 pod okiem Alicji Skrabalak. W [&hellip;]<\/p>\n","protected":false},"author":4,"featured_media":18571,"comment_status":"closed","ping_status":"closed","sticky":false,"template":"","format":"standard","meta":{"_monsterinsights_skip_tracking":false,"_monsterinsights_sitenote_active":false,"_monsterinsights_sitenote_note":"","_monsterinsights_sitenote_category":0,"footnotes":""},"categories":[22,20,29],"tags":[1166,2541,109,2544,2543,2542,1165,2402,66],"class_list":["post-18572","post","type-post","status-publish","format-standard","has-post-thumbnail","hentry","category-edukacja","category-informacje","category-kontakt-24","tag-dwojka","tag-hanna-kiwerc","tag-moja-gazeta","tag-olga-paczkowska","tag-patrycja-borecka","tag-pawel-piskorz","tag-sp2","tag-szkola-podstawowa-nr-2","tag-zary"],"_links":{"self":[{"href":"https:\/\/moja24.pl\/index.php\/wp-json\/wp\/v2\/posts\/18572","targetHints":{"allow":["GET"]}}],"collection":[{"href":"https:\/\/moja24.pl\/index.php\/wp-json\/wp\/v2\/posts"}],"about":[{"href":"https:\/\/moja24.pl\/index.php\/wp-json\/wp\/v2\/types\/post"}],"author":[{"embeddable":true,"href":"https:\/\/moja24.pl\/index.php\/wp-json\/wp\/v2\/users\/4"}],"replies":[{"embeddable":true,"href":"https:\/\/moja24.pl\/index.php\/wp-json\/wp\/v2\/comments?post=18572"}],"version-history":[{"count":1,"href":"https:\/\/moja24.pl\/index.php\/wp-json\/wp\/v2\/posts\/18572\/revisions"}],"predecessor-version":[{"id":18573,"href":"https:\/\/moja24.pl\/index.php\/wp-json\/wp\/v2\/posts\/18572\/revisions\/18573"}],"wp:featuredmedia":[{"embeddable":true,"href":"https:\/\/moja24.pl\/index.php\/wp-json\/wp\/v2\/media\/18571"}],"wp:attachment":[{"href":"https:\/\/moja24.pl\/index.php\/wp-json\/wp\/v2\/media?parent=18572"}],"wp:term":[{"taxonomy":"category","embeddable":true,"href":"https:\/\/moja24.pl\/index.php\/wp-json\/wp\/v2\/categories?post=18572"},{"taxonomy":"post_tag","embeddable":true,"href":"https:\/\/moja24.pl\/index.php\/wp-json\/wp\/v2\/tags?post=18572"}],"curies":[{"name":"wp","href":"https:\/\/api.w.org\/{rel}","templated":true}]}}