{"id":18730,"date":"2021-06-18T12:29:46","date_gmt":"2021-06-18T10:29:46","guid":{"rendered":"https:\/\/moja24.pl\/?p=18730"},"modified":"2021-06-18T12:29:46","modified_gmt":"2021-06-18T10:29:46","slug":"dostrzezeni-i-wyroznieni-wolontariusze-z-dwojki","status":"publish","type":"post","link":"https:\/\/moja24.pl\/index.php\/2021\/06\/18\/dostrzezeni-i-wyroznieni-wolontariusze-z-dwojki\/","title":{"rendered":"Dostrze\u017ceni i wyr\u00f3\u017cnieni &#8211; wolontariusze z Dw\u00f3jki"},"content":{"rendered":"<p><strong><span style=\"color: #ff0000;\">\u017bARY<\/span> | Wolontariusze ze Szko\u0142y Podstawowej nr 2 w \u017barach zostali dostrze\u017ceni i wyr\u00f3\u017cnieni przez Stowarzyszenie &#8211; Koalicja M\u0142odych Aktywist\u00f3w. \u017barska Dw\u00f3jka jako jedyna szko\u0142a w rejonie zosta\u0142a w\u0142\u0105czona do lubuskiej sieci lider\u00f3w aktywno\u015bci na rzecz \u015brodowisk lokalnych obejmuj\u0105cych ca\u0142e wojew\u00f3dztwo. <\/strong><\/p>\n<p>11 czerwca uczniowie otrzymali podzi\u0119kowanie za szerzenie dobra w swoim \u015brodowisku lokalnym oraz zostali zaproszeni do udzia\u0142u w projekcie \u201eSi\u0142a Wolontariatu\u201d. Dzi\u0119ki temu wolontariusze z \u017carskiej Dw\u00f3jki stan\u0105 si\u0119 czynnymi uczestnikami szeregu akcji, kt\u00f3re b\u0119d\u0105 realizowane do 31 grudnia 2021 roku. Wezm\u0105 oni udzia\u0142 m.in. w kampanii spo\u0142ecznej o zasi\u0119gu wojew\u00f3dzkim maj\u0105cej na celu promocj\u0119 wolontariatu oraz w imprezie pod has\u0142em: \u201eMiasteczko Aktywno\u015bci M\u0142odych\u201d, kt\u00f3ra zostanie zorganizowana na terenie \u017carskiej Dw\u00f3jki. B\u0119d\u0105 r\u00f3wnie\u017c uczestniczyli w forum na temat wspierania wolontariatu i rozwoju aktywizacji m\u0142odego pokolenia Lubuszan i w obchodach Mi\u0119dzynarodowego Dnia Wolontariusza. \u017barska Dw\u00f3jka otrzyma certyfikat szko\u0142y nale\u017c\u0105cej do sieci lider\u00f3w aktywno\u015bci wolontariackiej. Szkolne Ko\u0142o Caritas z SP2 w \u017barach zrzesza obecnie 54 wolontariuszy, a opiekunem tej aktywnej grupy m\u0142odych ludzi jest Wies\u0142aw Le\u0144czuk, nauczyciel religii, kt\u00f3ry by\u0142 pomys\u0142odawc\u0105 i inicjatorem za\u0142o\u017cenia SKC w szkole. Pod jego czujnym okiem uczniowie od 2008 roku organizuj\u0105 szereg akcji, zbi\u00f3rek. Wsp\u00f3\u0142pracuj\u0105 z \u017barskim Stowarzyszeniem Tobie i Miastu oraz Hospicjum \u015bw. Brata Alberta w \u017barach, Parafialnym Zespo\u0142em \u201eCaritas\u201d i Diecezjalnym \u201eCaritas\u201d.<\/p>\n<p>Wolontariusze z Dw\u00f3jki: Bednarek Krystian, Bednarek Natalia, Boguszewski Bartosz, Bud\u017ako Franciszek, Buganik Mateusz, Czarczy\u0144ski Oliwier, Czertarska Nicola, Dro\u017cy\u0144ski Karol, Druzga\u0142a Barbara, Dziadul Malina, Erman-Szajer Micha\u0142, Guci\u0144ska Karolina, Gutowska Anna, Izdebska Maja, Jania Jakub, Janiec Fabian, Kami\u0144ska Paulina, Karolak Amelia, K\u0119dziora Wiktor, Kocio\u0142 Aleksandra, Ko\u017alik Kacper, Krystecka Julia, Krzywdzi\u0144ska Oliwia, Kuprowska Zuzanna, Kuriata Katarzyna, Kwiatkowska Nadia, Maria\u0144ski Igor, Matysiak Lena, Mierzejewska Weronika, Niew\u0119g\u0142owski Mi\u0142osz, Nowak Natalia, Partyka Martyna, Paw\u0142owska Nikola, Peszek Zuzanna, Pieciuk Aleksandra, Piskorz Pawe\u0142, Podedworna Natalia, Pogorzelska Aleksandra, Pukaj\u0142o Wiktoria, Starzec Zuzanna, Strza\u0142kowska Zuzanna, Szocik Kamil, Sztraub &#8211; Kaczmarek Maja, Ulanowska Amelia, Urbanowicz Micha\u0142, W\u00f3jcik Adrian, Wroczy\u0144ska Klaudia, Wrzesi\u0144ska Oliwia, Wymiata\u0142 Micha\u0142, Zakrzewska Alicja, Zaleska Wiktoria, Zaleski Tymoteusz, \u017bukowska Justyna, \u017bukowska Ma\u0142gorzata.<\/p>\n<p style=\"text-align: right;\"><span style=\"color: #999999;\">nades\u0142ane<\/span><\/p>\n","protected":false},"excerpt":{"rendered":"<p>\u017bARY | Wolontariusze ze Szko\u0142y Podstawowej nr 2 w \u017barach zostali dostrze\u017ceni i wyr\u00f3\u017cnieni przez Stowarzyszenie &#8211; Koalicja M\u0142odych Aktywist\u00f3w. \u017barska Dw\u00f3jka jako jedyna szko\u0142a w rejonie zosta\u0142a w\u0142\u0105czona do lubuskiej sieci lider\u00f3w aktywno\u015bci na rzecz \u015brodowisk lokalnych obejmuj\u0105cych ca\u0142e wojew\u00f3dztwo. 11 czerwca uczniowie otrzymali podzi\u0119kowanie za szerzenie dobra w swoim \u015brodowisku lokalnym oraz zostali [&hellip;]<\/p>\n","protected":false},"author":4,"featured_media":18729,"comment_status":"closed","ping_status":"closed","sticky":false,"template":"","format":"standard","meta":{"_monsterinsights_skip_tracking":false,"_monsterinsights_sitenote_active":false,"_monsterinsights_sitenote_note":"","_monsterinsights_sitenote_category":0,"footnotes":""},"categories":[22,20,29],"tags":[109,1165,2402,2554,66],"class_list":["post-18730","post","type-post","status-publish","format-standard","has-post-thumbnail","hentry","category-edukacja","category-informacje","category-kontakt-24","tag-moja-gazeta","tag-sp2","tag-szkola-podstawowa-nr-2","tag-wolontariat","tag-zary"],"_links":{"self":[{"href":"https:\/\/moja24.pl\/index.php\/wp-json\/wp\/v2\/posts\/18730","targetHints":{"allow":["GET"]}}],"collection":[{"href":"https:\/\/moja24.pl\/index.php\/wp-json\/wp\/v2\/posts"}],"about":[{"href":"https:\/\/moja24.pl\/index.php\/wp-json\/wp\/v2\/types\/post"}],"author":[{"embeddable":true,"href":"https:\/\/moja24.pl\/index.php\/wp-json\/wp\/v2\/users\/4"}],"replies":[{"embeddable":true,"href":"https:\/\/moja24.pl\/index.php\/wp-json\/wp\/v2\/comments?post=18730"}],"version-history":[{"count":1,"href":"https:\/\/moja24.pl\/index.php\/wp-json\/wp\/v2\/posts\/18730\/revisions"}],"predecessor-version":[{"id":18731,"href":"https:\/\/moja24.pl\/index.php\/wp-json\/wp\/v2\/posts\/18730\/revisions\/18731"}],"wp:featuredmedia":[{"embeddable":true,"href":"https:\/\/moja24.pl\/index.php\/wp-json\/wp\/v2\/media\/18729"}],"wp:attachment":[{"href":"https:\/\/moja24.pl\/index.php\/wp-json\/wp\/v2\/media?parent=18730"}],"wp:term":[{"taxonomy":"category","embeddable":true,"href":"https:\/\/moja24.pl\/index.php\/wp-json\/wp\/v2\/categories?post=18730"},{"taxonomy":"post_tag","embeddable":true,"href":"https:\/\/moja24.pl\/index.php\/wp-json\/wp\/v2\/tags?post=18730"}],"curies":[{"name":"wp","href":"https:\/\/api.w.org\/{rel}","templated":true}]}}