{"id":18785,"date":"2021-06-24T20:36:12","date_gmt":"2021-06-24T18:36:12","guid":{"rendered":"https:\/\/moja24.pl\/?p=18785"},"modified":"2021-06-24T20:36:12","modified_gmt":"2021-06-24T18:36:12","slug":"absolutorium-dla-wojta-leszka-mrozka-wszyscy-radni-za","status":"publish","type":"post","link":"https:\/\/moja24.pl\/index.php\/2021\/06\/24\/absolutorium-dla-wojta-leszka-mrozka-wszyscy-radni-za\/","title":{"rendered":"Absolutorium dla w\u00f3jta Leszka Mro\u017cka. Wszyscy radni &#8222;za&#8221;"},"content":{"rendered":"<p><strong><span style=\"color: #ff0000;\">GMINA \u017bARY<\/span> | 14 radnych uczestnicz\u0105cych w czwartkowej sesji, 23 czerwca, udzieli\u0142o Leszkowi Mro\u017ckowi, gospodarzowi Gminy \u017bary, wotum zaufania oraz absolutorium z tytu\u0142u wykonania bud\u017cetu za 2020 rok. By\u0142y gratulacje, kwiaty i podzi\u0119kowania.<\/strong><\/p>\n<p>G\u0142osowanie w sprawie absolutorium poprzedzi\u0142a ocena realizacji zesz\u0142orocznego bud\u017cetu oraz analiza Raportu o Stanie Gminy za 2020 rok, kt\u00f3ry obejmuje podsumowanie dzia\u0142alno\u015bci W\u00f3jta, realizacj\u0119 polityk, program\u00f3w i strategii samorz\u0105du.<\/p>\n<p>Po wys\u0142uchaniu pozytywnej opinii Regionalnej Izby Obrachunkowej oraz Komisji Rewizyjnej rada przyst\u0105pi\u0142a do g\u0142osowania. W jednym z wa\u017cniejszych w roku kalendarzowym posiedze\u0144 Rady Gminy uczestniczy\u0142o 14 radnych.<\/p>\n<p>W\u00f3jt Leszek Mro\u017cek podzi\u0119kowa\u0142 za zaufanie i zaznaczy\u0142, \u017ce jest to wsp\u00f3lny sukces radnych, so\u0142tys\u00f3w, pracownik\u00f3w urz\u0119du i jednostek gminy. Szczeg\u00f3lne s\u0142owa uznania i bukiet kwiat\u00f3w skierowa\u0142 pod adresem Barbary Karpowicz, Skarbnik Gminy.<\/p>\n<p>&#8211; Dzi\u0119kuj\u0119 Wam za zaufanie, m\u0105dre i gospodarne podej\u015bcie do zarz\u0105dzania gmin\u0105, owocn\u0105 wsp\u00f3\u0142prac\u0119, \u017cyczliwo\u015b\u0107 i wsparcie &#8211; m\u00f3wi\u0142 Leszek Mro\u017cek. &#8211; Wielokrotnie dyskutowali\u015bmy, czasem sprzeczali\u015bmy si\u0119, ale zawsze merytorycznie i na argumenty. Dzi\u0119ki temu nasz bud\u017cet jest bezpieczny.<\/p>\n<p>Na zako\u0144czenie wyrazi\u0142 nadziej\u0119 na kontynuacj\u0119 r\u00f3wnie sprawnego dzia\u0142ania gminy w najbli\u017cszym roku.<\/p>\n<figure id=\"attachment_18783\" aria-describedby=\"caption-attachment-18783\" style=\"width: 940px\" class=\"wp-caption aligncenter\"><img loading=\"lazy\" decoding=\"async\" class=\"size-full wp-image-18783\" src=\"https:\/\/moja24.pl\/wp-content\/uploads\/2021\/06\/20210624_ug2.jpg\" alt=\"\" width=\"940\" height=\"627\" srcset=\"https:\/\/moja24.pl\/wp-content\/uploads\/2021\/06\/20210624_ug2.jpg 940w, https:\/\/moja24.pl\/wp-content\/uploads\/2021\/06\/20210624_ug2-300x200.jpg 300w, https:\/\/moja24.pl\/wp-content\/uploads\/2021\/06\/20210624_ug2-768x512.jpg 768w, https:\/\/moja24.pl\/wp-content\/uploads\/2021\/06\/20210624_ug2-696x464.jpg 696w, https:\/\/moja24.pl\/wp-content\/uploads\/2021\/06\/20210624_ug2-630x420.jpg 630w, https:\/\/moja24.pl\/wp-content\/uploads\/2021\/06\/20210624_ug2-450x300.jpg 450w\" sizes=\"auto, (max-width: 940px) 100vw, 940px\" \/><figcaption id=\"caption-attachment-18783\" class=\"wp-caption-text\">fot. UG \u017bary<\/figcaption><\/figure>\n<p style=\"text-align: right;\"><span style=\"color: #999999;\">ATB (\u017ar\u00f3d\u0142o: UG \u017bary)<\/span><\/p>\n","protected":false},"excerpt":{"rendered":"<p>GMINA \u017bARY | 14 radnych uczestnicz\u0105cych w czwartkowej sesji, 23 czerwca, udzieli\u0142o Leszkowi Mro\u017ckowi, gospodarzowi Gminy \u017bary, wotum zaufania oraz absolutorium z tytu\u0142u wykonania bud\u017cetu za 2020 rok. By\u0142y gratulacje, kwiaty i podzi\u0119kowania. G\u0142osowanie w sprawie absolutorium poprzedzi\u0142a ocena realizacji zesz\u0142orocznego bud\u017cetu oraz analiza Raportu o Stanie Gminy za 2020 rok, kt\u00f3ry obejmuje podsumowanie dzia\u0142alno\u015bci [&hellip;]<\/p>\n","protected":false},"author":4,"featured_media":18784,"comment_status":"closed","ping_status":"closed","sticky":false,"template":"","format":"standard","meta":{"_monsterinsights_skip_tracking":false,"_monsterinsights_sitenote_active":false,"_monsterinsights_sitenote_note":"","_monsterinsights_sitenote_category":0,"footnotes":""},"categories":[20],"tags":[2568,269,442,109],"class_list":["post-18785","post","type-post","status-publish","format-standard","has-post-thumbnail","hentry","category-informacje","tag-absolutorium","tag-gmina-zary","tag-leszek-mrozek","tag-moja-gazeta"],"_links":{"self":[{"href":"https:\/\/moja24.pl\/index.php\/wp-json\/wp\/v2\/posts\/18785","targetHints":{"allow":["GET"]}}],"collection":[{"href":"https:\/\/moja24.pl\/index.php\/wp-json\/wp\/v2\/posts"}],"about":[{"href":"https:\/\/moja24.pl\/index.php\/wp-json\/wp\/v2\/types\/post"}],"author":[{"embeddable":true,"href":"https:\/\/moja24.pl\/index.php\/wp-json\/wp\/v2\/users\/4"}],"replies":[{"embeddable":true,"href":"https:\/\/moja24.pl\/index.php\/wp-json\/wp\/v2\/comments?post=18785"}],"version-history":[{"count":1,"href":"https:\/\/moja24.pl\/index.php\/wp-json\/wp\/v2\/posts\/18785\/revisions"}],"predecessor-version":[{"id":18786,"href":"https:\/\/moja24.pl\/index.php\/wp-json\/wp\/v2\/posts\/18785\/revisions\/18786"}],"wp:featuredmedia":[{"embeddable":true,"href":"https:\/\/moja24.pl\/index.php\/wp-json\/wp\/v2\/media\/18784"}],"wp:attachment":[{"href":"https:\/\/moja24.pl\/index.php\/wp-json\/wp\/v2\/media?parent=18785"}],"wp:term":[{"taxonomy":"category","embeddable":true,"href":"https:\/\/moja24.pl\/index.php\/wp-json\/wp\/v2\/categories?post=18785"},{"taxonomy":"post_tag","embeddable":true,"href":"https:\/\/moja24.pl\/index.php\/wp-json\/wp\/v2\/tags?post=18785"}],"curies":[{"name":"wp","href":"https:\/\/api.w.org\/{rel}","templated":true}]}}