{"id":18962,"date":"2021-07-08T22:53:21","date_gmt":"2021-07-08T20:53:21","guid":{"rendered":"https:\/\/moja24.pl\/?p=18962"},"modified":"2021-07-08T22:53:21","modified_gmt":"2021-07-08T20:53:21","slug":"mieszkancy-zar-juz-glosuja","status":"publish","type":"post","link":"https:\/\/moja24.pl\/index.php\/2021\/07\/08\/mieszkancy-zar-juz-glosuja\/","title":{"rendered":"Mieszka\u0144cy \u017bar ju\u017c g\u0142osuj\u0105"},"content":{"rendered":"<p><strong><span style=\"color: #ff0000;\">\u017bARY<\/span> | 8 lipca rozpocz\u0119\u0142o si\u0119 g\u0142osowanie nad zg\u0142oszonymi projektami w ramach Bud\u017cetu Obywatelskiego na 2022 rok. Ka\u017cda osoba pe\u0142noletnia, zameldowana w \u017barach, mo\u017ce odda\u0107 tylko jeden g\u0142os. Do wyboru jest 29 projekt\u00f3w. G\u0142osowanie zako\u0144czy si\u0119 15 sierpnia. Do wydania b\u0119dzie milion z\u0142otych.<\/strong><\/p>\n<p>Lista projekt\u00f3w, na kt\u00f3re mo\u017cna g\u0142osowa\u0107:<\/p>\n<p><strong>PROJEKT NR 1<\/strong><br \/>\nZakup kamery termowizyjnej Yuneec E10 TvX 640 p &#8211; na potrzeby OSP \u017bary &#8211; Kunice.<br \/>\n<strong>PROJEKT NR 2<\/strong><br \/>\nLampa solarna z kamer\u0105 multimedialn\u0105 pod\u0142\u0105czona do monitoringu miasta \u017bary przy stawie &#8222;Przeprawowy&#8221; obok wiaty.<br \/>\n<strong>PROJEKT NR 3<\/strong><br \/>\nOgrodzony wybieg dla ps\u00f3w w parku przy ul. Ignacego Paderewskiego.<br \/>\n<strong>PROJEKT NR 4<\/strong><br \/>\n10x rowerem &#8211; bezpieczne stojaki na rowery w centrum \u017bar.<br \/>\n<strong>PROJEKT NR 5<\/strong><br \/>\nO\u015bwietlenie sceniczne Luna &#8211; \u017bARSKI DOM KULTURY.<br \/>\n<strong>PROJEKT NR 6<\/strong><br \/>\nBoisko sportowe na osiedlu Zawiszy Czarnego.<br \/>\n<strong>PROJEKT NR 7<\/strong><br \/>\nQuad z wyciskaczem \u015blad\u00f3w do narciarstwa biegowego (do Zielonego Lasu).<br \/>\n<strong>PROJEKT NR 8<\/strong><br \/>\nModernizacja chodnik\u00f3w przy ul. Obro\u0144c\u00f3w.<br \/>\n<strong>PROJEKT NR 9<\/strong><br \/>\nPlac &#8222;Street Workout&#8221; przy Szkole Podstawowej nr 10 w \u017barach.<br \/>\n<strong>PROJEKT NR 10<\/strong><br \/>\nWyspy aktywno\u015bci na stadionie &#8222;Syrena&#8221; (konstrukcja treningowa bieg\u00f3w przeszkodowych OCR-Ninja tor, \u015bcianka wspinaczkowa-boulderowa).<br \/>\n<strong>PROJEKT NR 11<\/strong><br \/>\nO\u015bwietlenie ul. Szmaragdowej.<br \/>\n<strong>PROJEKT NR 12<\/strong><br \/>\nUtwardzenie terenu pod miejsca parkingowe na terenie Szko\u0142y Podstawowej nr 8.<br \/>\n<strong>PROJEKT NR 13<\/strong><br \/>\nModernizacja placu zabaw w \u017b\u0142obku nr 3.<br \/>\n<strong>PROJEKT NR 14<\/strong><br \/>\nModernizacja nawierzchni drogi wewn\u0119trznej wraz z parkingiem i wymiana oprawy lampy o\u015bwietleniowej &#8211; droga wewn\u0119trzna dojazd do posesji K. Baczy\u0144skiego 24 A.<br \/>\n<strong>PROJEKT NR 15<\/strong><br \/>\nSkatepark &#8211; rozbudowa Kunickiego Centrum Aktywnej Rekreacji.<br \/>\n<strong>PROJEKT NR 16<\/strong><br \/>\nWoda pitna dla ka\u017cdego &#8211; monta\u017c zdroju wody pitnej na terenie stadionu Syrena.<br \/>\n<strong>PROJEKT NR 17<\/strong><br \/>\nO\u015bwietlenie drogi i gara\u017cy samochodowych przy ul. Kazimierza Wielkiego.<br \/>\n<strong>PROJEKT NR 18<\/strong><br \/>\nBudowa Placu zabaw i wiaty w zielonym ogrodzie przy Miejskim Przedszkolu nr 2 im. Jana Brzechwy w \u017barach.<br \/>\n<strong>PROJEKT NR 19<\/strong><br \/>\nRozbudowa infrastruktury rekreacyjno-wypoczynkowej przy Szkole Podstawowej nr 2 im. Janusza Korczaka w \u017barach.<br \/>\n<strong>PROJEKT NR 20<\/strong><br \/>\nFight square &#8211; stanowisko do trening\u00f3w sport\u00f3w walki \u2013 na terenie stadionu Syrena.<br \/>\n<strong>PROJEKT NR 21<\/strong><br \/>\nBudowa zatoki parkingowej przy Miejskim Przedszkolu nr 10 przy ulicy Cz\u0119stochowskiej 15.<br \/>\n<strong>PROJEKT NR 22<\/strong><br \/>\nKamery mobilne na ul. Katowickiej w \u017barach.<br \/>\n<strong>PROJEKT NR 23<\/strong><br \/>\nStacje naprawy rower\u00f3w w \u017barach (ul. \u0179r\u00f3dlana, Pl. Rynek, ul. Paderewskiego, ul. Ludowa, ul. Le\u015bna 24, ul. Grunwaldzka 3).<br \/>\n<strong>PROJEKT NR 24<\/strong><br \/>\nBudowa wiat \/ t\u0119\u017cni solankowej przy ul. Szymanowskiego.<br \/>\n<strong>PROJEKT NR 25<\/strong><br \/>\nBudowa i monta\u017c \u0142aweczki multimedialnej po\u015bwi\u0119cona pami\u0119ci Jacka Jakubiaka, pierwszego dyrektora Muzeum Pogranicza \u015al\u0105sko-\u0141u\u017cyckiego.<br \/>\n<strong>PROJEKT NR 26<\/strong><br \/>\nBudowa o\u015bwietlenia \u015bcie\u017cki rowerowej ul. Czerwonego Krzy\u017ca.<br \/>\n<strong>PROJEKT NR 27<\/strong><br \/>\nBudowa pi\u0119ciu stacji naprawy rower\u00f3w, z \u0142awkami i koszami na \u015bmieci, zlokalizowane przy \u015bcie\u017ckach rowerowych (Aleja Jana Paw\u0142a II, ulice: \u0179r\u00f3dlana, Czerwonego Krzy\u017ca, Zielonog\u00f3rska, Zgorzelecka).<br \/>\n<strong>PROJEKT NR 28<\/strong><br \/>\nNasadzenia drzew, krzew\u00f3w ozdobnych i bylin. Doposa\u017cenie istniej\u0105cej infrastruktury w kosze na \u015bmieci, \u0142awki, le\u017caki miejskie oraz urz\u0105dzenia sensoryczne przy stawie na ul. Ludowej, dzia\u0142ka nr 380\/5.<br \/>\n<strong>PROJEKT NR 29<\/strong><br \/>\nKolumbarium &#8211; \u015bciana na urny, cmentarz komunalny.<\/p>\n<h1 style=\"text-align: center;\"><a href=\"https:\/\/zary.konsultacjejst.pl\/budzet-obywatelski?fbclid=IwAR2mqsL_VTSLg-57X6CW4hmecTWJ90KifF9cxL3O7NNZWM0nVvWYXP3BdSI\" target=\"_blank\" rel=\"noopener\"><strong>TU MO\u017bNA G\u0141OSOWA\u0106<\/strong><\/a><\/h1>\n<p style=\"text-align: right;\"><span style=\"color: #999999;\"><strong>ATB<\/strong><\/span><\/p>\n","protected":false},"excerpt":{"rendered":"<p>\u017bARY | 8 lipca rozpocz\u0119\u0142o si\u0119 g\u0142osowanie nad zg\u0142oszonymi projektami w ramach Bud\u017cetu Obywatelskiego na 2022 rok. Ka\u017cda osoba pe\u0142noletnia, zameldowana w \u017barach, mo\u017ce odda\u0107 tylko jeden g\u0142os. Do wyboru jest 29 projekt\u00f3w. G\u0142osowanie zako\u0144czy si\u0119 15 sierpnia. Do wydania b\u0119dzie milion z\u0142otych. Lista projekt\u00f3w, na kt\u00f3re mo\u017cna g\u0142osowa\u0107: PROJEKT NR 1 Zakup kamery termowizyjnej [&hellip;]<\/p>\n","protected":false},"author":4,"featured_media":18961,"comment_status":"closed","ping_status":"closed","sticky":false,"template":"","format":"standard","meta":{"_monsterinsights_skip_tracking":false,"_monsterinsights_sitenote_active":false,"_monsterinsights_sitenote_note":"","_monsterinsights_sitenote_category":0,"footnotes":""},"categories":[20],"tags":[735,109,66],"class_list":["post-18962","post","type-post","status-publish","format-standard","has-post-thumbnail","hentry","category-informacje","tag-budzet-obywatelski","tag-moja-gazeta","tag-zary"],"_links":{"self":[{"href":"https:\/\/moja24.pl\/index.php\/wp-json\/wp\/v2\/posts\/18962","targetHints":{"allow":["GET"]}}],"collection":[{"href":"https:\/\/moja24.pl\/index.php\/wp-json\/wp\/v2\/posts"}],"about":[{"href":"https:\/\/moja24.pl\/index.php\/wp-json\/wp\/v2\/types\/post"}],"author":[{"embeddable":true,"href":"https:\/\/moja24.pl\/index.php\/wp-json\/wp\/v2\/users\/4"}],"replies":[{"embeddable":true,"href":"https:\/\/moja24.pl\/index.php\/wp-json\/wp\/v2\/comments?post=18962"}],"version-history":[{"count":2,"href":"https:\/\/moja24.pl\/index.php\/wp-json\/wp\/v2\/posts\/18962\/revisions"}],"predecessor-version":[{"id":18964,"href":"https:\/\/moja24.pl\/index.php\/wp-json\/wp\/v2\/posts\/18962\/revisions\/18964"}],"wp:featuredmedia":[{"embeddable":true,"href":"https:\/\/moja24.pl\/index.php\/wp-json\/wp\/v2\/media\/18961"}],"wp:attachment":[{"href":"https:\/\/moja24.pl\/index.php\/wp-json\/wp\/v2\/media?parent=18962"}],"wp:term":[{"taxonomy":"category","embeddable":true,"href":"https:\/\/moja24.pl\/index.php\/wp-json\/wp\/v2\/categories?post=18962"},{"taxonomy":"post_tag","embeddable":true,"href":"https:\/\/moja24.pl\/index.php\/wp-json\/wp\/v2\/tags?post=18962"}],"curies":[{"name":"wp","href":"https:\/\/api.w.org\/{rel}","templated":true}]}}