{"id":19033,"date":"2021-07-15T11:27:55","date_gmt":"2021-07-15T09:27:55","guid":{"rendered":"https:\/\/moja24.pl\/?p=19033"},"modified":"2021-07-15T11:27:55","modified_gmt":"2021-07-15T09:27:55","slug":"pilka-powoli-wraca-na-boiska","status":"publish","type":"post","link":"https:\/\/moja24.pl\/index.php\/2021\/07\/15\/pilka-powoli-wraca-na-boiska\/","title":{"rendered":"Pi\u0142ka powoli wraca na boiska"},"content":{"rendered":"<p><strong><span style=\"color: #ff0000;\">PI\u0141KA NO\u017bNA<\/span> | \u017barski Promie\u0144 po awansie z klasy okr\u0119gowej ju\u017c nied\u0142ugo rozpocznie sezon w IV lidze. Z jakimi dru\u017cynami b\u0119dzie musia\u0142 si\u0119 zmierzy\u0107?<\/strong><\/p>\n<p>Pierwsza kolejka czwartoligowego sezonu 2021\/2022 zaplanowana zosta\u0142a na 7 sierpnia. Za trzy tygodnie pi\u0142karze rozpoczn\u0105 ligowe zmagania. Pierwszy mecz Promie\u0144 rozegra na w\u0142asnym stadionie przy ul. Zwyci\u0119zc\u00f3w 38, o godzinie 18.00. Przeciwnikiem \u017caran b\u0119dzie D\u0105b S\u0142awa &#8211; Przybysz\u00f3w.<br \/>\nJe\u015bli kto\u015b nie mo\u017ce ju\u017c si\u0119 doczeka\u0107 i chcia\u0142by zn\u00f3w pokibicowa\u0107, b\u0119dzie okazja w sobot\u0119 o godz. 11.00 na stadionie Syrena przy ul. Le\u015bnej w \u017barach. Promie\u0144 rozegra sparing z Ilank\u0105 Rzepin.<\/p>\n<p><strong>IV LIGA &#8222;JAKO&#8221; &#8211; wykaz dru\u017cyn<\/strong><\/p>\n<ul>\n<li>Piast Inex Czerwie\u0144sk<\/li>\n<li>Polonia S\u0142ubice<\/li>\n<li>TS Celuloza Kostrzyn<\/li>\n<li>ZAP Syrena Zb\u0105szynek<\/li>\n<li>Czarni Browar Witnica<\/li>\n<li>Korona Ko\u017cuch\u00f3w<\/li>\n<li>Odra Nietk\u00f3w<\/li>\n<li>Pogo\u0144 \u015awiebodzin<\/li>\n<li>Promie\u0144 \u017bary<\/li>\n<li>Sp\u00f3jnia O\u015bno Lubuskie<\/li>\n<li>Stilon Prosupport Gorz\u00f3w Wlkp.<\/li>\n<li>Budowlani Murzynowo<\/li>\n<li>D\u0105b S\u0142awa &#8211; Przybysz\u00f3w<\/li>\n<li>Ilanka Rzepin<\/li>\n<li>KS Lechia II Zielona G\u00f3ra<\/li>\n<li>Meprozet Stare Kurowo<\/li>\n<li>MKS Czarni \u017baga\u0144 1957<\/li>\n<li>Piast I\u0142owa<\/li>\n<\/ul>\n<p style=\"text-align: right;\"><span style=\"color: #999999;\"><strong>ATB<\/strong><\/span><\/p>\n","protected":false},"excerpt":{"rendered":"<p>PI\u0141KA NO\u017bNA | \u017barski Promie\u0144 po awansie z klasy okr\u0119gowej ju\u017c nied\u0142ugo rozpocznie sezon w IV lidze. Z jakimi dru\u017cynami b\u0119dzie musia\u0142 si\u0119 zmierzy\u0107? Pierwsza kolejka czwartoligowego sezonu 2021\/2022 zaplanowana zosta\u0142a na 7 sierpnia. Za trzy tygodnie pi\u0142karze rozpoczn\u0105 ligowe zmagania. Pierwszy mecz Promie\u0144 rozegra na w\u0142asnym stadionie przy ul. Zwyci\u0119zc\u00f3w 38, o godzinie 18.00. [&hellip;]<\/p>\n","protected":false},"author":4,"featured_media":19034,"comment_status":"closed","ping_status":"closed","sticky":false,"template":"","format":"standard","meta":{"_monsterinsights_skip_tracking":false,"_monsterinsights_sitenote_active":false,"_monsterinsights_sitenote_note":"","_monsterinsights_sitenote_category":0,"footnotes":""},"categories":[20,23],"tags":[2548,109,1103,182,1064],"class_list":["post-19033","post","type-post","status-publish","format-standard","has-post-thumbnail","hentry","category-informacje","category-sport","tag-iv-liga","tag-moja-gazeta","tag-pilka-nozna","tag-promien-zary","tag-sport"],"_links":{"self":[{"href":"https:\/\/moja24.pl\/index.php\/wp-json\/wp\/v2\/posts\/19033","targetHints":{"allow":["GET"]}}],"collection":[{"href":"https:\/\/moja24.pl\/index.php\/wp-json\/wp\/v2\/posts"}],"about":[{"href":"https:\/\/moja24.pl\/index.php\/wp-json\/wp\/v2\/types\/post"}],"author":[{"embeddable":true,"href":"https:\/\/moja24.pl\/index.php\/wp-json\/wp\/v2\/users\/4"}],"replies":[{"embeddable":true,"href":"https:\/\/moja24.pl\/index.php\/wp-json\/wp\/v2\/comments?post=19033"}],"version-history":[{"count":1,"href":"https:\/\/moja24.pl\/index.php\/wp-json\/wp\/v2\/posts\/19033\/revisions"}],"predecessor-version":[{"id":19035,"href":"https:\/\/moja24.pl\/index.php\/wp-json\/wp\/v2\/posts\/19033\/revisions\/19035"}],"wp:featuredmedia":[{"embeddable":true,"href":"https:\/\/moja24.pl\/index.php\/wp-json\/wp\/v2\/media\/19034"}],"wp:attachment":[{"href":"https:\/\/moja24.pl\/index.php\/wp-json\/wp\/v2\/media?parent=19033"}],"wp:term":[{"taxonomy":"category","embeddable":true,"href":"https:\/\/moja24.pl\/index.php\/wp-json\/wp\/v2\/categories?post=19033"},{"taxonomy":"post_tag","embeddable":true,"href":"https:\/\/moja24.pl\/index.php\/wp-json\/wp\/v2\/tags?post=19033"}],"curies":[{"name":"wp","href":"https:\/\/api.w.org\/{rel}","templated":true}]}}