{"id":1904,"date":"2017-03-08T12:04:56","date_gmt":"2017-03-08T11:04:56","guid":{"rendered":"http:\/\/moja24.pl\/?p=1904"},"modified":"2017-03-08T12:04:56","modified_gmt":"2017-03-08T11:04:56","slug":"schody-na-zgorzeleckiej","status":"publish","type":"post","link":"https:\/\/moja24.pl\/index.php\/2017\/03\/08\/schody-na-zgorzeleckiej\/","title":{"rendered":"Schody na Zgorzeleckiej"},"content":{"rendered":"<div dir=\"ltr\">\n<p><strong><img loading=\"lazy\" decoding=\"async\" class=\"alignleft size-medium wp-image-1906\" src=\"http:\/\/moja24.pl\/wp-content\/uploads\/2017\/03\/schody-na-Zgorzeleckiej-2-e1488970990413-169x300.jpg\" alt=\"\" width=\"169\" height=\"300\" srcset=\"https:\/\/moja24.pl\/wp-content\/uploads\/2017\/03\/schody-na-Zgorzeleckiej-2-e1488970990413-169x300.jpg 169w, https:\/\/moja24.pl\/wp-content\/uploads\/2017\/03\/schody-na-Zgorzeleckiej-2-e1488970990413-768x1365.jpg 768w, https:\/\/moja24.pl\/wp-content\/uploads\/2017\/03\/schody-na-Zgorzeleckiej-2-e1488970990413-576x1024.jpg 576w, https:\/\/moja24.pl\/wp-content\/uploads\/2017\/03\/schody-na-Zgorzeleckiej-2-e1488970990413-696x1237.jpg 696w, https:\/\/moja24.pl\/wp-content\/uploads\/2017\/03\/schody-na-Zgorzeleckiej-2-e1488970990413-1068x1899.jpg 1068w, https:\/\/moja24.pl\/wp-content\/uploads\/2017\/03\/schody-na-Zgorzeleckiej-2-e1488970990413-236x420.jpg 236w\" sizes=\"auto, (max-width: 169px) 100vw, 169px\" \/>Przy ul. Zgorzeleckiej nadal trwaj\u0105 prace remontowe. W\u0142a\u015bnie profilowane s\u0105 studzienki, kt\u00f3re od grudnia sta\u0142y si\u0119 powodem irytacji kierowc\u00f3w.<\/strong><\/p>\n<p align=\"justify\">Oczekiwany remont przed\u0142u\u017cy\u0142 si\u0119 o kilka miesi\u0119cy. Po oddaniu ulicy do ruchu okaza\u0142o si\u0119 jednak, \u017ce asfaltowa nawierzchnia jest daleka od oczekiwanych standard\u00f3w. Ulica jest po prosu nier\u00f3wna, a \u017ale wyprofilowane studzienki s\u0105 powodem nerw\u00f3w u niejednego kierowcy \u2013 ulic\u0105 momentami jedzie si\u0119 jak po schodach.<\/p>\n<p>Mieszka\u0144cy \u017bar latami czekali na remont ul. Zgorzeleckiej, kt\u00f3ra jest drog\u0105 wjazdow\u0105 do miasta od strony po\u0142udniowej. To t\u0119dy do centrum wje\u017cd\u017caj\u0105 go\u015bcie nie tylko z Dolnego \u015al\u0105ska, ale tak\u017ce z Niemiec. Ulica powinna by\u0107 wi\u0119c wizyt\u00f3wk\u0105 miasta.<\/p>\n<p>Wyprofilowanie studzienek z pewno\u015bci\u0105 poprawi komfort jazdy. Na razie kierowcy musz\u0105 testowa\u0107 zawieszenie swoich aut.<\/p>\n<p><em>PaS<\/em><\/p>\n<\/div>\n","protected":false},"excerpt":{"rendered":"<p>Przy ul. Zgorzeleckiej nadal trwaj\u0105 prace remontowe. W\u0142a\u015bnie profilowane s\u0105 studzienki, kt\u00f3re od grudnia sta\u0142y si\u0119 powodem irytacji kierowc\u00f3w. Oczekiwany remont przed\u0142u\u017cy\u0142 si\u0119 o kilka miesi\u0119cy. Po oddaniu ulicy do ruchu okaza\u0142o si\u0119 jednak, \u017ce asfaltowa nawierzchnia jest daleka od oczekiwanych standard\u00f3w. Ulica jest po prosu nier\u00f3wna, a \u017ale wyprofilowane studzienki s\u0105 powodem nerw\u00f3w u [&hellip;]<\/p>\n","protected":false},"author":2,"featured_media":1907,"comment_status":"closed","ping_status":"closed","sticky":false,"template":"","format":"standard","meta":{"_monsterinsights_skip_tracking":false,"_monsterinsights_sitenote_active":false,"_monsterinsights_sitenote_note":"","_monsterinsights_sitenote_category":0,"footnotes":""},"categories":[20],"tags":[218,217,53,146,52,74,158,110,229,145,113,73,49,66],"class_list":["post-1904","post","type-post","status-publish","format-standard","has-post-thumbnail","hentry","category-informacje","tag-gazeta-lokalna-zary","tag-gazeta-regionalna-zary","tag-informacje-lubuskie","tag-informacje-powiat-zary","tag-informacje-zagan","tag-informacje-zary","tag-moja24-pl","tag-tygodnik-moja-gazeta","tag-tygodnik-regionalny-moja-gazeta","tag-wiadomosci-powiat-zarski","tag-wiadomosci-z-zar","tag-wiadomosci-zary","tag-zagan","tag-zary"],"_links":{"self":[{"href":"https:\/\/moja24.pl\/index.php\/wp-json\/wp\/v2\/posts\/1904","targetHints":{"allow":["GET"]}}],"collection":[{"href":"https:\/\/moja24.pl\/index.php\/wp-json\/wp\/v2\/posts"}],"about":[{"href":"https:\/\/moja24.pl\/index.php\/wp-json\/wp\/v2\/types\/post"}],"author":[{"embeddable":true,"href":"https:\/\/moja24.pl\/index.php\/wp-json\/wp\/v2\/users\/2"}],"replies":[{"embeddable":true,"href":"https:\/\/moja24.pl\/index.php\/wp-json\/wp\/v2\/comments?post=1904"}],"version-history":[{"count":2,"href":"https:\/\/moja24.pl\/index.php\/wp-json\/wp\/v2\/posts\/1904\/revisions"}],"predecessor-version":[{"id":1908,"href":"https:\/\/moja24.pl\/index.php\/wp-json\/wp\/v2\/posts\/1904\/revisions\/1908"}],"wp:featuredmedia":[{"embeddable":true,"href":"https:\/\/moja24.pl\/index.php\/wp-json\/wp\/v2\/media\/1907"}],"wp:attachment":[{"href":"https:\/\/moja24.pl\/index.php\/wp-json\/wp\/v2\/media?parent=1904"}],"wp:term":[{"taxonomy":"category","embeddable":true,"href":"https:\/\/moja24.pl\/index.php\/wp-json\/wp\/v2\/categories?post=1904"},{"taxonomy":"post_tag","embeddable":true,"href":"https:\/\/moja24.pl\/index.php\/wp-json\/wp\/v2\/tags?post=1904"}],"curies":[{"name":"wp","href":"https:\/\/api.w.org\/{rel}","templated":true}]}}