{"id":19058,"date":"2021-07-19T19:35:34","date_gmt":"2021-07-19T17:35:34","guid":{"rendered":"https:\/\/moja24.pl\/?p=19058"},"modified":"2021-07-19T19:35:34","modified_gmt":"2021-07-19T17:35:34","slug":"poscig-kradziez-i-moze-byc-8-lat","status":"publish","type":"post","link":"https:\/\/moja24.pl\/index.php\/2021\/07\/19\/poscig-kradziez-i-moze-byc-8-lat\/","title":{"rendered":"Po\u015bcig, kradzie\u017c i&#8230; mo\u017ce by\u0107 8 lat"},"content":{"rendered":"<p><strong><span style=\"color: #ff0000;\">\u017bARY<\/span> | Na trzy miesi\u0105ce do aresztu trafi\u0142 29-latek, kt\u00f3ry nie zatrzyma\u0142 si\u0119 do kontroli, staranowa\u0142 radiow\u00f3z, ukrad\u0142 samoch\u00f3d i prowadzi\u0142 pomimo orzeczonego zakazu.<\/strong><\/p>\n<p>Policjanci s\u0142u\u017cby patrolowej \u017carskiej komendy otrzymali informacj\u0119 o kradzie\u017cy paliwa, do kt\u00f3rej mia\u0142o doj\u015b\u0107 na jednej ze stacji. Sprawc\u0105 mia\u0142 by\u0107 kieruj\u0105cy samochodem marki Mercedes. Funkcjonariusze podczas s\u0142u\u017cby na jednym z parking\u00f3w w \u017barach zauwa\u017cyli opisywany samoch\u00f3d. Udali si\u0119 w jego kierunku, jednak\u017ce kieruj\u0105cy mercedesem na widok mundurowych gwa\u0142townie ruszy\u0142, przejecha\u0142 przez chodnik i rozpocz\u0105\u0142 ucieczk\u0119. W zwi\u0105zku z zaistnia\u0142\u0105 sytuacj\u0105, policjanci ruszyli w \u015blad za nim. W\u0142\u0105czyli sygna\u0142y \u015bwietlne i d\u017awi\u0119kowe, aby zatrzyma\u0107 pojazd. Kieruj\u0105cy jednak nie reagowa\u0142, a podczas ucieczki nie zwa\u017ca\u0142 r\u00f3wnie\u017c na inne pojazdy i trudne warunki atmosferyczne. Uciekaj\u0105c ulicami miasta jecha\u0142 w kierunku Kunic.<\/p>\n<p>Podczas po\u015bcigu wykonywa\u0142 gwa\u0142towne manewry, spycha\u0142 radiow\u00f3z uniemo\u017cliwiaj\u0105c funkcjonariuszom wyprzedzenie go. Podczas kolejnej pr\u00f3by wyprzedzenia podj\u0119tej przez<br \/>\npolicjant\u00f3w, kieruj\u0105cy uderzy\u0142 w bok radiowozu i zepchn\u0105\u0142 go w kierunku lewej kraw\u0119dzi jezdni, a nast\u0119pnie wpad\u0142 w po\u015blizg uderzaj\u0105c ponownie w radiow\u00f3z i w s\u0142up. Z uwagi na uszkodzenia pojazdu s\u0142u\u017cbowego policjanci nie mogli kontynuowa\u0107 po\u015bcigu, natomiast kierowca kontynuowa\u0142 ucieczk\u0119 uszkodzonym mercedesem. Porzuci\u0142 go po oko\u0142o 200 metrach, w rejonie skrzy\u017cowania, kiedy auto odm\u00f3wi\u0142o pos\u0142usze\u0144stwa. Funkcjonariusze rozpocz\u0119li dzia\u0142ania zmierzaj\u0105ce do zatrzymania m\u0119\u017cczyzny, kt\u00f3ry jak si\u0119 okaza\u0142o podczas pieszej ucieczki dokona\u0142 kradzie\u017cy zaparkowanego, otwartego VW Caddy. Ustalenia wskazywa\u0142y, \u017ce nie zatrzyma\u0142 si\u0119 r\u00f3wnie\u017c do kontroli prowadzonej przez niemieckich funkcjonariuszy i porzuci\u0142 skradziony pojazd.<\/p>\n<p>W wyniku podj\u0119tych dzia\u0142a\u0144 m\u0119\u017cczyzna zosta\u0142 zatrzymany kolejnego dnia na terenie powiatu boles\u0142awieckiego przez \u017carskich kryminalnych i policjant\u00f3w z boles\u0142awieckiej komendy. Jak si\u0119 okaza\u0142o, 29-latek by\u0142 poszukiwany i mia\u0142 do odsiadki 6 miesi\u0119cy, a ponadto posiada\u0142 s\u0105dowy zakaz prowadzenia pojazd\u00f3w mechanicznych. Przez swoje nieodpowiedzialne zachowanie jego lista przewinie\u0144 wyd\u0142u\u017cy\u0142a si\u0119 o kolejne przest\u0119pstwa.<\/p>\n<p>Mieszkaniec powiatu boles\u0142awieckiego zosta\u0142 przes\u0142uchany. Us\u0142ysza\u0142 mi\u0119dzy innymi zarzuty niezatrzymania si\u0119 do kontroli drogowej, zmuszania funkcjonariuszy do odst\u0105pienia od czynno\u015bci s\u0142u\u017cbowych, kradzie\u017cy zuchwa\u0142ej pojazdu i z\u0142amania \u200bs\u0105dowego zakazu kierowania. S\u0105d przychyli\u0142 si\u0119 do wniosku Prokuratury Rejonowej w \u017barach oraz Policji i aresztowa\u0142 29-latka na trzy miesi\u0105ce. Mo\u017ce mu grozi\u0107 do 8 lat pozbawienia wolno\u015bci.<\/p>\n<p style=\"text-align: right;\"><strong><span style=\"color: #999999;\">komisarz Aneta Berestecka<\/span><\/strong><br \/>\n<span style=\"color: #999999;\">Komenda Powiatowa Policji w \u017barach<\/span><\/p>\n","protected":false},"excerpt":{"rendered":"<p>\u017bARY | Na trzy miesi\u0105ce do aresztu trafi\u0142 29-latek, kt\u00f3ry nie zatrzyma\u0142 si\u0119 do kontroli, staranowa\u0142 radiow\u00f3z, ukrad\u0142 samoch\u00f3d i prowadzi\u0142 pomimo orzeczonego zakazu. Policjanci s\u0142u\u017cby patrolowej \u017carskiej komendy otrzymali informacj\u0119 o kradzie\u017cy paliwa, do kt\u00f3rej mia\u0142o doj\u015b\u0107 na jednej ze stacji. Sprawc\u0105 mia\u0142 by\u0107 kieruj\u0105cy samochodem marki Mercedes. Funkcjonariusze podczas s\u0142u\u017cby na jednym z [&hellip;]<\/p>\n","protected":false},"author":4,"featured_media":19057,"comment_status":"closed","ping_status":"closed","sticky":false,"template":"","format":"standard","meta":{"_monsterinsights_skip_tracking":false,"_monsterinsights_sitenote_active":false,"_monsterinsights_sitenote_note":"","_monsterinsights_sitenote_category":0,"footnotes":""},"categories":[20,21],"tags":[473,189,109,1119,1222,66],"class_list":["post-19058","post","type-post","status-publish","format-standard","has-post-thumbnail","hentry","category-informacje","category-wypadki-przypadki","tag-komenda-powiatowa-policji-w-zarach","tag-kradziez","tag-moja-gazeta","tag-policja","tag-poscig","tag-zary"],"_links":{"self":[{"href":"https:\/\/moja24.pl\/index.php\/wp-json\/wp\/v2\/posts\/19058","targetHints":{"allow":["GET"]}}],"collection":[{"href":"https:\/\/moja24.pl\/index.php\/wp-json\/wp\/v2\/posts"}],"about":[{"href":"https:\/\/moja24.pl\/index.php\/wp-json\/wp\/v2\/types\/post"}],"author":[{"embeddable":true,"href":"https:\/\/moja24.pl\/index.php\/wp-json\/wp\/v2\/users\/4"}],"replies":[{"embeddable":true,"href":"https:\/\/moja24.pl\/index.php\/wp-json\/wp\/v2\/comments?post=19058"}],"version-history":[{"count":1,"href":"https:\/\/moja24.pl\/index.php\/wp-json\/wp\/v2\/posts\/19058\/revisions"}],"predecessor-version":[{"id":19059,"href":"https:\/\/moja24.pl\/index.php\/wp-json\/wp\/v2\/posts\/19058\/revisions\/19059"}],"wp:featuredmedia":[{"embeddable":true,"href":"https:\/\/moja24.pl\/index.php\/wp-json\/wp\/v2\/media\/19057"}],"wp:attachment":[{"href":"https:\/\/moja24.pl\/index.php\/wp-json\/wp\/v2\/media?parent=19058"}],"wp:term":[{"taxonomy":"category","embeddable":true,"href":"https:\/\/moja24.pl\/index.php\/wp-json\/wp\/v2\/categories?post=19058"},{"taxonomy":"post_tag","embeddable":true,"href":"https:\/\/moja24.pl\/index.php\/wp-json\/wp\/v2\/tags?post=19058"}],"curies":[{"name":"wp","href":"https:\/\/api.w.org\/{rel}","templated":true}]}}