{"id":19076,"date":"2021-07-21T10:13:02","date_gmt":"2021-07-21T08:13:02","guid":{"rendered":"https:\/\/moja24.pl\/?p=19076"},"modified":"2021-07-21T10:13:02","modified_gmt":"2021-07-21T08:13:02","slug":"wakacje-w-miejskiej-bibliotece-publicznej","status":"publish","type":"post","link":"https:\/\/moja24.pl\/index.php\/2021\/07\/21\/wakacje-w-miejskiej-bibliotece-publicznej\/","title":{"rendered":"Wakacje w Miejskiej Bibliotece Publicznej"},"content":{"rendered":"<p><strong><span style=\"color: #ff0000;\">\u017bARY<\/span> | 13 lipca rozpocz\u0119\u0142y si\u0119 Wakacje w Bibliotece pod has\u0142em &#8222;Wakacyjny kuferek emocji&#8221;. Zaj\u0119cia odbywaj\u0105 si\u0119 od wtorku do pi\u0105tku w godzinach 10:00-12:00. Zako\u0144cz\u0105 si\u0119 20 sierpnia.<\/strong><\/p>\n<p>Tematem przewodnim tegorocznych wakacji s\u0105 uczucia i zwi\u0105zane z nimi emocje. Zaj\u0119cia maj\u0105 na celu nauczy\u0107 dzieci i m\u0142odzie\u017c oswajania si\u0119 z emocjami oraz m\u00f3wienia o nich, a tak\u017ce pokaza\u0107, \u017ce emocje s\u0105 cz\u0119\u015bci\u0105 naszego \u017cycia codziennego. Uczestnikom wakacyjnych spotka\u0144 proponujemy konkursy, g\u0142o\u015bne czytanie, zaj\u0119cia plastyczne, muzyczne, teatralne, zaj\u0119cia przy komputerze, projekcje film\u00f3w 3D.<\/p>\n<p>Spotkania odbywaj\u0105 w parku przy bibliotece przy ul. Wroc\u0142awskiej, w Oddziale dla Dzieci MBP oraz w Pracowni Multimedialnej MBP \u017bary. Uczestnicy wakacji zawitali r\u00f3wnie\u017c do Muzeum Pogranicza \u015al\u0105sko-\u0141u\u017cyckiego w \u017barach, gdzie uczestniczyli w warsztatach plastycznych. Opr\u00f3cz tego, 28 lipca przy\u0142\u0105czymy si\u0119 do akcji &#8222;\u015arody z \u017carskim PTTK&#8221; &#8211; we\u017amiemy udzia\u0142 w Que\u015bcie \u201eSzlakiem zwierz\u0105t w \u017barach\u201d.<\/p>\n<figure id=\"attachment_19073\" aria-describedby=\"caption-attachment-19073\" style=\"width: 640px\" class=\"wp-caption aligncenter\"><img loading=\"lazy\" decoding=\"async\" class=\"size-large wp-image-19073\" src=\"https:\/\/moja24.pl\/wp-content\/uploads\/2021\/07\/20210721_mbp3-1024x683.jpg\" alt=\"\" width=\"640\" height=\"427\" srcset=\"https:\/\/moja24.pl\/wp-content\/uploads\/2021\/07\/20210721_mbp3-1024x683.jpg 1024w, https:\/\/moja24.pl\/wp-content\/uploads\/2021\/07\/20210721_mbp3-300x200.jpg 300w, https:\/\/moja24.pl\/wp-content\/uploads\/2021\/07\/20210721_mbp3-768x512.jpg 768w, https:\/\/moja24.pl\/wp-content\/uploads\/2021\/07\/20210721_mbp3-1536x1025.jpg 1536w, https:\/\/moja24.pl\/wp-content\/uploads\/2021\/07\/20210721_mbp3-696x464.jpg 696w, https:\/\/moja24.pl\/wp-content\/uploads\/2021\/07\/20210721_mbp3-1068x712.jpg 1068w, https:\/\/moja24.pl\/wp-content\/uploads\/2021\/07\/20210721_mbp3-630x420.jpg 630w, https:\/\/moja24.pl\/wp-content\/uploads\/2021\/07\/20210721_mbp3-450x300.jpg 450w, https:\/\/moja24.pl\/wp-content\/uploads\/2021\/07\/20210721_mbp3.jpg 2000w\" sizes=\"auto, (max-width: 640px) 100vw, 640px\" \/><figcaption id=\"caption-attachment-19073\" class=\"wp-caption-text\">fot. MBP \u017bary<\/figcaption><\/figure>\n<figure id=\"attachment_19075\" aria-describedby=\"caption-attachment-19075\" style=\"width: 640px\" class=\"wp-caption aligncenter\"><img loading=\"lazy\" decoding=\"async\" class=\"size-large wp-image-19075\" src=\"https:\/\/moja24.pl\/wp-content\/uploads\/2021\/07\/20210721_mbp2-1024x682.jpg\" alt=\"\" width=\"640\" height=\"426\" srcset=\"https:\/\/moja24.pl\/wp-content\/uploads\/2021\/07\/20210721_mbp2-1024x682.jpg 1024w, https:\/\/moja24.pl\/wp-content\/uploads\/2021\/07\/20210721_mbp2-300x200.jpg 300w, https:\/\/moja24.pl\/wp-content\/uploads\/2021\/07\/20210721_mbp2-768x512.jpg 768w, https:\/\/moja24.pl\/wp-content\/uploads\/2021\/07\/20210721_mbp2-1536x1024.jpg 1536w, https:\/\/moja24.pl\/wp-content\/uploads\/2021\/07\/20210721_mbp2-696x464.jpg 696w, https:\/\/moja24.pl\/wp-content\/uploads\/2021\/07\/20210721_mbp2-1068x712.jpg 1068w, https:\/\/moja24.pl\/wp-content\/uploads\/2021\/07\/20210721_mbp2-630x420.jpg 630w, https:\/\/moja24.pl\/wp-content\/uploads\/2021\/07\/20210721_mbp2-450x300.jpg 450w, https:\/\/moja24.pl\/wp-content\/uploads\/2021\/07\/20210721_mbp2.jpg 2000w\" sizes=\"auto, (max-width: 640px) 100vw, 640px\" \/><figcaption id=\"caption-attachment-19075\" class=\"wp-caption-text\">fot. MBP \u017bary<\/figcaption><\/figure>\n<p style=\"text-align: right;\"><span style=\"color: #999999;\"><strong>Edyta Lachowska<\/strong><\/span><\/p>\n","protected":false},"excerpt":{"rendered":"<p>\u017bARY | 13 lipca rozpocz\u0119\u0142y si\u0119 Wakacje w Bibliotece pod has\u0142em &#8222;Wakacyjny kuferek emocji&#8221;. Zaj\u0119cia odbywaj\u0105 si\u0119 od wtorku do pi\u0105tku w godzinach 10:00-12:00. Zako\u0144cz\u0105 si\u0119 20 sierpnia. Tematem przewodnim tegorocznych wakacji s\u0105 uczucia i zwi\u0105zane z nimi emocje. Zaj\u0119cia maj\u0105 na celu nauczy\u0107 dzieci i m\u0142odzie\u017c oswajania si\u0119 z emocjami oraz m\u00f3wienia o nich, [&hellip;]<\/p>\n","protected":false},"author":4,"featured_media":19074,"comment_status":"closed","ping_status":"closed","sticky":false,"template":"","format":"standard","meta":{"_monsterinsights_skip_tracking":false,"_monsterinsights_sitenote_active":false,"_monsterinsights_sitenote_note":"","_monsterinsights_sitenote_category":0,"footnotes":""},"categories":[20,29,25],"tags":[2153,2298,109,1896,66],"class_list":["post-19076","post","type-post","status-publish","format-standard","has-post-thumbnail","hentry","category-informacje","category-kontakt-24","category-kultura-i-rozrywka","tag-mbp","tag-miejska-biblioteka-publiczna","tag-moja-gazeta","tag-wakacje","tag-zary"],"_links":{"self":[{"href":"https:\/\/moja24.pl\/index.php\/wp-json\/wp\/v2\/posts\/19076","targetHints":{"allow":["GET"]}}],"collection":[{"href":"https:\/\/moja24.pl\/index.php\/wp-json\/wp\/v2\/posts"}],"about":[{"href":"https:\/\/moja24.pl\/index.php\/wp-json\/wp\/v2\/types\/post"}],"author":[{"embeddable":true,"href":"https:\/\/moja24.pl\/index.php\/wp-json\/wp\/v2\/users\/4"}],"replies":[{"embeddable":true,"href":"https:\/\/moja24.pl\/index.php\/wp-json\/wp\/v2\/comments?post=19076"}],"version-history":[{"count":1,"href":"https:\/\/moja24.pl\/index.php\/wp-json\/wp\/v2\/posts\/19076\/revisions"}],"predecessor-version":[{"id":19077,"href":"https:\/\/moja24.pl\/index.php\/wp-json\/wp\/v2\/posts\/19076\/revisions\/19077"}],"wp:featuredmedia":[{"embeddable":true,"href":"https:\/\/moja24.pl\/index.php\/wp-json\/wp\/v2\/media\/19074"}],"wp:attachment":[{"href":"https:\/\/moja24.pl\/index.php\/wp-json\/wp\/v2\/media?parent=19076"}],"wp:term":[{"taxonomy":"category","embeddable":true,"href":"https:\/\/moja24.pl\/index.php\/wp-json\/wp\/v2\/categories?post=19076"},{"taxonomy":"post_tag","embeddable":true,"href":"https:\/\/moja24.pl\/index.php\/wp-json\/wp\/v2\/tags?post=19076"}],"curies":[{"name":"wp","href":"https:\/\/api.w.org\/{rel}","templated":true}]}}