{"id":19164,"date":"2021-08-03T12:00:49","date_gmt":"2021-08-03T10:00:49","guid":{"rendered":"https:\/\/moja24.pl\/?p=19164"},"modified":"2021-08-03T12:00:49","modified_gmt":"2021-08-03T10:00:49","slug":"pieszy-bezpieczny-na-przejsciu-dzialania-zarskiej-drogowki","status":"publish","type":"post","link":"https:\/\/moja24.pl\/index.php\/2021\/08\/03\/pieszy-bezpieczny-na-przejsciu-dzialania-zarskiej-drogowki\/","title":{"rendered":"Pieszy bezpieczny na przej\u015bciu. Dzia\u0142ania \u017carskiej drog\u00f3wki"},"content":{"rendered":"<p><strong><span style=\"color: #ff0000;\">\u017bARY<\/span> | Policjanci prowadzili dzia\u0142ania &#8222;Pieszy bezpieczny na przej\u015bciu&#8221;. Reagowali na wykroczenia pope\u0142niane przez kieruj\u0105cych wobec pieszych oraz wykroczenia pope\u0142niane przez pieszych, a tak\u017ce rozdawali odblaskowe opaski zakupione ze \u015brodk\u00f3w pozyskanych z Urz\u0119du Miejskiego w \u017barach.<\/strong><\/p>\n<p><strong>Kierowco pami\u0119taj:<\/strong><\/p>\n<p>Pieszy wchodz\u0105cy na przej\u015bcie dla pieszych lub ju\u017c znajduj\u0105cy si\u0119 na tym przej\u015bciu, ma pierwsze\u0144stwo przed pojazdem. Zatem kieruj\u0105cy musz\u0105 pami\u0119ta\u0107 o tym, \u017ce zbli\u017caj\u0105c si\u0119 do przej\u015bcia s\u0105 zobowi\u0105zani zachowa\u0107 szczeg\u00f3ln\u0105 ostro\u017cno\u015b\u0107, zmniejszy\u0107 pr\u0119dko\u015b\u0107 i ust\u0105pi\u0107 pierwsze\u0144stwa pieszemu znajduj\u0105cemu si\u0119 na tym przej\u015bciu albo wchodz\u0105cemu na nie.<\/p>\n<p><strong>Piesi powinni pami\u0119ta\u0107, \u017ce zabronione jest:<\/strong><\/p>\n<ul>\n<li>wchodzenie na jezdni\u0119 bezpo\u015brednio przed jad\u0105cy pojazd &#8211; na przej\u015bciach dla pieszych, w miejscach innych ni\u017c przej\u015bcia dla pieszych,<\/li>\n<li>wchodzenie na jezdni\u0119 spoza pojazdu lub innej przeszkody ograniczaj\u0105cej widoczno\u015b\u0107 drogi,<\/li>\n<li>przechodzenie przez jezdni\u0119 w miejscu, w kt\u00f3rym urz\u0105dzenia zabezpieczaj\u0105ce lub przeszkoda oddzielaj\u0105 drog\u0119 dla pieszych albo chodnik od jezdni,<\/li>\n<li>niestosowanie si\u0119 do znak\u00f3w drogowych dotycz\u0105cych ruchu pieszych,<\/li>\n<li>przechodzenie przez jezdni\u0119 w miejscach o ograniczonej widoczno\u015bci drogi,<\/li>\n<li>przebieganie przez jezdni\u0119,<\/li>\n<li>naruszenie obowi\u0105zku korzystania przez pieszego z chodnika lub drogi dla pieszych, a w razie ich braku &#8211; z pobocza,<\/li>\n<li>naruszenie przez pieszego id\u0105cego po poboczu lub jezdni, obowi\u0105zku poruszania si\u0119 po lewej stronie drogi,<\/li>\n<li>zgodnie z nowymi przepisami zabrania si\u0119 pieszym korzystania z telefonu lub innego urz\u0105dzenia elektronicznego podczas wchodzenia lub przechodzenia przez jezdni\u0119 lub torowisko, w tym r\u00f3wnie\u017c podczas wchodzenia lub przechodzenia przez przej\u015bcie dla pieszych \u2013 w spos\u00f3b, kt\u00f3ry prowadzi do ograniczenia mo\u017cliwo\u015bci obserwacji sytuacji na jezdni, torowisku lub przej\u015bciu dla pieszych.<\/li>\n<\/ul>\n<p style=\"text-align: right;\"><span style=\"color: #999999;\">kom. Aneta Berestecka<\/span><\/p>\n","protected":false},"excerpt":{"rendered":"<p>\u017bARY | Policjanci prowadzili dzia\u0142ania &#8222;Pieszy bezpieczny na przej\u015bciu&#8221;. Reagowali na wykroczenia pope\u0142niane przez kieruj\u0105cych wobec pieszych oraz wykroczenia pope\u0142niane przez pieszych, a tak\u017ce rozdawali odblaskowe opaski zakupione ze \u015brodk\u00f3w pozyskanych z Urz\u0119du Miejskiego w \u017barach. Kierowco pami\u0119taj: Pieszy wchodz\u0105cy na przej\u015bcie dla pieszych lub ju\u017c znajduj\u0105cy si\u0119 na tym przej\u015bciu, ma pierwsze\u0144stwo przed pojazdem. [&hellip;]<\/p>\n","protected":false},"author":4,"featured_media":19165,"comment_status":"closed","ping_status":"closed","sticky":false,"template":"","format":"standard","meta":{"_monsterinsights_skip_tracking":false,"_monsterinsights_sitenote_active":false,"_monsterinsights_sitenote_note":"","_monsterinsights_sitenote_category":0,"footnotes":""},"categories":[20,21],"tags":[473,109,1119,66],"class_list":["post-19164","post","type-post","status-publish","format-standard","has-post-thumbnail","hentry","category-informacje","category-wypadki-przypadki","tag-komenda-powiatowa-policji-w-zarach","tag-moja-gazeta","tag-policja","tag-zary"],"_links":{"self":[{"href":"https:\/\/moja24.pl\/index.php\/wp-json\/wp\/v2\/posts\/19164","targetHints":{"allow":["GET"]}}],"collection":[{"href":"https:\/\/moja24.pl\/index.php\/wp-json\/wp\/v2\/posts"}],"about":[{"href":"https:\/\/moja24.pl\/index.php\/wp-json\/wp\/v2\/types\/post"}],"author":[{"embeddable":true,"href":"https:\/\/moja24.pl\/index.php\/wp-json\/wp\/v2\/users\/4"}],"replies":[{"embeddable":true,"href":"https:\/\/moja24.pl\/index.php\/wp-json\/wp\/v2\/comments?post=19164"}],"version-history":[{"count":1,"href":"https:\/\/moja24.pl\/index.php\/wp-json\/wp\/v2\/posts\/19164\/revisions"}],"predecessor-version":[{"id":19166,"href":"https:\/\/moja24.pl\/index.php\/wp-json\/wp\/v2\/posts\/19164\/revisions\/19166"}],"wp:featuredmedia":[{"embeddable":true,"href":"https:\/\/moja24.pl\/index.php\/wp-json\/wp\/v2\/media\/19165"}],"wp:attachment":[{"href":"https:\/\/moja24.pl\/index.php\/wp-json\/wp\/v2\/media?parent=19164"}],"wp:term":[{"taxonomy":"category","embeddable":true,"href":"https:\/\/moja24.pl\/index.php\/wp-json\/wp\/v2\/categories?post=19164"},{"taxonomy":"post_tag","embeddable":true,"href":"https:\/\/moja24.pl\/index.php\/wp-json\/wp\/v2\/tags?post=19164"}],"curies":[{"name":"wp","href":"https:\/\/api.w.org\/{rel}","templated":true}]}}