{"id":1918,"date":"2017-03-09T12:31:26","date_gmt":"2017-03-09T11:31:26","guid":{"rendered":"http:\/\/moja24.pl\/?p=1918"},"modified":"2017-03-09T12:35:37","modified_gmt":"2017-03-09T11:35:37","slug":"okradla-dzieci-bedzie-ukarana","status":"publish","type":"post","link":"https:\/\/moja24.pl\/index.php\/2017\/03\/09\/okradla-dzieci-bedzie-ukarana\/","title":{"rendered":"Okrad\u0142a dzieci. B\u0119dzie ukarana."},"content":{"rendered":"<p>Nieuczciwa kobieta w okresie od pa\u017adziernika 2015 do listopada 2016 r. przyw\u0142aszcza\u0142a sobie pieni\u0105dze nale\u017c\u0105ce do Rady Rodzic\u00f3w przy szkole podstawowej z miejscowo\u015bci ko\u0142o \u017bar.\u00a0 Zbigniew F\u0105fera , rzecznik prasowy \u00a0zielonog\u00f3rskiej prokuratury nie mo\u017ce ujawni\u0107 , o kt\u00f3r\u0105 konkretnie szko\u0142\u0119 chodzi. Poinformowa\u0142, \u017ce skierowa\u0142 do s\u0105du wniosek o ukaranie 42 letniej kobiety, kt\u00f3ra przyzna\u0142a si\u0119 do zarzucanego jej czynu. Kobieta przyw\u0142aszczy\u0142a sobie 3\u00a0154 z\u0142 , pomimo \u017c\u0105dania zwrotu nadal pieni\u0119dzy nie odda\u0142a.<\/p>\n<p>Za to, \u017ce kobieta \u00a0okrad\u0142a uczni\u00f3w prokurator zawnioskowa\u0142 o kar\u0119 6 miesi\u0119cy ograniczenia wolno\u015bci, potr\u0105cenia 20 procent miesi\u0119cznie z wynagrodzenia za prac\u0119 na cel spo\u0142eczny wskazany przez s\u0105d oraz oczywi\u015bcie naprawienie szkody, czyli zwr\u00f3cenie zaw\u0142aszczonej kwoty<\/p>\n<p>Je\u017celi s\u0105d odrzuci wniosek prokuratora, \u00a0oskar\u017conej grozi kara pozbawienia wolno\u015bci od 3 miesi\u0119cy do 5 lat.<\/p>\n<p><em>MK<\/em><\/p>\n","protected":false},"excerpt":{"rendered":"<p>Nieuczciwa kobieta w okresie od pa\u017adziernika 2015 do listopada 2016 r. przyw\u0142aszcza\u0142a sobie pieni\u0105dze nale\u017c\u0105ce do Rady Rodzic\u00f3w przy szkole podstawowej z miejscowo\u015bci ko\u0142o \u017bar.\u00a0 Zbigniew F\u0105fera , rzecznik prasowy \u00a0zielonog\u00f3rskiej prokuratury nie mo\u017ce ujawni\u0107 , o kt\u00f3r\u0105 konkretnie szko\u0142\u0119 chodzi. Poinformowa\u0142, \u017ce skierowa\u0142 do s\u0105du wniosek o ukaranie 42 letniej kobiety, kt\u00f3ra przyzna\u0142a si\u0119 [&hellip;]<\/p>\n","protected":false},"author":2,"featured_media":1920,"comment_status":"closed","ping_status":"closed","sticky":false,"template":"","format":"standard","meta":{"_monsterinsights_skip_tracking":false,"_monsterinsights_sitenote_active":false,"_monsterinsights_sitenote_note":"","_monsterinsights_sitenote_category":0,"footnotes":""},"categories":[20,21],"tags":[218,217,53,146,74,67,109,158,33,157,61,104,233,111,145,113,51,49,66],"class_list":["post-1918","post","type-post","status-publish","format-standard","has-post-thumbnail","hentry","category-informacje","category-wypadki-przypadki","tag-gazeta-lokalna-zary","tag-gazeta-regionalna-zary","tag-informacje-lubuskie","tag-informacje-powiat-zary","tag-informacje-zary","tag-miasto-zary","tag-moja-gazeta","tag-moja24-pl","tag-policja-zary","tag-portal-informacyjny-moja-gazeta","tag-powiat-zary","tag-prokuratura-rejonowa-zary","tag-tygodnik-lokalny-lubsko","tag-tygodnik-zary","tag-wiadomosci-powiat-zarski","tag-wiadomosci-z-zar","tag-widaomosci-zagan","tag-zagan","tag-zary"],"_links":{"self":[{"href":"https:\/\/moja24.pl\/index.php\/wp-json\/wp\/v2\/posts\/1918","targetHints":{"allow":["GET"]}}],"collection":[{"href":"https:\/\/moja24.pl\/index.php\/wp-json\/wp\/v2\/posts"}],"about":[{"href":"https:\/\/moja24.pl\/index.php\/wp-json\/wp\/v2\/types\/post"}],"author":[{"embeddable":true,"href":"https:\/\/moja24.pl\/index.php\/wp-json\/wp\/v2\/users\/2"}],"replies":[{"embeddable":true,"href":"https:\/\/moja24.pl\/index.php\/wp-json\/wp\/v2\/comments?post=1918"}],"version-history":[{"count":3,"href":"https:\/\/moja24.pl\/index.php\/wp-json\/wp\/v2\/posts\/1918\/revisions"}],"predecessor-version":[{"id":1922,"href":"https:\/\/moja24.pl\/index.php\/wp-json\/wp\/v2\/posts\/1918\/revisions\/1922"}],"wp:featuredmedia":[{"embeddable":true,"href":"https:\/\/moja24.pl\/index.php\/wp-json\/wp\/v2\/media\/1920"}],"wp:attachment":[{"href":"https:\/\/moja24.pl\/index.php\/wp-json\/wp\/v2\/media?parent=1918"}],"wp:term":[{"taxonomy":"category","embeddable":true,"href":"https:\/\/moja24.pl\/index.php\/wp-json\/wp\/v2\/categories?post=1918"},{"taxonomy":"post_tag","embeddable":true,"href":"https:\/\/moja24.pl\/index.php\/wp-json\/wp\/v2\/tags?post=1918"}],"curies":[{"name":"wp","href":"https:\/\/api.w.org\/{rel}","templated":true}]}}