{"id":19224,"date":"2021-08-06T19:14:47","date_gmt":"2021-08-06T17:14:47","guid":{"rendered":"https:\/\/moja24.pl\/?p=19224"},"modified":"2021-08-06T19:14:47","modified_gmt":"2021-08-06T17:14:47","slug":"zapracowali-sobie-na-awans","status":"publish","type":"post","link":"https:\/\/moja24.pl\/index.php\/2021\/08\/06\/zapracowali-sobie-na-awans\/","title":{"rendered":"Zapracowali sobie na awans"},"content":{"rendered":"<p><strong><span style=\"color: #ff0000;\">GMINA \u017bARY<\/span> | Czworo nauczycieli szk\u00f3\u0142 podstawowych prowadzonych przez Gmin\u0119 \u017bary otrzyma\u0142o z r\u0105k w\u00f3jta Leszka Mro\u017cka akty mianowania na kolejny stopie\u0144 awansu zawodowego.<\/strong><\/p>\n<p>Za nimi ju\u017c ostatni etap procedury awansu zawodowego na stopie\u0144 nauczyciela mianowanego. Wcze\u015bniej odbyli sta\u017c trwaj\u0105cy 2 lata i 9 miesi\u0119cy, podczas kt\u00f3rego wsp\u00f3\u0142pracowali z opiekunem, doskonalili swoje umiej\u0119tno\u015bci i kompletowali dokumentacj\u0119. Po zako\u0144czeniu sta\u017cu, na podstawie pozytywnej opinii na temat dorobku zawodowego wystawionej przez dyrektor\u00f3w poszczeg\u00f3lnych szk\u00f3\u0142, nauczyciele przyst\u0105pili do egzaminu. Egzaminy odby\u0142y si\u0119 30 lipca 2021 r. w urz\u0119dzie gminy.<\/p>\n<p>5 sierpnia W\u00f3jt Gminy \u017bary Leszek Mro\u017cek wr\u0119czy\u0142 czw\u00f3rce nauczycieli akty mianowania. To Ma\u0142gorzata Ochnicka-Dobek i Agnieszka Surwi\u0142o ze Szko\u0142y Podstawowej w Mirostowicach Dolnych, Ma\u0142gorzata Adamek ze Szko\u0142y Podstawowej w Z\u0142otniku oraz Marcin Stec ze Szko\u0142y Podstawowej w Bieniowie. By\u0142y r\u00f3wnie\u017c gratulacje, drobne upominki i \u017cyczenia dalszych sukces\u00f3w zawodowych oraz w \u017cyciu prywatnym. Uzyskanie awansu zawodowego gwarantuje nauczycielom podwy\u017ck\u0119 wynagrodzenia zasadniczego od wrze\u015bnia.<\/p>\n<p style=\"text-align: right;\"><span style=\"color: #999999;\">ATB (\u017ar\u00f3d\u0142o UG \u017bary)<\/span><\/p>\n","protected":false},"excerpt":{"rendered":"<p>GMINA \u017bARY | Czworo nauczycieli szk\u00f3\u0142 podstawowych prowadzonych przez Gmin\u0119 \u017bary otrzyma\u0142o z r\u0105k w\u00f3jta Leszka Mro\u017cka akty mianowania na kolejny stopie\u0144 awansu zawodowego. Za nimi ju\u017c ostatni etap procedury awansu zawodowego na stopie\u0144 nauczyciela mianowanego. Wcze\u015bniej odbyli sta\u017c trwaj\u0105cy 2 lata i 9 miesi\u0119cy, podczas kt\u00f3rego wsp\u00f3\u0142pracowali z opiekunem, doskonalili swoje umiej\u0119tno\u015bci i kompletowali [&hellip;]<\/p>\n","protected":false},"author":4,"featured_media":19225,"comment_status":"closed","ping_status":"closed","sticky":false,"template":"","format":"standard","meta":{"_monsterinsights_skip_tracking":false,"_monsterinsights_sitenote_active":false,"_monsterinsights_sitenote_note":"","_monsterinsights_sitenote_category":0,"footnotes":""},"categories":[22,20],"tags":[269,442,109,2620],"class_list":["post-19224","post","type-post","status-publish","format-standard","has-post-thumbnail","hentry","category-edukacja","category-informacje","tag-gmina-zary","tag-leszek-mrozek","tag-moja-gazeta","tag-nauczyciele-mianowani"],"_links":{"self":[{"href":"https:\/\/moja24.pl\/index.php\/wp-json\/wp\/v2\/posts\/19224","targetHints":{"allow":["GET"]}}],"collection":[{"href":"https:\/\/moja24.pl\/index.php\/wp-json\/wp\/v2\/posts"}],"about":[{"href":"https:\/\/moja24.pl\/index.php\/wp-json\/wp\/v2\/types\/post"}],"author":[{"embeddable":true,"href":"https:\/\/moja24.pl\/index.php\/wp-json\/wp\/v2\/users\/4"}],"replies":[{"embeddable":true,"href":"https:\/\/moja24.pl\/index.php\/wp-json\/wp\/v2\/comments?post=19224"}],"version-history":[{"count":1,"href":"https:\/\/moja24.pl\/index.php\/wp-json\/wp\/v2\/posts\/19224\/revisions"}],"predecessor-version":[{"id":19226,"href":"https:\/\/moja24.pl\/index.php\/wp-json\/wp\/v2\/posts\/19224\/revisions\/19226"}],"wp:featuredmedia":[{"embeddable":true,"href":"https:\/\/moja24.pl\/index.php\/wp-json\/wp\/v2\/media\/19225"}],"wp:attachment":[{"href":"https:\/\/moja24.pl\/index.php\/wp-json\/wp\/v2\/media?parent=19224"}],"wp:term":[{"taxonomy":"category","embeddable":true,"href":"https:\/\/moja24.pl\/index.php\/wp-json\/wp\/v2\/categories?post=19224"},{"taxonomy":"post_tag","embeddable":true,"href":"https:\/\/moja24.pl\/index.php\/wp-json\/wp\/v2\/tags?post=19224"}],"curies":[{"name":"wp","href":"https:\/\/api.w.org\/{rel}","templated":true}]}}