{"id":1930,"date":"2017-03-11T17:31:29","date_gmt":"2017-03-11T16:31:29","guid":{"rendered":"http:\/\/moja24.pl\/?p=1930"},"modified":"2017-03-10T22:37:52","modified_gmt":"2017-03-10T21:37:52","slug":"zaganska-bedzie-bezpieczna","status":"publish","type":"post","link":"https:\/\/moja24.pl\/index.php\/2017\/03\/11\/zaganska-bedzie-bezpieczna\/","title":{"rendered":"\u017baga\u0144ska b\u0119dzie bezpieczna"},"content":{"rendered":"<p><span id=\"tekst\"><strong><br \/>\n<img loading=\"lazy\" decoding=\"async\" class=\"alignleft size-medium wp-image-1935\" src=\"http:\/\/moja24.pl\/wp-content\/uploads\/2017\/03\/\u017baga\u0144ska-b\u0119dzie-bezpieczna-\u017barka-300x168.jpg\" alt=\"\" width=\"300\" height=\"168\" srcset=\"https:\/\/moja24.pl\/wp-content\/uploads\/2017\/03\/\u017baga\u0144ska-b\u0119dzie-bezpieczna-\u017barka-300x168.jpg 300w, https:\/\/moja24.pl\/wp-content\/uploads\/2017\/03\/\u017baga\u0144ska-b\u0119dzie-bezpieczna-\u017barka-696x391.jpg 696w, https:\/\/moja24.pl\/wp-content\/uploads\/2017\/03\/\u017baga\u0144ska-b\u0119dzie-bezpieczna-\u017barka.jpg 700w\" sizes=\"auto, (max-width: 300px) 100vw, 300px\" \/>Regulacja koryta rzeczki \u017barki na terenie miasta, modernizacja odcink\u00f3w zabudowanych, a przede wszystkim budowa drugiego r\u00f3wnoleg\u0142ego kana\u0142u wzd\u0142u\u017c ulicy \u017baga\u0144skiej, to projekt oszacowany na 24 miliony z\u0142otych.<\/strong><br \/>\n<\/span><\/p>\n<p>Inwestycja ma ruszy\u0107 w tym roku. Wniosek o pozwolenie na budow\u0119 wraz z kompletem dokumentacji zosta\u0142 ju\u017c z\u0142o\u017cony. Po jego otrzymaniu zarz\u0105dca rzeki, czyli Lubuski Zarz\u0105d Melioracji i Urz\u0105dze\u0144 Wodnych w Zielonej G\u00f3rze, og\u0142osi przetarg i wy\u0142oni wykonawc\u0119. Je\u015bli nie b\u0119dzie protest\u00f3w, czy odwo\u0142a\u0144, to wszystko powinno p\u00f3j\u015b\u0107 zgodnie z za\u0142o\u017conymi terminami.<\/p>\n<p>&#8211; Musimy jeszcze czeka\u0107 na decyzj\u0119 komisji europejskiej o zatwierdzeniu tak zwanej aktualizacji stanu gospodarowania wodami &#8211; informuje Waldemar Starosta, dyrektor LZMiUW. &#8211; Jest to wym\u00f3g Regionalnego Programu Operacyjnego, ale s\u0105 ju\u017c jakie\u015b zapewnienia, \u017ce komisja powinna to zatwierdzi\u0107. &#8211; uspokaja.<\/p>\n<p>Zgodnie z za\u0142o\u017conym planem, inwestycja powinna zako\u0144czy\u0107 si\u0119 w 2019 roku.<\/p>\n<p><b><img loading=\"lazy\" decoding=\"async\" class=\"alignleft size-medium wp-image-1934\" src=\"http:\/\/moja24.pl\/wp-content\/uploads\/2017\/03\/\u017baga\u0144ska-b\u0119dzie-bezpieczna-Wicemarsza\u0142ek-Tomczyszyn-246x300.jpg\" alt=\"\" width=\"246\" height=\"300\" srcset=\"https:\/\/moja24.pl\/wp-content\/uploads\/2017\/03\/\u017baga\u0144ska-b\u0119dzie-bezpieczna-Wicemarsza\u0142ek-Tomczyszyn-246x300.jpg 246w, https:\/\/moja24.pl\/wp-content\/uploads\/2017\/03\/\u017baga\u0144ska-b\u0119dzie-bezpieczna-Wicemarsza\u0142ek-Tomczyszyn-344x420.jpg 344w, https:\/\/moja24.pl\/wp-content\/uploads\/2017\/03\/\u017baga\u0144ska-b\u0119dzie-bezpieczna-Wicemarsza\u0142ek-Tomczyszyn.jpg 574w\" sizes=\"auto, (max-width: 246px) 100vw, 246px\" \/>Stanis\u0142aw Tomczyszyn, wicemarsza\u0142ek wojew\u00f3dztwa lubuskiego<\/b><\/p>\n<p>&#8211; Je\u017celi dobrze p\u00f3jdzie, spr\u00f3bujemy mo\u017ce w kwietniu z\u0142o\u017cy\u0107 do Regionalnego Programu Operacyjnego odbudow\u0119 rzeki \u017barki. Wyst\u0119powa\u0142o tam du\u017ce zagro\u017cenie w przypadku wi\u0119kszych roztop\u00f3w czy nawa\u0142nic. B\u0119dzie to spora inwestycja wzd\u0142u\u017c ulicy \u017baga\u0144skiej. Mo\u017ce uda si\u0119 wy\u0142oni\u0107 wykonawc\u0119 ju\u017c w po\u0142owie tego roku.<\/p>\n<p>Pozyskali\u015bmy 460 milion\u00f3w z\u0142otych z Banku \u015awiatowego, chcemy w zwi\u0105zku z tym w ci\u0105gu najbli\u017cszych kilku lat mocno zainwestowa\u0107 w ochron\u0119 przeciwpowodziow\u0105 na terenie wojew\u00f3dztwa.<\/p>\n<p><b><img loading=\"lazy\" decoding=\"async\" class=\"alignleft size-medium wp-image-1933\" src=\"http:\/\/moja24.pl\/wp-content\/uploads\/2017\/03\/\u017baga\u0144ska-b\u0119dzie-bezpieczna-Fali\u0144ski-P.--224x300.jpg\" alt=\"\" width=\"224\" height=\"300\" srcset=\"https:\/\/moja24.pl\/wp-content\/uploads\/2017\/03\/\u017baga\u0144ska-b\u0119dzie-bezpieczna-Fali\u0144ski-P.--224x300.jpg 224w, https:\/\/moja24.pl\/wp-content\/uploads\/2017\/03\/\u017baga\u0144ska-b\u0119dzie-bezpieczna-Fali\u0144ski-P.--314x420.jpg 314w, https:\/\/moja24.pl\/wp-content\/uploads\/2017\/03\/\u017baga\u0144ska-b\u0119dzie-bezpieczna-Fali\u0144ski-P.-.jpg 523w\" sizes=\"auto, (max-width: 224px) 100vw, 224px\" \/>Patryk Fali\u0144ski, wiceburmistrz \u017bar<\/b><\/p>\n<p>&#8211; To inwestycja bardzo wa\u017cna dla miasta, przede wszystkim ze wzgl\u0119du na bezpiecze\u0144stwo mieszka\u0144c\u00f3w. W latach 2010-2015 kilkukrotnie dochodzi\u0142o do du\u017cych zala\u0144 ulicy \u017baga\u0144skiej oraz przyleg\u0142ych, spowodowanych gwa\u0142townymi nawa\u0142nicami. Powodowa\u0142o to du\u017ce szkody w gospodarstwach domowych. Infrastruktura drogowa i kanalizacyjna nie potrafi\u0142a odebra\u0107 takiej ilo\u015bci wody, a kana\u0142 \u017barki by\u0142 niewystarczaj\u0105cy. Od d\u0142u\u017cszego czasu walczymy o to, aby w bud\u017cecie wojew\u00f3dztwa znalaz\u0142y si\u0119 pieni\u0105dze na rozwi\u0105zanie tego problemu. I tak si\u0119 sta\u0142o. Kilka lat temu znalaz\u0142y si\u0119 \u015brodki na projekt budowlany. Zgromadzenie wszelkich dokument\u00f3w potrzebnych do uzyskania pozwolenia na budow\u0119 by\u0142o bardzo trudne. Miasto wspar\u0142o ten projekt z w\u0142asnego bud\u017cetu kwot\u0105 p\u00f3\u0142 miliona z\u0142otych z przeznaczeniem na wykonanie dokumentacji techniczno-budowlanej. Brali\u015bmy czynny udzia\u0142 we wszystkich pracach projektowych. Nale\u017cy wspomnie\u0107, \u017ce by\u0142y r\u00f3wnie\u017c konflikty z mieszka\u0144cami \u017bar, co mog\u0119 zrozumie\u0107 w zwi\u0105zku z tym, \u017ce narusza\u0142o to ich w\u0142asno\u015b\u0107 gruntow\u0105. Starali\u015bmy si\u0119 rozwi\u0105zywa\u0107 te problemy na w\u0142asnym podw\u00f3rku. Organizowali\u015bmy spotkania, kt\u00f3re mia\u0142y zbli\u017cy\u0107 stanowiska obu stron.<\/p>\n<p><img loading=\"lazy\" decoding=\"async\" class=\"alignleft size-medium wp-image-1932\" src=\"http:\/\/moja24.pl\/wp-content\/uploads\/2017\/03\/\u017baga\u0144ska-b\u0119dzie-bezpieczna-1-300x168.jpg\" alt=\"\" width=\"300\" height=\"168\" srcset=\"https:\/\/moja24.pl\/wp-content\/uploads\/2017\/03\/\u017baga\u0144ska-b\u0119dzie-bezpieczna-1-300x168.jpg 300w, https:\/\/moja24.pl\/wp-content\/uploads\/2017\/03\/\u017baga\u0144ska-b\u0119dzie-bezpieczna-1-696x391.jpg 696w, https:\/\/moja24.pl\/wp-content\/uploads\/2017\/03\/\u017baga\u0144ska-b\u0119dzie-bezpieczna-1.jpg 700w\" sizes=\"auto, (max-width: 300px) 100vw, 300px\" \/>W ostatnich dw\u00f3ch latach uda\u0142o si\u0119 unikn\u0105\u0107 kolejnych zala\u0144 i ma to niew\u0105tpliwie zwi\u0105zek z przebudowan\u0105 w ubieg\u0142ym roku ulic\u0105 \u017baga\u0144sk\u0105. Jednym z element\u00f3w tej inwestycji by\u0142 kolektor deszczowy zaprojektowany w takich przekrojach, by m\u00f3g\u0142 szybciej odbiera\u0107 wod\u0119 deszczow\u0105. A trzeba pami\u0119ta\u0107, \u017ce ulica \u017baga\u0144ska to jeden z najni\u017cej po\u0142o\u017conych punkt\u00f3w miasta. Nadal jednak priorytetem jest przebudowa rzeki \u017barki, aby miasto by\u0142o &#8211; mam nadziej\u0119 &#8211; definitywnie zabezpieczone na wypadek nag\u0142ych anomalii pogodowych.<\/p>\n<p>Mog\u0119 zadeklarowa\u0107, \u017ce b\u0119dziemy wspiera\u0107 realizacj\u0119 tej inwestycji na ka\u017cdym jej etapie.<\/p>\n<p id=\"tekst\" align=\"right\"><i>Andrzej Buczy\u0144ski<\/i><\/p>\n","protected":false},"excerpt":{"rendered":"<p>Regulacja koryta rzeczki \u017barki na terenie miasta, modernizacja odcink\u00f3w zabudowanych, a przede wszystkim budowa drugiego r\u00f3wnoleg\u0142ego kana\u0142u wzd\u0142u\u017c ulicy \u017baga\u0144skiej, to projekt oszacowany na 24 miliony z\u0142otych. Inwestycja ma ruszy\u0107 w tym roku. Wniosek o pozwolenie na budow\u0119 wraz z kompletem dokumentacji zosta\u0142 ju\u017c z\u0142o\u017cony. Po jego otrzymaniu zarz\u0105dca rzeki, czyli Lubuski Zarz\u0105d Melioracji i [&hellip;]<\/p>\n","protected":false},"author":2,"featured_media":1981,"comment_status":"closed","ping_status":"closed","sticky":false,"template":"","format":"standard","meta":{"_monsterinsights_skip_tracking":false,"_monsterinsights_sitenote_active":false,"_monsterinsights_sitenote_note":"","_monsterinsights_sitenote_category":0,"footnotes":""},"categories":[20],"tags":[218,217,116,53,227,254,146,52,74,284,58,157,156,165,61,174,229,111,325,68,145,114,113,73,326,49,324,66],"class_list":["post-1930","post","type-post","status-publish","format-standard","has-post-thumbnail","hentry","category-informacje","tag-gazeta-lokalna-zary","tag-gazeta-regionalna-zary","tag-informacje-lubsko","tag-informacje-lubuskie","tag-informacje-powiat-zagan","tag-informacje-powiat-zarski","tag-informacje-powiat-zary","tag-informacje-zagan","tag-informacje-zary","tag-jasien","tag-lubsko","tag-portal-informacyjny-moja-gazeta","tag-portal-informacyjny-moja24-pl","tag-portal-informacyjny-zary","tag-powiat-zary","tag-straz-pozarna-zary","tag-tygodnik-regionalny-moja-gazeta","tag-tygodnik-zary","tag-ul-zaganska-zary","tag-urzad-miasta-zary","tag-wiadomosci-powiat-zarski","tag-wiadomosci-z-zagania","tag-wiadomosci-z-zar","tag-wiadomosci-zary","tag-woadomosci-lubsko","tag-zagan","tag-zarka","tag-zary"],"_links":{"self":[{"href":"https:\/\/moja24.pl\/index.php\/wp-json\/wp\/v2\/posts\/1930","targetHints":{"allow":["GET"]}}],"collection":[{"href":"https:\/\/moja24.pl\/index.php\/wp-json\/wp\/v2\/posts"}],"about":[{"href":"https:\/\/moja24.pl\/index.php\/wp-json\/wp\/v2\/types\/post"}],"author":[{"embeddable":true,"href":"https:\/\/moja24.pl\/index.php\/wp-json\/wp\/v2\/users\/2"}],"replies":[{"embeddable":true,"href":"https:\/\/moja24.pl\/index.php\/wp-json\/wp\/v2\/comments?post=1930"}],"version-history":[{"count":4,"href":"https:\/\/moja24.pl\/index.php\/wp-json\/wp\/v2\/posts\/1930\/revisions"}],"predecessor-version":[{"id":1982,"href":"https:\/\/moja24.pl\/index.php\/wp-json\/wp\/v2\/posts\/1930\/revisions\/1982"}],"wp:featuredmedia":[{"embeddable":true,"href":"https:\/\/moja24.pl\/index.php\/wp-json\/wp\/v2\/media\/1981"}],"wp:attachment":[{"href":"https:\/\/moja24.pl\/index.php\/wp-json\/wp\/v2\/media?parent=1930"}],"wp:term":[{"taxonomy":"category","embeddable":true,"href":"https:\/\/moja24.pl\/index.php\/wp-json\/wp\/v2\/categories?post=1930"},{"taxonomy":"post_tag","embeddable":true,"href":"https:\/\/moja24.pl\/index.php\/wp-json\/wp\/v2\/tags?post=1930"}],"curies":[{"name":"wp","href":"https:\/\/api.w.org\/{rel}","templated":true}]}}