{"id":19335,"date":"2021-08-23T22:39:58","date_gmt":"2021-08-23T20:39:58","guid":{"rendered":"https:\/\/moja24.pl\/?p=19335"},"modified":"2021-08-23T22:39:58","modified_gmt":"2021-08-23T20:39:58","slug":"najpiekniejsze-wience-nagrodzone-pojada-na-dozynki-wojewodzkie","status":"publish","type":"post","link":"https:\/\/moja24.pl\/index.php\/2021\/08\/23\/najpiekniejsze-wience-nagrodzone-pojada-na-dozynki-wojewodzkie\/","title":{"rendered":"Najpi\u0119kniejsze wie\u0144ce nagrodzone. Pojad\u0105 na do\u017cynki wojew\u00f3dzkie"},"content":{"rendered":"<p><strong><span style=\"color: #ff0000;\">GMINA \u017bARY<\/span> | 22 sierpnia podczas gminnego \u015awi\u0119ta Plon\u00f3w w Biedrzychowicach Dolnych rozstrzygni\u0119to konkurs na najpi\u0119kniejszy wieniec do\u017cynkowy. By\u0142o co podziwia\u0107.<\/strong><\/p>\n<p>Na pierwszy rzut oka&#8230; wieniec jak wieniec. Upleciony z r\u00f3\u017cnych zb\u00f3\u017c, z dodatkami ziaren, pieczywa, czy innych ozd\u00f3b. Ale dopiero gdy przyjrzymy si\u0119 bli\u017cej, mo\u017cna dostrzec, \u017ce ka\u017cdy k\u0142os jest idealny, a taki trzeba najpierw znale\u017a\u0107. Nic dziwnego, \u017ce praca nad wie\u0144cem mo\u017ce trwa\u0107 nawet d\u0142ugie tygodnie. I to te\u017c zosta\u0142o docenione. W\u00f3jt Leszek Mro\u017cek postanowi\u0142 nagrodzi\u0107 wszystkich tw\u00f3rc\u00f3w. Do konkursu zg\u0142oszono 27 wie\u0144c\u00f3w do\u017cynkowych. Wszyscy ci, kt\u00f3rzy w tym roku nie zdobyli nagr\u00f3d lub wyr\u00f3\u017cnie\u0144, i tak otrzymali talony na kwot\u0119 500 z\u0142.<\/p>\n<p>Natomiast jury konkursu postanowi\u0142o przyzna\u0107 po trzy nagrody i po jednym wyr\u00f3\u017cnieniu w dw\u00f3ch kategoriach.<br \/>\n<strong>W kategorii wie\u0144ca tradycyjnego nagrodzono:<\/strong><br \/>\nI miejsce &#8211; KGW Mirostowice G\u00f3rne &#8211; 1500 z\u0142<br \/>\nII miejsce &#8211; KGW Olbracht\u00f3w &#8211; 1200 z\u0142<br \/>\nIII miejsce &#8211; &#8222;Karolinki&#8221; z Grabika &#8211; 1000 z\u0142<br \/>\nWyr\u00f3\u017cnienie &#8211; KGW &#8222;\u0141azowianki&#8221; z \u0141azu &#8211; 700 z\u0142<br \/>\n<strong>W kategorii wie\u0144ca wsp\u00f3\u0142czesnego nagrodzono:<\/strong><br \/>\nI miejsce &#8211; &#8222;Weso\u0142a Gromada&#8221; z Mirostowic G\u00f3rnych &#8211; 1500 z\u0142<br \/>\nII miejsce &#8211; &#8222;Jutrzenka&#8221; z Olbrachtowa &#8211; 1200 z\u0142<br \/>\nIII miejsce &#8211; Agnieszka Stodolska, Estera Rzeszut i Angelika Janiak z W\u0142ostowa &#8211; 1000 z\u0142<br \/>\nWyr\u00f3\u017cnienie &#8211; KGW Grabik &#8211; 700 z\u0142.<\/p>\n<figure id=\"attachment_19338\" aria-describedby=\"caption-attachment-19338\" style=\"width: 2048px\" class=\"wp-caption aligncenter\"><img loading=\"lazy\" decoding=\"async\" class=\"size-full wp-image-19338\" src=\"https:\/\/moja24.pl\/wp-content\/uploads\/2021\/08\/20210823_dozynki3.jpg\" alt=\"\" width=\"2048\" height=\"1365\" srcset=\"https:\/\/moja24.pl\/wp-content\/uploads\/2021\/08\/20210823_dozynki3.jpg 2048w, https:\/\/moja24.pl\/wp-content\/uploads\/2021\/08\/20210823_dozynki3-300x200.jpg 300w, https:\/\/moja24.pl\/wp-content\/uploads\/2021\/08\/20210823_dozynki3-1024x683.jpg 1024w, https:\/\/moja24.pl\/wp-content\/uploads\/2021\/08\/20210823_dozynki3-768x512.jpg 768w, https:\/\/moja24.pl\/wp-content\/uploads\/2021\/08\/20210823_dozynki3-1536x1024.jpg 1536w, https:\/\/moja24.pl\/wp-content\/uploads\/2021\/08\/20210823_dozynki3-696x464.jpg 696w, https:\/\/moja24.pl\/wp-content\/uploads\/2021\/08\/20210823_dozynki3-1068x712.jpg 1068w, https:\/\/moja24.pl\/wp-content\/uploads\/2021\/08\/20210823_dozynki3-630x420.jpg 630w, https:\/\/moja24.pl\/wp-content\/uploads\/2021\/08\/20210823_dozynki3-450x300.jpg 450w\" sizes=\"auto, (max-width: 2048px) 100vw, 2048px\" \/><figcaption id=\"caption-attachment-19338\" class=\"wp-caption-text\">I miejsce w kategorii wie\u0144ca tradycyjnego. fot. Andrzej Buczy\u0144ski<\/figcaption><\/figure>\n<figure id=\"attachment_19337\" aria-describedby=\"caption-attachment-19337\" style=\"width: 2048px\" class=\"wp-caption aligncenter\"><img loading=\"lazy\" decoding=\"async\" class=\"size-full wp-image-19337\" src=\"https:\/\/moja24.pl\/wp-content\/uploads\/2021\/08\/20210823_dozynki2.jpg\" alt=\"\" width=\"2048\" height=\"1365\" srcset=\"https:\/\/moja24.pl\/wp-content\/uploads\/2021\/08\/20210823_dozynki2.jpg 2048w, https:\/\/moja24.pl\/wp-content\/uploads\/2021\/08\/20210823_dozynki2-300x200.jpg 300w, https:\/\/moja24.pl\/wp-content\/uploads\/2021\/08\/20210823_dozynki2-1024x683.jpg 1024w, https:\/\/moja24.pl\/wp-content\/uploads\/2021\/08\/20210823_dozynki2-768x512.jpg 768w, https:\/\/moja24.pl\/wp-content\/uploads\/2021\/08\/20210823_dozynki2-1536x1024.jpg 1536w, https:\/\/moja24.pl\/wp-content\/uploads\/2021\/08\/20210823_dozynki2-696x464.jpg 696w, https:\/\/moja24.pl\/wp-content\/uploads\/2021\/08\/20210823_dozynki2-1068x712.jpg 1068w, https:\/\/moja24.pl\/wp-content\/uploads\/2021\/08\/20210823_dozynki2-630x420.jpg 630w, https:\/\/moja24.pl\/wp-content\/uploads\/2021\/08\/20210823_dozynki2-450x300.jpg 450w\" sizes=\"auto, (max-width: 2048px) 100vw, 2048px\" \/><figcaption id=\"caption-attachment-19337\" class=\"wp-caption-text\">I miejsce w kategorii wie\u0144ca wsp\u00f3\u0142czesnego. fot. Andrzej Buczy\u0144ski<\/figcaption><\/figure>\n<p>Dodatkowo, zwyci\u0119zcom obydwu kategorii, starosta J\u00f3zef Radzion wr\u0119czy\u0142 talony na 500 z\u0142, b\u0119d\u0105ce jednocze\u015bnie &#8222;przepustk\u0105&#8221; do reprezentowania powiatu \u017carskiego na do\u017cynkach wojew\u00f3dzkich.<\/p>\n<p>Sporym zainteresowaniem cieszy\u0142a si\u0119 wystawa sprz\u0119tu rolniczego &#8211; dawnego i obecnego. Wra\u017cenie robi\u0142 chocia\u017cby ogromny, nowoczesny ci\u0105gnik rolniczy w zestawieniu z niewielkim, wys\u0142u\u017conym ursusem. Ale i tak, ten ogromny, wydawa\u0142 si\u0119 niewielki w zestawieniu z kombajnem marki John Deere, wielko\u015bci niemal\u017ce domku jednorodzinnego.<\/p>\n<h1 style=\"text-align: center;\"><a href=\"https:\/\/www.facebook.com\/media\/set?vanity=mgazeta24&amp;set=a.1600878946774434\" target=\"_blank\" rel=\"noopener\">GALERIA ZDJ\u0118\u0106<\/a><\/h1>\n<p style=\"text-align: center;\"><iframe loading=\"lazy\" style=\"border: none; overflow: hidden;\" src=\"https:\/\/www.facebook.com\/plugins\/post.php?href=https%3A%2F%2Fwww.facebook.com%2Fmgazeta24%2Fposts%2F1600878980107764&amp;show_text=true&amp;width=640\" width=\"640\" height=\"830\" frameborder=\"0\" scrolling=\"no\" allowfullscreen=\"allowfullscreen\"><span data-mce-type=\"bookmark\" style=\"display: inline-block; width: 0px; overflow: hidden; line-height: 0;\" class=\"mce_SELRES_start\">\ufeff<\/span><\/iframe><\/p>\n<p style=\"text-align: right;\"><span style=\"color: #999999;\"><strong>Andrzej Buczy\u0144ski<\/strong><\/span><\/p>\n","protected":false},"excerpt":{"rendered":"<p>GMINA \u017bARY | 22 sierpnia podczas gminnego \u015awi\u0119ta Plon\u00f3w w Biedrzychowicach Dolnych rozstrzygni\u0119to konkurs na najpi\u0119kniejszy wieniec do\u017cynkowy. By\u0142o co podziwia\u0107. Na pierwszy rzut oka&#8230; wieniec jak wieniec. Upleciony z r\u00f3\u017cnych zb\u00f3\u017c, z dodatkami ziaren, pieczywa, czy innych ozd\u00f3b. Ale dopiero gdy przyjrzymy si\u0119 bli\u017cej, mo\u017cna dostrzec, \u017ce ka\u017cdy k\u0142os jest idealny, a taki trzeba [&hellip;]<\/p>\n","protected":false},"author":4,"featured_media":19336,"comment_status":"closed","ping_status":"closed","sticky":false,"template":"","format":"standard","meta":{"_monsterinsights_skip_tracking":false,"_monsterinsights_sitenote_active":false,"_monsterinsights_sitenote_note":"","_monsterinsights_sitenote_category":0,"footnotes":""},"categories":[20,25],"tags":[2636,1482,269,109,2635],"class_list":["post-19335","post","type-post","status-publish","format-standard","has-post-thumbnail","hentry","category-informacje","category-kultura-i-rozrywka","tag-biedrzychowice","tag-dozynki","tag-gmina-zary","tag-moja-gazeta","tag-swieto-plonow"],"_links":{"self":[{"href":"https:\/\/moja24.pl\/index.php\/wp-json\/wp\/v2\/posts\/19335","targetHints":{"allow":["GET"]}}],"collection":[{"href":"https:\/\/moja24.pl\/index.php\/wp-json\/wp\/v2\/posts"}],"about":[{"href":"https:\/\/moja24.pl\/index.php\/wp-json\/wp\/v2\/types\/post"}],"author":[{"embeddable":true,"href":"https:\/\/moja24.pl\/index.php\/wp-json\/wp\/v2\/users\/4"}],"replies":[{"embeddable":true,"href":"https:\/\/moja24.pl\/index.php\/wp-json\/wp\/v2\/comments?post=19335"}],"version-history":[{"count":1,"href":"https:\/\/moja24.pl\/index.php\/wp-json\/wp\/v2\/posts\/19335\/revisions"}],"predecessor-version":[{"id":19339,"href":"https:\/\/moja24.pl\/index.php\/wp-json\/wp\/v2\/posts\/19335\/revisions\/19339"}],"wp:featuredmedia":[{"embeddable":true,"href":"https:\/\/moja24.pl\/index.php\/wp-json\/wp\/v2\/media\/19336"}],"wp:attachment":[{"href":"https:\/\/moja24.pl\/index.php\/wp-json\/wp\/v2\/media?parent=19335"}],"wp:term":[{"taxonomy":"category","embeddable":true,"href":"https:\/\/moja24.pl\/index.php\/wp-json\/wp\/v2\/categories?post=19335"},{"taxonomy":"post_tag","embeddable":true,"href":"https:\/\/moja24.pl\/index.php\/wp-json\/wp\/v2\/tags?post=19335"}],"curies":[{"name":"wp","href":"https:\/\/api.w.org\/{rel}","templated":true}]}}