{"id":19399,"date":"2021-08-31T11:41:20","date_gmt":"2021-08-31T09:41:20","guid":{"rendered":"https:\/\/moja24.pl\/?p=19399"},"modified":"2021-08-31T11:41:20","modified_gmt":"2021-08-31T09:41:20","slug":"bezpieczna-droga-do-szkoly","status":"publish","type":"post","link":"https:\/\/moja24.pl\/index.php\/2021\/08\/31\/bezpieczna-droga-do-szkoly\/","title":{"rendered":"Bezpieczna droga do szko\u0142y"},"content":{"rendered":"<p><strong><span style=\"color: #ff0000;\">\u017bARY<\/span> | Policjanci z \u017carskiej komendy w trosce o bezpiecze\u0144stwo dzieci, kt\u00f3re ju\u017c niebawem rozpoczn\u0105 nauk\u0119, w ramach dzia\u0142a\u0144 edukacyjno-informacyjnych pod nazw\u0105 &#8222;Bezpieczna droga do szko\u0142y&#8221;, b\u0119d\u0105 zwracali szczeg\u00f3ln\u0105 uwag\u0119 na zachowania kieruj\u0105cych w rejonach przej\u015b\u0107 dla pieszych.<\/strong><\/p>\n<p>Od \u015brody, 1 wrze\u015bnia, wraz z rozpocz\u0119ciem nowego roku szkolnego policjanci z \u017carskiej jednostki rozpoczn\u0105 akcj\u0119 pod nazw\u0105 &#8222;Bezpieczna droga do szko\u0142y&#8221;, kt\u00f3ra potrwa do ko\u0144ca wrze\u015bnia. W rejonie plac\u00f3wek o\u015bwiatowych, jak co roku, mo\u017cemy spodziewa\u0107 si\u0119 wzmo\u017conego ruchu pieszych i pojazd\u00f3w, dlatego funkcjonariusze bacznie b\u0119d\u0105 przygl\u0105da\u0107 si\u0119 zachowaniom kierowc\u00f3w i reagowa\u0107 na wszelkie nieprawid\u0142owo\u015bci. Policjanci b\u0119d\u0105 monitorowa\u0107 sytuacj\u0119 w pobli\u017cu przej\u015b\u0107 dla pieszych po\u0142o\u017conych blisko szk\u00f3\u0142 oraz przystank\u00f3w autobusowych.<\/p>\n<p>Funkcjonariusze z ruchu drogowego ju\u017c wcze\u015bniej przygotowali si\u0119 do nowego roku szkolnego i dokonali kontroli oznakowania dr\u00f3g prowadz\u0105cych do plac\u00f3wek o\u015bwiatowych oraz stan urz\u0105dze\u0144 ostrzegawczo-zabezpieczaj\u0105cych w bezpo\u015brednim s\u0105siedztwie tych obiekt\u00f3w i skierowali wyst\u0105pienia do zarz\u0105dc\u00f3w dr\u00f3g o uzupe\u0142nienie stwierdzonych nieprawid\u0142owo\u015bci lub brak\u00f3w \u2013 jeszcze przed rozpocz\u0119ciem zaj\u0119\u0107 lekcyjnych.<\/p>\n<p>Przywo\u017c\u0105c nasze pociechy do szko\u0142y, pami\u0119tajmy o ich bezpiecze\u0144stwie i wysadzajmy dzieci od strony chodnika, nie od ulicy oraz parkujmy w taki spos\u00f3b, aby nie utrudnia\u0107 wjazdu i wyjazdu innym. Nie zatrzymujmy si\u0119 i nie parkujmy na przej\u015bciach oraz w ich rejonie.<\/p>\n<p><strong>Nale\u017cy pami\u0119ta\u0107 o tym, \u017ce dziecko:<\/strong><\/p>\n<ul>\n<li>w drodze do i ze szko\u0142y ma obowi\u0105zek i\u015b\u0107 chodnikiem, w przypadku ulicy bez chodnika, zawsze poboczem po lewej stronie drogi, a gdy go nie ma \u2013 lew\u0105 stron\u0105 drogi,<\/li>\n<li>powinno przechodzi\u0107 przez jezdni\u0119 tylko w miejscach do tego przeznaczonych czyli na przej\u015bciach dla pieszych,<\/li>\n<li>w przypadku przej\u015b\u0107 z sygnalizacj\u0105 \u015bwietln\u0105, dozwolone jest przej\u015bcie tylko gdy \u015bwieci zielone \u015bwiat\u0142o, za\u015b gdy nie ma sygnalizatora powinno wykona\u0107 nast\u0119puj\u0105ce czynno\u015bci: spojrze\u0107 w lewo, p\u00f3\u017aniej w prawo, ponownie w lewo i gdy nic nie jedzie, mo\u017ce bezpiecznie przej\u015b\u0107 przez jezdni\u0119,<\/li>\n<li>nigdy, nawet w miejscach dla pieszych, nie mo\u017ce wchodzi\u0107 na jezdni\u0119 przed jad\u0105cym pojazdem, a oczekuj\u0105c na mo\u017cliwo\u015b\u0107 przej\u015bcia, nie powinno sta\u0107 za blisko jezdni,<\/li>\n<li>na przej\u015bciach z wysepk\u0105 powinno si\u0119 na niej zatrzyma\u0107, aby ponownie upewni\u0107 si\u0119 przed wkroczeniem na drugi pas ruchu,<\/li>\n<li>nie mo\u017ce wchodzi\u0107 na jezdni\u0119 zza stoj\u0105cego lub ruszaj\u0105cego pojazdu,<\/li>\n<li>nie powinno przebiega\u0107 przez jezdni\u0119 oraz bawi\u0107 si\u0119 w jej pobli\u017cu.<\/li>\n<\/ul>\n<p style=\"text-align: right;\"><span style=\"color: #999999;\"><strong>kom. Aneta Berestecka<\/strong><\/span><\/p>\n","protected":false},"excerpt":{"rendered":"<p>\u017bARY | Policjanci z \u017carskiej komendy w trosce o bezpiecze\u0144stwo dzieci, kt\u00f3re ju\u017c niebawem rozpoczn\u0105 nauk\u0119, w ramach dzia\u0142a\u0144 edukacyjno-informacyjnych pod nazw\u0105 &#8222;Bezpieczna droga do szko\u0142y&#8221;, b\u0119d\u0105 zwracali szczeg\u00f3ln\u0105 uwag\u0119 na zachowania kieruj\u0105cych w rejonach przej\u015b\u0107 dla pieszych. Od \u015brody, 1 wrze\u015bnia, wraz z rozpocz\u0119ciem nowego roku szkolnego policjanci z \u017carskiej jednostki rozpoczn\u0105 akcj\u0119 pod [&hellip;]<\/p>\n","protected":false},"author":4,"featured_media":19400,"comment_status":"closed","ping_status":"closed","sticky":false,"template":"","format":"standard","meta":{"_monsterinsights_skip_tracking":false,"_monsterinsights_sitenote_active":false,"_monsterinsights_sitenote_note":"","_monsterinsights_sitenote_category":0,"footnotes":""},"categories":[22,20,21],"tags":[2646,473,109,1119,66],"class_list":["post-19399","post","type-post","status-publish","format-standard","has-post-thumbnail","hentry","category-edukacja","category-informacje","category-wypadki-przypadki","tag-bezpieczna-droga-do-szkoly","tag-komenda-powiatowa-policji-w-zarach","tag-moja-gazeta","tag-policja","tag-zary"],"_links":{"self":[{"href":"https:\/\/moja24.pl\/index.php\/wp-json\/wp\/v2\/posts\/19399","targetHints":{"allow":["GET"]}}],"collection":[{"href":"https:\/\/moja24.pl\/index.php\/wp-json\/wp\/v2\/posts"}],"about":[{"href":"https:\/\/moja24.pl\/index.php\/wp-json\/wp\/v2\/types\/post"}],"author":[{"embeddable":true,"href":"https:\/\/moja24.pl\/index.php\/wp-json\/wp\/v2\/users\/4"}],"replies":[{"embeddable":true,"href":"https:\/\/moja24.pl\/index.php\/wp-json\/wp\/v2\/comments?post=19399"}],"version-history":[{"count":1,"href":"https:\/\/moja24.pl\/index.php\/wp-json\/wp\/v2\/posts\/19399\/revisions"}],"predecessor-version":[{"id":19401,"href":"https:\/\/moja24.pl\/index.php\/wp-json\/wp\/v2\/posts\/19399\/revisions\/19401"}],"wp:featuredmedia":[{"embeddable":true,"href":"https:\/\/moja24.pl\/index.php\/wp-json\/wp\/v2\/media\/19400"}],"wp:attachment":[{"href":"https:\/\/moja24.pl\/index.php\/wp-json\/wp\/v2\/media?parent=19399"}],"wp:term":[{"taxonomy":"category","embeddable":true,"href":"https:\/\/moja24.pl\/index.php\/wp-json\/wp\/v2\/categories?post=19399"},{"taxonomy":"post_tag","embeddable":true,"href":"https:\/\/moja24.pl\/index.php\/wp-json\/wp\/v2\/tags?post=19399"}],"curies":[{"name":"wp","href":"https:\/\/api.w.org\/{rel}","templated":true}]}}