{"id":1940,"date":"2017-03-10T22:26:59","date_gmt":"2017-03-10T21:26:59","guid":{"rendered":"http:\/\/moja24.pl\/?p=1940"},"modified":"2017-03-10T22:26:59","modified_gmt":"2017-03-10T21:26:59","slug":"z-wielka-miloscia-do-zwierzat-lecz-z-malym-budzetem","status":"publish","type":"post","link":"https:\/\/moja24.pl\/index.php\/2017\/03\/10\/z-wielka-miloscia-do-zwierzat-lecz-z-malym-budzetem\/","title":{"rendered":"Z wielk\u0105 mi\u0142o\u015bci\u0105 do zwierz\u0105t, lecz z ma\u0142ym bud\u017cetem"},"content":{"rendered":"<p><span id=\"tekst\"><strong> <img loading=\"lazy\" decoding=\"async\" class=\"alignleft size-medium wp-image-1941\" src=\"http:\/\/moja24.pl\/wp-content\/uploads\/2017\/03\/Z-mi\u0142o\u015bci\u0105-do-zwierz\u0105t-T.Paw\u0142owska-168x300.jpg\" alt=\"\" width=\"168\" height=\"300\" srcset=\"https:\/\/moja24.pl\/wp-content\/uploads\/2017\/03\/Z-mi\u0142o\u015bci\u0105-do-zwierz\u0105t-T.Paw\u0142owska-168x300.jpg 168w, https:\/\/moja24.pl\/wp-content\/uploads\/2017\/03\/Z-mi\u0142o\u015bci\u0105-do-zwierz\u0105t-T.Paw\u0142owska-236x420.jpg 236w, https:\/\/moja24.pl\/wp-content\/uploads\/2017\/03\/Z-mi\u0142o\u015bci\u0105-do-zwierz\u0105t-T.Paw\u0142owska.jpg 393w\" sizes=\"auto, (max-width: 168px) 100vw, 168px\" \/>Kocha zwierz\u0119ta i opiekuje si\u0119 nimi, jak tylko mo\u017ce. Teresa Paw\u0142owska ma czterna\u015bcie kot\u00f3w i pi\u0119\u0107 ps\u00f3w. I coraz wi\u0119kszy problem z ich utrzymaniem.<\/strong><br \/>\n<\/span><\/p>\n<p>Jak sama m\u00f3wi o swoich zwierz\u0119tach &#8211; &#8222;nazbiera\u0142o si\u0119 ich przez trzyna\u015bcie lat&#8221;, bo z wyboru mia\u0142a tylko cztery koty i dwa ma\u0142e ratlerki. Niestety, w Jasieniu nie ma schroniska dla zwierz\u0105t, wi\u0119c Teresa Paw\u0142owska musia\u0142a sama sobie poradzi\u0107 z problemami, bo zwierz\u0105t co roku przybywa\u0142o.<\/p>\n<p><b>R\u00f3\u017cne przypadki<\/b><\/p>\n<p>&#8211; Jeden pies trafi\u0142 do mnie, chocia\u017c mia\u0142 trafi\u0107 do schroniska. Trwa\u0142y jakie\u015b procedury. Nie mog\u0142am patrze\u0107 jak chodzi g\u0142odny i bez wody w upa\u0142y. Przygarn\u0119\u0142am go tylko tymczasowo. Zosta\u0142 na sta\u0142e. &#8211; opowiada.<\/p>\n<p>Drugi, du\u017cy pies trafi\u0142 do niej przypadkowo. Siedzia\u0142a w pokoju i czyta\u0142a gazet\u0119. Us\u0142ysza\u0142a na zewn\u0105trz ha\u0142as. To s\u0105siedzi k\u0142\u00f3cili si\u0119 w\u0142a\u015bnie o tego psa. S\u0105siadka kaza\u0142a si\u0119 go pozby\u0107 i wywie\u017a\u0107 do lasu, s\u0105siad nie wiedzia\u0142 co ma zrobi\u0107. W\u00f3wczas s\u0105siadka zagrozi\u0142a, \u017ce psa zabije. Paw\u0142owska nie zastanawia\u0142a si\u0119 ani chwili. Postanowi\u0142a dzia\u0142a\u0107.<\/p>\n<p>&#8211; Znam si\u0119 z pani\u0105 Jolant\u0105 Jureczko z \u017bar. Zadzwoni\u0142am do niej. Poradzi\u0142a mi, co zrobi\u0107. Mia\u0142em zawie\u017a\u0107 jej tego psa, ale pomy\u015bla\u0142am, \u017ce ona ma ju\u017c na g\u0142owie, w domu, inne zwierz\u0119ta. Uradzili\u015bmy wi\u0119c z m\u0119\u017cem, \u017ceby zosta\u0142 u nas. &#8211; kiwa g\u0142ow\u0105.<\/p>\n<p>Z kotami te\u017c by\u0142o r\u00f3\u017cnie. Jeden przyszed\u0142 sam &#8211; by\u0142 bardzo chory. Drugiego przynios\u0142a dziewczynka, z pro\u015bb\u0105 i p\u0142aczem, \u017ceby go przygarn\u0105\u0107. Paw\u0142owska nie mia\u0142a sumienia, \u017ceby odm\u00f3wi\u0107 dziecku. Kolejne trzy znalaz\u0142a w lesie. By\u0142y w bardzo z\u0142ym stanie &#8211; pobite i pokrwawione. Karmi\u0142a je pi\u0119\u0107 tygodni strzykawk\u0105, p\u00f3ki zacz\u0119\u0142y same je\u015b\u0107.<\/p>\n<p><b>K\u0142opoty z wykarmieniem<\/b><\/p>\n<p>\u017byj\u0105 z m\u0119\u017cem skromnie. S\u0105 emerytami. Maj\u0105 problem z utrzymaniem zwierz\u0105t, a w\u0142a\u015bciwie z ich wykarmieniem. Paw\u0142owska musi umiej\u0119tnie si\u0119 gospodarzy\u0107. Liczy koszty. Ogl\u0105da ka\u017cd\u0105 z\u0142ot\u00f3wk\u0119. Kupuje porcje mi\u0119sa i kasz\u0119. Co drugi dzie\u0144 gotuje 14-litrowy gar. Dok\u0142ada troch\u0119 konserwy, bo jakby karmi\u0142a samymi konserwami, to by zbankrutowa\u0142a. Jedzenie to jednak nie wszystko. Musi kupi\u0107 tabletki na odrobaczenie, krople na pch\u0142y, zap\u0142aci\u0107 weterynarzowi za wizyt\u0119.<\/p>\n<p>Czasem pomog\u0105 im dobrzy ludzie. Zbi\u00f3rk\u0119 karmy zorganizowali np. uczniowie miejscowego gimnazjum. Jolanta Jureczko pomog\u0142a za\u0142atwi\u0107 sterylizacj\u0119 kotek.<\/p>\n<p><b>\u00a0Potrzebna pomoc<\/b><\/p>\n<p>O zwierz\u0119ta dbaj\u0105. Na podw\u00f3rku zbudowali kojec dla ps\u00f3w. Jedno du\u017ce pomieszczenie przeznaczyli dla kot\u00f3w. Nie chc\u0105, \u017ceby ich zwierz\u0119ta przeszkadza\u0142y s\u0105siadom. Dlatego staraj\u0105 si\u0119 je odizolowa\u0107.<\/p>\n<p>&#8211; To, \u017ce ja kocham zwierz\u0119ta, to nie znaczy, \u017ce wszyscy musz\u0105 kocha\u0107. Ja nie chc\u0119 nikomu robi\u0107 problemu. &#8211; zapewnia Teresa Paw\u0142owska.<\/p>\n<p>Pomieszczenia s\u0105 jednak za ma\u0142e. Chc\u0105 je teraz rozbudowa\u0107. To jednak kosztuje.<\/p>\n<p>&#8211; Mo\u017ce kto\u015b nam pomo\u017ce. Chodzi g\u0142\u00f3wnie o materia\u0142y, bloczki, zapraw\u0119, okno i co\u015b na dach, bo m\u0105\u017c z robocizn\u0105 sobie poradzi. &#8211; zapewnia Paw\u0142owska.<\/p>\n<p>Jakby kto\u015b by\u0142 zainteresowany pomoc\u0105, a nawet przekazaniem karmy, to z pewno\u015bci\u0105 b\u0119dzie witany z wdzi\u0119czno\u015bci\u0105 w Jasieniu przy ul Ko\u015bciuszki 10.<\/p>\n<p>Pawe\u0142 Skrzypczy\u0144ski<\/p>\n<p>&nbsp;<\/p>\n<p>&nbsp;<\/p>\n<p>&nbsp;<\/p>\n","protected":false},"excerpt":{"rendered":"<p>Kocha zwierz\u0119ta i opiekuje si\u0119 nimi, jak tylko mo\u017ce. Teresa Paw\u0142owska ma czterna\u015bcie kot\u00f3w i pi\u0119\u0107 ps\u00f3w. I coraz wi\u0119kszy problem z ich utrzymaniem. Jak sama m\u00f3wi o swoich zwierz\u0119tach &#8211; &#8222;nazbiera\u0142o si\u0119 ich przez trzyna\u015bcie lat&#8221;, bo z wyboru mia\u0142a tylko cztery koty i dwa ma\u0142e ratlerki. Niestety, w Jasieniu nie ma schroniska dla [&hellip;]<\/p>\n","protected":false},"author":2,"featured_media":1979,"comment_status":"closed","ping_status":"closed","sticky":false,"template":"","format":"standard","meta":{"_monsterinsights_skip_tracking":false,"_monsterinsights_sitenote_active":false,"_monsterinsights_sitenote_note":"","_monsterinsights_sitenote_category":0,"footnotes":""},"categories":[20],"tags":[217,65,310,53,52,74,284,67,109,157,164,61,230,111,113,73,49,66],"class_list":["post-1940","post","type-post","status-publish","format-standard","has-post-thumbnail","hentry","category-informacje","tag-gazeta-regionalna-zary","tag-gmina-lubsko","tag-informacje-jasien","tag-informacje-lubuskie","tag-informacje-zagan","tag-informacje-zary","tag-jasien","tag-miasto-zary","tag-moja-gazeta","tag-portal-informacyjny-moja-gazeta","tag-portal-moja24-pl","tag-powiat-zary","tag-tygodnik-lokalny-moja-gazeta","tag-tygodnik-zary","tag-wiadomosci-z-zar","tag-wiadomosci-zary","tag-zagan","tag-zary"],"_links":{"self":[{"href":"https:\/\/moja24.pl\/index.php\/wp-json\/wp\/v2\/posts\/1940","targetHints":{"allow":["GET"]}}],"collection":[{"href":"https:\/\/moja24.pl\/index.php\/wp-json\/wp\/v2\/posts"}],"about":[{"href":"https:\/\/moja24.pl\/index.php\/wp-json\/wp\/v2\/types\/post"}],"author":[{"embeddable":true,"href":"https:\/\/moja24.pl\/index.php\/wp-json\/wp\/v2\/users\/2"}],"replies":[{"embeddable":true,"href":"https:\/\/moja24.pl\/index.php\/wp-json\/wp\/v2\/comments?post=1940"}],"version-history":[{"count":2,"href":"https:\/\/moja24.pl\/index.php\/wp-json\/wp\/v2\/posts\/1940\/revisions"}],"predecessor-version":[{"id":1978,"href":"https:\/\/moja24.pl\/index.php\/wp-json\/wp\/v2\/posts\/1940\/revisions\/1978"}],"wp:featuredmedia":[{"embeddable":true,"href":"https:\/\/moja24.pl\/index.php\/wp-json\/wp\/v2\/media\/1979"}],"wp:attachment":[{"href":"https:\/\/moja24.pl\/index.php\/wp-json\/wp\/v2\/media?parent=1940"}],"wp:term":[{"taxonomy":"category","embeddable":true,"href":"https:\/\/moja24.pl\/index.php\/wp-json\/wp\/v2\/categories?post=1940"},{"taxonomy":"post_tag","embeddable":true,"href":"https:\/\/moja24.pl\/index.php\/wp-json\/wp\/v2\/tags?post=1940"}],"curies":[{"name":"wp","href":"https:\/\/api.w.org\/{rel}","templated":true}]}}