{"id":19473,"date":"2021-09-08T22:21:50","date_gmt":"2021-09-08T20:21:50","guid":{"rendered":"https:\/\/moja24.pl\/?p=19473"},"modified":"2021-09-08T22:21:50","modified_gmt":"2021-09-08T20:21:50","slug":"narodowe-czytanie-w-zarskiej-dwojce","status":"publish","type":"post","link":"https:\/\/moja24.pl\/index.php\/2021\/09\/08\/narodowe-czytanie-w-zarskiej-dwojce\/","title":{"rendered":"Narodowe Czytanie w \u017carskiej Dw\u00f3jce"},"content":{"rendered":"<p><strong><span style=\"color: #ff0000;\">\u017bARY<\/span> &#8222;Moralno\u015b\u0107 pani Dulskiej&#8221; Gabrieli Zapolskiej by\u0142a lektur\u0105 jubileuszowej, dziesi\u0105tej ods\u0142ony Narodowego Czytania. <\/strong><\/p>\n<p>Szko\u0142a Podstawowa nr 2 im. Janusza Korczaka w \u017barach ponownie w\u0142\u0105czy\u0142a si\u0119 w obchody Narodowego Czytania. W tym roku uczniowie klas si\u00f3dmych spotkali si\u0119, aby wsp\u00f3lnie czyta\u0107 \u201eMoralno\u015b\u0107 pani Dulskiej\u201d Gabrieli Zapolskiej. Po zako\u0144czeniu, ka\u017cdy uczestnik otrzyma\u0142 pami\u0105tkowy stempel, nades\u0142any przez Kancelari\u0119 Prezydenta. Narodowe Czytanie odbywa si\u0119 pod honorowym patronatem Pary Prezydenckiej. Koordynatorem Narodowego Czytania w \u017carskiej Dw\u00f3jce by\u0142a pani Marta Mazur, nauczycielka j\u0119zyka polskiego.<\/p>\n<figure id=\"attachment_19474\" aria-describedby=\"caption-attachment-19474\" style=\"width: 640px\" class=\"wp-caption aligncenter\"><img loading=\"lazy\" decoding=\"async\" class=\"wp-image-19474 size-large\" src=\"https:\/\/moja24.pl\/wp-content\/uploads\/2021\/09\/202100908_dwojka2-1024x576.jpg\" alt=\"\" width=\"640\" height=\"360\" srcset=\"https:\/\/moja24.pl\/wp-content\/uploads\/2021\/09\/202100908_dwojka2-1024x576.jpg 1024w, https:\/\/moja24.pl\/wp-content\/uploads\/2021\/09\/202100908_dwojka2-300x169.jpg 300w, https:\/\/moja24.pl\/wp-content\/uploads\/2021\/09\/202100908_dwojka2-768x432.jpg 768w, https:\/\/moja24.pl\/wp-content\/uploads\/2021\/09\/202100908_dwojka2-1536x864.jpg 1536w, https:\/\/moja24.pl\/wp-content\/uploads\/2021\/09\/202100908_dwojka2-2048x1152.jpg 2048w, https:\/\/moja24.pl\/wp-content\/uploads\/2021\/09\/202100908_dwojka2-696x392.jpg 696w, https:\/\/moja24.pl\/wp-content\/uploads\/2021\/09\/202100908_dwojka2-1068x601.jpg 1068w, https:\/\/moja24.pl\/wp-content\/uploads\/2021\/09\/202100908_dwojka2-747x420.jpg 747w, https:\/\/moja24.pl\/wp-content\/uploads\/2021\/09\/202100908_dwojka2-533x300.jpg 533w\" sizes=\"auto, (max-width: 640px) 100vw, 640px\" \/><figcaption id=\"caption-attachment-19474\" class=\"wp-caption-text\">fot. nades\u0142ane<\/figcaption><\/figure>\n<p style=\"text-align: right;\"><span style=\"color: #999999;\">nades\u0142ane<\/span><\/p>\n","protected":false},"excerpt":{"rendered":"<p>\u017bARY &#8222;Moralno\u015b\u0107 pani Dulskiej&#8221; Gabrieli Zapolskiej by\u0142a lektur\u0105 jubileuszowej, dziesi\u0105tej ods\u0142ony Narodowego Czytania. Szko\u0142a Podstawowa nr 2 im. Janusza Korczaka w \u017barach ponownie w\u0142\u0105czy\u0142a si\u0119 w obchody Narodowego Czytania. W tym roku uczniowie klas si\u00f3dmych spotkali si\u0119, aby wsp\u00f3lnie czyta\u0107 \u201eMoralno\u015b\u0107 pani Dulskiej\u201d Gabrieli Zapolskiej. Po zako\u0144czeniu, ka\u017cdy uczestnik otrzyma\u0142 pami\u0105tkowy stempel, nades\u0142any przez Kancelari\u0119 [&hellip;]<\/p>\n","protected":false},"author":4,"featured_media":19475,"comment_status":"closed","ping_status":"closed","sticky":false,"template":"","format":"standard","meta":{"_monsterinsights_skip_tracking":false,"_monsterinsights_sitenote_active":false,"_monsterinsights_sitenote_note":"","_monsterinsights_sitenote_category":0,"footnotes":""},"categories":[22,20,29],"tags":[109,2654,1165,2402,66],"class_list":["post-19473","post","type-post","status-publish","format-standard","has-post-thumbnail","hentry","category-edukacja","category-informacje","category-kontakt-24","tag-moja-gazeta","tag-narodowe-czytanie","tag-sp2","tag-szkola-podstawowa-nr-2","tag-zary"],"_links":{"self":[{"href":"https:\/\/moja24.pl\/index.php\/wp-json\/wp\/v2\/posts\/19473","targetHints":{"allow":["GET"]}}],"collection":[{"href":"https:\/\/moja24.pl\/index.php\/wp-json\/wp\/v2\/posts"}],"about":[{"href":"https:\/\/moja24.pl\/index.php\/wp-json\/wp\/v2\/types\/post"}],"author":[{"embeddable":true,"href":"https:\/\/moja24.pl\/index.php\/wp-json\/wp\/v2\/users\/4"}],"replies":[{"embeddable":true,"href":"https:\/\/moja24.pl\/index.php\/wp-json\/wp\/v2\/comments?post=19473"}],"version-history":[{"count":1,"href":"https:\/\/moja24.pl\/index.php\/wp-json\/wp\/v2\/posts\/19473\/revisions"}],"predecessor-version":[{"id":19476,"href":"https:\/\/moja24.pl\/index.php\/wp-json\/wp\/v2\/posts\/19473\/revisions\/19476"}],"wp:featuredmedia":[{"embeddable":true,"href":"https:\/\/moja24.pl\/index.php\/wp-json\/wp\/v2\/media\/19475"}],"wp:attachment":[{"href":"https:\/\/moja24.pl\/index.php\/wp-json\/wp\/v2\/media?parent=19473"}],"wp:term":[{"taxonomy":"category","embeddable":true,"href":"https:\/\/moja24.pl\/index.php\/wp-json\/wp\/v2\/categories?post=19473"},{"taxonomy":"post_tag","embeddable":true,"href":"https:\/\/moja24.pl\/index.php\/wp-json\/wp\/v2\/tags?post=19473"}],"curies":[{"name":"wp","href":"https:\/\/api.w.org\/{rel}","templated":true}]}}