{"id":19486,"date":"2021-09-13T12:04:50","date_gmt":"2021-09-13T10:04:50","guid":{"rendered":"https:\/\/moja24.pl\/?p=19486"},"modified":"2021-09-13T12:04:50","modified_gmt":"2021-09-13T10:04:50","slug":"kolorowy-piknik-w-grabiku-przyciagnal-tlumy","status":"publish","type":"post","link":"https:\/\/moja24.pl\/index.php\/2021\/09\/13\/kolorowy-piknik-w-grabiku-przyciagnal-tlumy\/","title":{"rendered":"Kolorowy piknik w Grabiku przyci\u0105gn\u0105\u0142 t\u0142umy"},"content":{"rendered":"<p><strong><span style=\"color: #ff0000;\">GMINA \u017bARY<\/span> | 11 wrze\u015bnia na boisku sportowym w Grabiku na wszystkich przyby\u0142ych czeka\u0142o mn\u00f3stwo atrakcji.<\/strong><\/p>\n<p>Wyst\u0119py na scenie, nie tylko zespo\u0142\u00f3w ludowych, obok strefa zabaw dla dzieci &#8211; z dmuchanymi zamkami, karuzel\u0105, ba\u0144kami mydlanymi. A do tego stoiska gastronomiczne, serwuj\u0105ce mi\u0119dzy innymi darmow\u0105 groch\u00f3wk\u0119, kark\u00f3wk\u0119 i kie\u0142bask\u0119 z grilla, albo co\u015b na s\u0142odko. To wszystko, w raz z dobr\u0105 pogod\u0105, okaza\u0142o si\u0119 ciekaw\u0105 propozycj\u0105 na sp\u0119dzenie popo\u0142udnia. Atrakcje przyci\u0105gn\u0119\u0142y mieszka\u0144c\u00f3w nie tylko Grabika. Wystarczy obejrze\u0107 zdj\u0119cia.<\/p>\n<h1 style=\"text-align: center;\"><a href=\"https:\/\/www.facebook.com\/media\/set\/?vanity=mgazeta24&amp;set=a.1616065925255736\" target=\"_blank\" rel=\"noopener\">GALERIA ZDJ\u0118\u0106<\/a><\/h1>\n<p style=\"text-align: center;\"><iframe loading=\"lazy\" style=\"border: none; overflow: hidden;\" src=\"https:\/\/www.facebook.com\/plugins\/post.php?href=https%3A%2F%2Fwww.facebook.com%2Fmgazeta24%2Fposts%2F1616066055255723&amp;show_text=true&amp;width=640\" width=\"640\" height=\"840\" frameborder=\"0\" scrolling=\"no\" allowfullscreen=\"allowfullscreen\"><span data-mce-type=\"bookmark\" style=\"display: inline-block; width: 0px; overflow: hidden; line-height: 0;\" class=\"mce_SELRES_start\">\ufeff<\/span><\/iframe><\/p>\n<p style=\"text-align: right;\"><span style=\"color: #999999;\"><strong>ATB<\/strong><\/span><\/p>\n","protected":false},"excerpt":{"rendered":"<p>GMINA \u017bARY | 11 wrze\u015bnia na boisku sportowym w Grabiku na wszystkich przyby\u0142ych czeka\u0142o mn\u00f3stwo atrakcji. Wyst\u0119py na scenie, nie tylko zespo\u0142\u00f3w ludowych, obok strefa zabaw dla dzieci &#8211; z dmuchanymi zamkami, karuzel\u0105, ba\u0144kami mydlanymi. A do tego stoiska gastronomiczne, serwuj\u0105ce mi\u0119dzy innymi darmow\u0105 groch\u00f3wk\u0119, kark\u00f3wk\u0119 i kie\u0142bask\u0119 z grilla, albo co\u015b na s\u0142odko. To [&hellip;]<\/p>\n","protected":false},"author":4,"featured_media":19487,"comment_status":"closed","ping_status":"closed","sticky":false,"template":"","format":"standard","meta":{"_monsterinsights_skip_tracking":false,"_monsterinsights_sitenote_active":false,"_monsterinsights_sitenote_note":"","_monsterinsights_sitenote_category":0,"footnotes":""},"categories":[20,25],"tags":[2658,269,1460,109,2657],"class_list":["post-19486","post","type-post","status-publish","format-standard","has-post-thumbnail","hentry","category-informacje","category-kultura-i-rozrywka","tag-festyn","tag-gmina-zary","tag-grabik","tag-moja-gazeta","tag-piknik-rodzinny"],"_links":{"self":[{"href":"https:\/\/moja24.pl\/index.php\/wp-json\/wp\/v2\/posts\/19486","targetHints":{"allow":["GET"]}}],"collection":[{"href":"https:\/\/moja24.pl\/index.php\/wp-json\/wp\/v2\/posts"}],"about":[{"href":"https:\/\/moja24.pl\/index.php\/wp-json\/wp\/v2\/types\/post"}],"author":[{"embeddable":true,"href":"https:\/\/moja24.pl\/index.php\/wp-json\/wp\/v2\/users\/4"}],"replies":[{"embeddable":true,"href":"https:\/\/moja24.pl\/index.php\/wp-json\/wp\/v2\/comments?post=19486"}],"version-history":[{"count":1,"href":"https:\/\/moja24.pl\/index.php\/wp-json\/wp\/v2\/posts\/19486\/revisions"}],"predecessor-version":[{"id":19488,"href":"https:\/\/moja24.pl\/index.php\/wp-json\/wp\/v2\/posts\/19486\/revisions\/19488"}],"wp:featuredmedia":[{"embeddable":true,"href":"https:\/\/moja24.pl\/index.php\/wp-json\/wp\/v2\/media\/19487"}],"wp:attachment":[{"href":"https:\/\/moja24.pl\/index.php\/wp-json\/wp\/v2\/media?parent=19486"}],"wp:term":[{"taxonomy":"category","embeddable":true,"href":"https:\/\/moja24.pl\/index.php\/wp-json\/wp\/v2\/categories?post=19486"},{"taxonomy":"post_tag","embeddable":true,"href":"https:\/\/moja24.pl\/index.php\/wp-json\/wp\/v2\/tags?post=19486"}],"curies":[{"name":"wp","href":"https:\/\/api.w.org\/{rel}","templated":true}]}}