{"id":19491,"date":"2021-09-13T12:32:39","date_gmt":"2021-09-13T10:32:39","guid":{"rendered":"https:\/\/moja24.pl\/?p=19491"},"modified":"2021-09-13T12:32:39","modified_gmt":"2021-09-13T10:32:39","slug":"policjanci-zatrzymali-sprawcow-i-odzyskali-czesc-skradzionego-towaru","status":"publish","type":"post","link":"https:\/\/moja24.pl\/index.php\/2021\/09\/13\/policjanci-zatrzymali-sprawcow-i-odzyskali-czesc-skradzionego-towaru\/","title":{"rendered":"Policjanci zatrzymali sprawc\u00f3w i odzyskali cz\u0119\u015b\u0107 skradzionego towaru"},"content":{"rendered":"<p><strong><span style=\"color: #ff0000;\">POWIAT \u017bARSKI<\/span> | Policjanci z lubskiego komisariatu ustalili i zatrzymali dw\u00f3ch m\u0119\u017cczyzn podejrzanych o kradzie\u017c artyku\u0142\u00f3w spo\u017cywczych. Cz\u0119\u015b\u0107 skradzionego towaru odzyskano, m\u0119\u017cczy\u017ani us\u0142yszeli zarzuty. Prokuratura Rejonowa w \u017barach zastosowa\u0142a dozory wobec 19- i 21-latka.<\/strong><\/p>\n<p>W minionym tygodniu funkcjonariusze s\u0142u\u017cby kryminalnej oraz patrolowej z Komisariatu Policji w Lubsku zatrzymali dw\u00f3ch m\u0119\u017cczyzn podejrzanych o kradzie\u017c artyku\u0142\u00f3w spo\u017cywczych. Do zdarzenia dosz\u0142o 8 wrze\u015bnia w Lubsku. Sprawcy zabrali towar z ogrodzonego terenu jednego ze sklep\u00f3w. Funkcjonariusze jeszcze tego samego dnia ustalili i zatrzymali mieszka\u0144c\u00f3w Lubska w wieku 19 i 21 lat. Trafili oni do policyjnego pomieszczenia dla os\u00f3b zatrzymanych. Zebrany w tej sprawie materia\u0142 dowodowy pozwoli\u0142 na przedstawienie im zarzut\u00f3w kradzie\u017cy. Cz\u0119\u015b\u0107 skradzionego mienia policjanci odzyskali.<\/p>\n<p>W pi\u0105tek, 9 wrze\u015bnia, Prokuratura Rejonowa w \u017barach zastosowa\u0142a wobec m\u0119\u017cczyzn dozory. Za kradzie\u017c mo\u017ce grozi\u0107 do 5 lat pozbawienia wolno\u015bci, wobec 21-latka kara mo\u017ce by\u0107 surowsza, poniewa\u017c dzia\u0142a\u0142 w warunkach recydywy.<\/p>\n<p style=\"text-align: right;\"><span style=\"color: #999999;\">komisarz Aneta Berestecka<\/span><br \/>\n<span style=\"color: #999999;\">oficer prasowy KPP w \u017barach<\/span><\/p>\n","protected":false},"excerpt":{"rendered":"<p>POWIAT \u017bARSKI | Policjanci z lubskiego komisariatu ustalili i zatrzymali dw\u00f3ch m\u0119\u017cczyzn podejrzanych o kradzie\u017c artyku\u0142\u00f3w spo\u017cywczych. Cz\u0119\u015b\u0107 skradzionego towaru odzyskano, m\u0119\u017cczy\u017ani us\u0142yszeli zarzuty. Prokuratura Rejonowa w \u017barach zastosowa\u0142a dozory wobec 19- i 21-latka. W minionym tygodniu funkcjonariusze s\u0142u\u017cby kryminalnej oraz patrolowej z Komisariatu Policji w Lubsku zatrzymali dw\u00f3ch m\u0119\u017cczyzn podejrzanych o kradzie\u017c artyku\u0142\u00f3w spo\u017cywczych. [&hellip;]<\/p>\n","protected":false},"author":4,"featured_media":16339,"comment_status":"closed","ping_status":"closed","sticky":false,"template":"","format":"standard","meta":{"_monsterinsights_skip_tracking":false,"_monsterinsights_sitenote_active":false,"_monsterinsights_sitenote_note":"","_monsterinsights_sitenote_category":0,"footnotes":""},"categories":[20,21],"tags":[473,189,58,109,1119,32],"class_list":["post-19491","post","type-post","status-publish","format-standard","has-post-thumbnail","hentry","category-informacje","category-wypadki-przypadki","tag-komenda-powiatowa-policji-w-zarach","tag-kradziez","tag-lubsko","tag-moja-gazeta","tag-policja","tag-powiat-zarski"],"_links":{"self":[{"href":"https:\/\/moja24.pl\/index.php\/wp-json\/wp\/v2\/posts\/19491","targetHints":{"allow":["GET"]}}],"collection":[{"href":"https:\/\/moja24.pl\/index.php\/wp-json\/wp\/v2\/posts"}],"about":[{"href":"https:\/\/moja24.pl\/index.php\/wp-json\/wp\/v2\/types\/post"}],"author":[{"embeddable":true,"href":"https:\/\/moja24.pl\/index.php\/wp-json\/wp\/v2\/users\/4"}],"replies":[{"embeddable":true,"href":"https:\/\/moja24.pl\/index.php\/wp-json\/wp\/v2\/comments?post=19491"}],"version-history":[{"count":2,"href":"https:\/\/moja24.pl\/index.php\/wp-json\/wp\/v2\/posts\/19491\/revisions"}],"predecessor-version":[{"id":19493,"href":"https:\/\/moja24.pl\/index.php\/wp-json\/wp\/v2\/posts\/19491\/revisions\/19493"}],"wp:featuredmedia":[{"embeddable":true,"href":"https:\/\/moja24.pl\/index.php\/wp-json\/wp\/v2\/media\/16339"}],"wp:attachment":[{"href":"https:\/\/moja24.pl\/index.php\/wp-json\/wp\/v2\/media?parent=19491"}],"wp:term":[{"taxonomy":"category","embeddable":true,"href":"https:\/\/moja24.pl\/index.php\/wp-json\/wp\/v2\/categories?post=19491"},{"taxonomy":"post_tag","embeddable":true,"href":"https:\/\/moja24.pl\/index.php\/wp-json\/wp\/v2\/tags?post=19491"}],"curies":[{"name":"wp","href":"https:\/\/api.w.org\/{rel}","templated":true}]}}