{"id":19523,"date":"2021-09-20T13:39:37","date_gmt":"2021-09-20T11:39:37","guid":{"rendered":"https:\/\/moja24.pl\/?p=19523"},"modified":"2021-09-20T13:44:05","modified_gmt":"2021-09-20T11:44:05","slug":"zarska-firma-swiss-krono-ambasadorem-meblarstwa","status":"publish","type":"post","link":"https:\/\/moja24.pl\/index.php\/2021\/09\/20\/zarska-firma-swiss-krono-ambasadorem-meblarstwa\/","title":{"rendered":"\u017barska firma SWISS KRONO &#8222;Ambasadorem Meblarstwa&#8221;"},"content":{"rendered":"<p><strong><span style=\"color: #ff0000;\">\u017bARY<\/span> | Tytu\u0142 &#8222;Ambasador Meblarstwa w kategorii Spo\u0142eczna Odpowiedzialno\u015b\u0107 Biznesu&#8221; decyzj\u0105 Rady Og\u00f3lnopolskiej Izby Gospodarczej Producent\u00f3w Mebli otrzyma\u0142a firma SWISS KRONO sp. z o.o. z siedzib\u0105 w \u017barach.<\/strong><\/p>\n<p>Uroczysto\u015b\u0107 wr\u0119czenia Ambasador\u00f3w Meblarstwa mia\u0142a miejsce 15 wrze\u015bnia 2021 podczas VI Og\u00f3lnopolskiego Kongresu Meblarskiego, kt\u00f3ry odbywa si\u0119 w ramach Mi\u0119dzynarodowych Targ\u00f3w Pozna\u0144skich DREMA 2021. Wyr\u00f3\u017cnienie &#8211; Ambasador Meblarstwa w kategorii Spo\u0142eczna Odpowiedzialno\u015b\u0107 Biznesu &#8211; otrzyma\u0142y firmy, kt\u00f3re w spos\u00f3b szczeg\u00f3lny zaanga\u017cowa\u0142y si\u0119 w pomoc w walce z koronawirusem. Nagrod\u0119 wr\u0119czy\u0142 Jan Szynaka, prezes Og\u00f3lnopolskiej Izby Gospodarczej Producent\u00f3w Mebli.<\/p>\n<p>&#8211; Od samego pocz\u0105tku czynnie w\u0142\u0105czyli\u015bmy si\u0119 w walk\u0119 z epidemi\u0105 koronawirusa, uwa\u017caj\u0105c to za co\u015b niezmiernie wa\u017cnego. Wsparcie finansowe przekazali\u015bmy szpitalom w \u017barach, Zielonej G\u00f3rze, Gorzowie Wielkopolskim i Poznaniu. Z przekazanych \u015brodk\u00f3w zakupiono niezb\u0119dne dla funkcjonowania tych plac\u00f3wek urz\u0105dzenia medyczne i wyposa\u017cenie, kt\u00f3rego w owym czasie bardzo brakowa\u0142o \u2013 informuje Maciej Karnicki, prezes SWISS KRONO sp. z o.o.<\/p>\n<p>Wsparcie od \u017carskiego SWISS KRONO otrzyma\u0142y nast\u0119puj\u0105ce plac\u00f3wki: 105. Kresowy Szpital Wojskowy w \u017barach, Szpital na Wyspie w \u017barach, Szpital Uniwersytecki w Zielonej G\u00f3rze, Wielospecjalistyczny Szpital w Gorzowie Wielkopolskim, Ortopedyczno\u2013Rehabilitacyjny Szpital Kliniczny w Poznaniu.<\/p>\n<p>Opr\u00f3cz wsparcia szpitali SWISS KRONO czynnie wspiera\u0142o lokalne inicjatywy \u017carskich spo\u0142ecznik\u00f3w, kt\u00f3rzy na w\u0142asn\u0105 r\u0119k\u0119 organizowali materia\u0142y i szyli maseczki dla r\u00f3\u017cnych s\u0142u\u017cb zaanga\u017cowanych w walk\u0119 z COVID-19. Dzia\u0142ania te by\u0142y szczeg\u00f3lnie wa\u017cne podczas pierwszej fali pandemii.<\/p>\n<p>29 stycznia 2021 r. w podzi\u0119ce za trud i ogromne po\u015bwi\u0119cenie wszystkim osobom zaanga\u017cowanym w walk\u0119 z pandemi\u0105 firma SWISS KRONO zorganizowa\u0142a Koncert Noworoczny pt. \u201eNiech kwitnie nadzieja w Nas\u201d, kt\u00f3ry by\u0142 nadawy online na ca\u0142\u0105 Polsk\u0119.<br \/>\n&#8211; Od ponad 20 lat aktywnie dzia\u0142amy na p\u0142aszczy\u017anie Spo\u0142ecznej Odpowiedzialno\u015bci Biznesu, dobroczynno\u015b\u0107, wsparcie kultury, edukacji i lokalnego sportu to nasze kluczowe obszary dzia\u0142ania we wsp\u00f3\u0142pracy z lokaln\u0105 spo\u0142eczno\u015bci\u0105. Bardzo dzi\u0119kujemy za przyznane wyr\u00f3\u017cnienie \u2013 informuje Maciej Karnicki, prezes SWISS KRONO sp. z o.o.<\/p>\n<p style=\"text-align: center;\"><iframe loading=\"lazy\" style=\"border: none; overflow: hidden;\" src=\"https:\/\/www.facebook.com\/plugins\/video.php?height=314&amp;href=https%3A%2F%2Fwww.facebook.com%2FTargiDREMA%2Fvideos%2F574372300361844%2F&amp;show_text=false&amp;width=560&amp;t=0\" width=\"560\" height=\"314\" frameborder=\"0\" scrolling=\"no\" allowfullscreen=\"allowfullscreen\"><\/iframe><\/p>\n<p style=\"text-align: right;\"><span style=\"color: #999999;\">ARMG<\/span><\/p>\n","protected":false},"excerpt":{"rendered":"<p>\u017bARY | Tytu\u0142 &#8222;Ambasador Meblarstwa w kategorii Spo\u0142eczna Odpowiedzialno\u015b\u0107 Biznesu&#8221; decyzj\u0105 Rady Og\u00f3lnopolskiej Izby Gospodarczej Producent\u00f3w Mebli otrzyma\u0142a firma SWISS KRONO sp. z o.o. z siedzib\u0105 w \u017barach. Uroczysto\u015b\u0107 wr\u0119czenia Ambasador\u00f3w Meblarstwa mia\u0142a miejsce 15 wrze\u015bnia 2021 podczas VI Og\u00f3lnopolskiego Kongresu Meblarskiego, kt\u00f3ry odbywa si\u0119 w ramach Mi\u0119dzynarodowych Targ\u00f3w Pozna\u0144skich DREMA 2021. Wyr\u00f3\u017cnienie &#8211; Ambasador [&hellip;]<\/p>\n","protected":false},"author":4,"featured_media":19524,"comment_status":"closed","ping_status":"closed","sticky":false,"template":"","format":"standard","meta":{"_monsterinsights_skip_tracking":false,"_monsterinsights_sitenote_active":false,"_monsterinsights_sitenote_note":"","_monsterinsights_sitenote_category":0,"footnotes":""},"categories":[20],"tags":[2666,109,573,66],"class_list":["post-19523","post","type-post","status-publish","format-standard","has-post-thumbnail","hentry","category-informacje","tag-ambasador-meblarstwa","tag-moja-gazeta","tag-swiss-krono","tag-zary"],"_links":{"self":[{"href":"https:\/\/moja24.pl\/index.php\/wp-json\/wp\/v2\/posts\/19523","targetHints":{"allow":["GET"]}}],"collection":[{"href":"https:\/\/moja24.pl\/index.php\/wp-json\/wp\/v2\/posts"}],"about":[{"href":"https:\/\/moja24.pl\/index.php\/wp-json\/wp\/v2\/types\/post"}],"author":[{"embeddable":true,"href":"https:\/\/moja24.pl\/index.php\/wp-json\/wp\/v2\/users\/4"}],"replies":[{"embeddable":true,"href":"https:\/\/moja24.pl\/index.php\/wp-json\/wp\/v2\/comments?post=19523"}],"version-history":[{"count":3,"href":"https:\/\/moja24.pl\/index.php\/wp-json\/wp\/v2\/posts\/19523\/revisions"}],"predecessor-version":[{"id":19529,"href":"https:\/\/moja24.pl\/index.php\/wp-json\/wp\/v2\/posts\/19523\/revisions\/19529"}],"wp:featuredmedia":[{"embeddable":true,"href":"https:\/\/moja24.pl\/index.php\/wp-json\/wp\/v2\/media\/19524"}],"wp:attachment":[{"href":"https:\/\/moja24.pl\/index.php\/wp-json\/wp\/v2\/media?parent=19523"}],"wp:term":[{"taxonomy":"category","embeddable":true,"href":"https:\/\/moja24.pl\/index.php\/wp-json\/wp\/v2\/categories?post=19523"},{"taxonomy":"post_tag","embeddable":true,"href":"https:\/\/moja24.pl\/index.php\/wp-json\/wp\/v2\/tags?post=19523"}],"curies":[{"name":"wp","href":"https:\/\/api.w.org\/{rel}","templated":true}]}}