{"id":19545,"date":"2021-09-21T12:42:57","date_gmt":"2021-09-21T10:42:57","guid":{"rendered":"https:\/\/moja24.pl\/?p=19545"},"modified":"2021-09-21T12:42:57","modified_gmt":"2021-09-21T10:42:57","slug":"wlamanie-do-domu-jednorodzinnego-policja-zatrzymala-kobiete-i-mezczyzne","status":"publish","type":"post","link":"https:\/\/moja24.pl\/index.php\/2021\/09\/21\/wlamanie-do-domu-jednorodzinnego-policja-zatrzymala-kobiete-i-mezczyzne\/","title":{"rendered":"W\u0142amanie do domu jednorodzinnego. Policja zatrzyma\u0142a kobiet\u0119 i m\u0119\u017cczyzn\u0119"},"content":{"rendered":"<p><strong><span style=\"color: #ff0000;\">POWIAT \u017bARSKI<\/span> | Dzi\u0119ki skutecznej pracy kryminalnych z Lubska, odzyskano mienie skradzione z domu jednorodzinnego, warte kilkana\u015bcie tysi\u0119cy z\u0142otych. Do sprawy zatrzymano 41-letni\u0105 kobiet\u0119 oraz 44-letniego m\u0119\u017cczyzn\u0119.<\/strong><\/p>\n<p>W pi\u0105tek, 17 wrze\u015bnia, rano policjanci z Komisariatu Policji w Lubsku otrzymali zg\u0142oszenie o kradzie\u017cy z w\u0142amaniem do domu jednorodzinnego. Nieznani sprawcy wybili okno, dostali si\u0119 do wn\u0119trza budynku sk\u0105d zabrali rzeczy warte ponad 15 tysi\u0119cy z\u0142otych. Funkcjonariusze natychmiast podj\u0119li dzia\u0142ania, zmierzaj\u0105ce do ustalenia sprawc\u00f3w i odzyskania skradzionego mienia.<\/p>\n<p>Dzi\u0119ki pracy operacyjnej kryminalni z Lubska jeszcze tego samego dnia zatrzymali do tej sprawy dwie osoby, kobiet\u0119 w wieku 41 lat oraz m\u0119\u017cczyzn\u0119 w wieku 44 lat. Posiadali oni cz\u0119\u015b\u0107 rzeczy pochodz\u0105cych z w\u0142amania. W toku dalszych dzia\u0142a\u0144 funkcjonariusze ustalili miejsca w, kt\u00f3rych znajdowa\u0142a si\u0119 pozosta\u0142a, znaczna cz\u0119\u015b\u0107 skradzionych rzeczy. Zabezpieczone mienie warte jest kilkana\u015bcie tysi\u0119cy z\u0142otych. Jak ustalili \u015bledczy, cz\u0119\u015b\u0107 odzyskanych rzeczy pochodzi\u0142a z innych w\u0142ama\u0144 do, kt\u00f3rych dosz\u0142o na terenie Lubska w kwietniu i czerwcu tego roku. Zgromadzony materia\u0142 dowodowy pozwoli\u0142 przedstawi\u0107 kobiecie zarzut kradzie\u017cy z w\u0142amaniem, a m\u0119\u017cczy\u017anie trzech zarzut\u00f3w kradzie\u017cy z w\u0142amaniem.<\/p>\n<p>Wobec 41-latki Prokuratura Rejonowa w \u017barach zastosowano doz\u00f3r mo\u017ce jej grozi\u0107 do 10 lat pozbawienia wolno\u015bci. S\u0105d przychyli\u0142 si\u0119 do wniosku Prokuratury Rejonowej w \u017barach i wobec 44-latka zastosowa\u0142 trzymiesi\u0119czny areszt. Kara dla m\u0119\u017cczyzny mo\u017ce by\u0107 surowsza z uwagi na recydyw\u0119.<\/p>\n<p style=\"text-align: right;\"><span style=\"color: #999999;\">kom. Aneta Berestecka<\/span><\/p>\n","protected":false},"excerpt":{"rendered":"<p>POWIAT \u017bARSKI | Dzi\u0119ki skutecznej pracy kryminalnych z Lubska, odzyskano mienie skradzione z domu jednorodzinnego, warte kilkana\u015bcie tysi\u0119cy z\u0142otych. Do sprawy zatrzymano 41-letni\u0105 kobiet\u0119 oraz 44-letniego m\u0119\u017cczyzn\u0119. W pi\u0105tek, 17 wrze\u015bnia, rano policjanci z Komisariatu Policji w Lubsku otrzymali zg\u0142oszenie o kradzie\u017cy z w\u0142amaniem do domu jednorodzinnego. Nieznani sprawcy wybili okno, dostali si\u0119 do wn\u0119trza [&hellip;]<\/p>\n","protected":false},"author":4,"featured_media":19546,"comment_status":"closed","ping_status":"closed","sticky":false,"template":"","format":"standard","meta":{"_monsterinsights_skip_tracking":false,"_monsterinsights_sitenote_active":false,"_monsterinsights_sitenote_note":"","_monsterinsights_sitenote_category":0,"footnotes":""},"categories":[20,21],"tags":[473,58,109,1119,32,547],"class_list":["post-19545","post","type-post","status-publish","format-standard","has-post-thumbnail","hentry","category-informacje","category-wypadki-przypadki","tag-komenda-powiatowa-policji-w-zarach","tag-lubsko","tag-moja-gazeta","tag-policja","tag-powiat-zarski","tag-wlamanie"],"_links":{"self":[{"href":"https:\/\/moja24.pl\/index.php\/wp-json\/wp\/v2\/posts\/19545","targetHints":{"allow":["GET"]}}],"collection":[{"href":"https:\/\/moja24.pl\/index.php\/wp-json\/wp\/v2\/posts"}],"about":[{"href":"https:\/\/moja24.pl\/index.php\/wp-json\/wp\/v2\/types\/post"}],"author":[{"embeddable":true,"href":"https:\/\/moja24.pl\/index.php\/wp-json\/wp\/v2\/users\/4"}],"replies":[{"embeddable":true,"href":"https:\/\/moja24.pl\/index.php\/wp-json\/wp\/v2\/comments?post=19545"}],"version-history":[{"count":1,"href":"https:\/\/moja24.pl\/index.php\/wp-json\/wp\/v2\/posts\/19545\/revisions"}],"predecessor-version":[{"id":19547,"href":"https:\/\/moja24.pl\/index.php\/wp-json\/wp\/v2\/posts\/19545\/revisions\/19547"}],"wp:featuredmedia":[{"embeddable":true,"href":"https:\/\/moja24.pl\/index.php\/wp-json\/wp\/v2\/media\/19546"}],"wp:attachment":[{"href":"https:\/\/moja24.pl\/index.php\/wp-json\/wp\/v2\/media?parent=19545"}],"wp:term":[{"taxonomy":"category","embeddable":true,"href":"https:\/\/moja24.pl\/index.php\/wp-json\/wp\/v2\/categories?post=19545"},{"taxonomy":"post_tag","embeddable":true,"href":"https:\/\/moja24.pl\/index.php\/wp-json\/wp\/v2\/tags?post=19545"}],"curies":[{"name":"wp","href":"https:\/\/api.w.org\/{rel}","templated":true}]}}