{"id":19555,"date":"2021-09-21T23:48:59","date_gmt":"2021-09-21T21:48:59","guid":{"rendered":"https:\/\/moja24.pl\/?p=19555"},"modified":"2021-09-21T23:48:59","modified_gmt":"2021-09-21T21:48:59","slug":"spotkanie-ze-stasiem","status":"publish","type":"post","link":"https:\/\/moja24.pl\/index.php\/2021\/09\/21\/spotkanie-ze-stasiem\/","title":{"rendered":"Spotkanie ze Stasiem"},"content":{"rendered":"<p><strong><span style=\"color: #ff0000;\">\u017bARY<\/span> | 17 wrze\u015bnia uczniowie klas pi\u0105tych Szko\u0142y Podstawowej nr 2 mieli okazj\u0119 obejrze\u0107 w \u017carskiej \u201eLunie\u201d projekcj\u0119 filmu &#8222;W pustyni i w puszczy&#8221; i spotka\u0107 si\u0119 z odtw\u00f3rc\u0105 g\u0142\u00f3wnej roli, Adamem Fidusiewiczem.<\/strong><\/p>\n<p>Mieli do filmowego Stasia mn\u00f3stwo pyta\u0144 dotycz\u0105cych powstawania niekt\u00f3rych scen, innych aktor\u00f3w graj\u0105cych w tym filmie oraz \u017cycia prywatnego. Mogli tak\u017ce obejrze\u0107 kilka rekwizyt\u00f3w z filmu, wzi\u0105\u0107 autograf i zrobi\u0107 sobie zdj\u0119cie z aktorem, kt\u00f3ry okaza\u0142 si\u0119 bardzo sympatyczny i kontaktowy. Spotkanie by\u0142o bardzo pouczaj\u0105ce i dostarczy\u0142o pi\u0105toklasistom wielu wra\u017ce\u0144.<\/p>\n<p style=\"text-align: right;\"><span style=\"color: #999999;\">nades\u0142ane<\/span><\/p>\n","protected":false},"excerpt":{"rendered":"<p>\u017bARY | 17 wrze\u015bnia uczniowie klas pi\u0105tych Szko\u0142y Podstawowej nr 2 mieli okazj\u0119 obejrze\u0107 w \u017carskiej \u201eLunie\u201d projekcj\u0119 filmu &#8222;W pustyni i w puszczy&#8221; i spotka\u0107 si\u0119 z odtw\u00f3rc\u0105 g\u0142\u00f3wnej roli, Adamem Fidusiewiczem. Mieli do filmowego Stasia mn\u00f3stwo pyta\u0144 dotycz\u0105cych powstawania niekt\u00f3rych scen, innych aktor\u00f3w graj\u0105cych w tym filmie oraz \u017cycia prywatnego. Mogli tak\u017ce obejrze\u0107 [&hellip;]<\/p>\n","protected":false},"author":4,"featured_media":19556,"comment_status":"closed","ping_status":"closed","sticky":false,"template":"","format":"standard","meta":{"_monsterinsights_skip_tracking":false,"_monsterinsights_sitenote_active":false,"_monsterinsights_sitenote_note":"","_monsterinsights_sitenote_category":0,"footnotes":""},"categories":[22,20,29],"tags":[2671,1170,109,1165,2402,2670,66],"class_list":["post-19555","post","type-post","status-publish","format-standard","has-post-thumbnail","hentry","category-edukacja","category-informacje","category-kontakt-24","tag-adam-fidusiewicz","tag-luna","tag-moja-gazeta","tag-sp2","tag-szkola-podstawowa-nr-2","tag-w-pustyni-i-w-puszczy","tag-zary"],"_links":{"self":[{"href":"https:\/\/moja24.pl\/index.php\/wp-json\/wp\/v2\/posts\/19555","targetHints":{"allow":["GET"]}}],"collection":[{"href":"https:\/\/moja24.pl\/index.php\/wp-json\/wp\/v2\/posts"}],"about":[{"href":"https:\/\/moja24.pl\/index.php\/wp-json\/wp\/v2\/types\/post"}],"author":[{"embeddable":true,"href":"https:\/\/moja24.pl\/index.php\/wp-json\/wp\/v2\/users\/4"}],"replies":[{"embeddable":true,"href":"https:\/\/moja24.pl\/index.php\/wp-json\/wp\/v2\/comments?post=19555"}],"version-history":[{"count":1,"href":"https:\/\/moja24.pl\/index.php\/wp-json\/wp\/v2\/posts\/19555\/revisions"}],"predecessor-version":[{"id":19557,"href":"https:\/\/moja24.pl\/index.php\/wp-json\/wp\/v2\/posts\/19555\/revisions\/19557"}],"wp:featuredmedia":[{"embeddable":true,"href":"https:\/\/moja24.pl\/index.php\/wp-json\/wp\/v2\/media\/19556"}],"wp:attachment":[{"href":"https:\/\/moja24.pl\/index.php\/wp-json\/wp\/v2\/media?parent=19555"}],"wp:term":[{"taxonomy":"category","embeddable":true,"href":"https:\/\/moja24.pl\/index.php\/wp-json\/wp\/v2\/categories?post=19555"},{"taxonomy":"post_tag","embeddable":true,"href":"https:\/\/moja24.pl\/index.php\/wp-json\/wp\/v2\/tags?post=19555"}],"curies":[{"name":"wp","href":"https:\/\/api.w.org\/{rel}","templated":true}]}}