{"id":1962,"date":"2017-03-12T10:04:50","date_gmt":"2017-03-12T09:04:50","guid":{"rendered":"http:\/\/moja24.pl\/?p=1962"},"modified":"2017-03-11T22:05:13","modified_gmt":"2017-03-11T21:05:13","slug":"zajecia-po-szkole-aktywna-swietlica","status":"publish","type":"post","link":"https:\/\/moja24.pl\/index.php\/2017\/03\/12\/zajecia-po-szkole-aktywna-swietlica\/","title":{"rendered":"Zaj\u0119cia po szkole. Aktywna \u015bwietlica."},"content":{"rendered":"<p><span id=\"tekst\"><strong> <img loading=\"lazy\" decoding=\"async\" class=\"alignleft size-medium wp-image-1964\" src=\"http:\/\/moja24.pl\/wp-content\/uploads\/2017\/03\/aktywna-\u015bwietlica-168x300.jpg\" alt=\"\" width=\"168\" height=\"300\" srcset=\"https:\/\/moja24.pl\/wp-content\/uploads\/2017\/03\/aktywna-\u015bwietlica-168x300.jpg 168w, https:\/\/moja24.pl\/wp-content\/uploads\/2017\/03\/aktywna-\u015bwietlica-236x420.jpg 236w, https:\/\/moja24.pl\/wp-content\/uploads\/2017\/03\/aktywna-\u015bwietlica.jpg 393w\" sizes=\"auto, (max-width: 168px) 100vw, 168px\" \/>Po szkole nie trzeba si\u0119 nudzi\u0107. W kunickiej \u015bwietlicy \u015brodowiskowej na dzieci czeka nie tylko pomoc w nauce, ale i ca\u0142kiem sporo rozrywek.<\/strong><br \/>\n<\/span><\/p>\n<p>Ci, kt\u00f3rzy odwiedzaj\u0105 popo\u0142udniami \u015bwietlic\u0119 \u015brodowiskow\u0105 stowarzyszenia Serwus mog\u0105 liczy\u0107 mi\u0119dzy innymi na fachowe wsparcie w odrabianiu lekcji. Ale nie sam\u0105 nauk\u0105 m\u0142odzie\u017c \u017cyje. Dla oddechu po szkolnych zmaganiach wychowawcy przygotowuj\u0105 gry i zabawy. S\u0105 te\u017c zaj\u0119cia plastyczne i gimnastyczne.<\/p>\n<p>\u017bycie \u015bwietlicy to nie tylko mury. Dzieci regularnie odwiedzaj\u0105 miasto. By\u0142y ju\u017c w bibliotece i na pizzy. Z wizyt\u0105 dotar\u0142y te\u017c na Warsztaty Terapii Zaj\u0119ciowej. Uczestnicy wycieczki mogli zwiedzi\u0107 wszystkie pracownie oraz skorzysta\u0107 z okazji, by poogl\u0105da\u0107, co si\u0119 w nich dzieje. Po zwiedzaniu przysz\u0142a pora na praktyk\u0119. Dzieci wykona\u0142y kartki wielkanocne pod czujnym okiem wychowank\u00f3w warsztat\u00f3w. Przy okazji prze\u0142ama\u0142y lody i \u015bwietnie si\u0119 pozna\u0142y.<\/p>\n<p>&#8211; Ju\u017c wiem, dlaczego nie mo\u017cna si\u0119 \u015bmia\u0107 z niepe\u0142nosprawnych. To tacy sami ludzie jak my &#8211; podsumowa\u0142a Wiktoria.<\/p>\n<p>Go\u015bcin\u0119 zwie\u0144czy\u0142a wsp\u00f3lna uczta z p\u0105czk\u00f3w. W planach jest jeszcze &#8211; mi\u0119dzy innymi &#8211;\u00a0 wyj\u015bcie na basen. Na \u015bwietlicy s\u0105 wolne miejsca. Rodzice dzieci z Kunic, kt\u00f3rzy chc\u0105 zapisa\u0107 swoje pociechy, mog\u0105 to zg\u0142asza\u0107 szkolnemu pedagogowi.<\/p>\n<p><em>PaS<\/em><\/p>\n","protected":false},"excerpt":{"rendered":"<p>Po szkole nie trzeba si\u0119 nudzi\u0107. W kunickiej \u015bwietlicy \u015brodowiskowej na dzieci czeka nie tylko pomoc w nauce, ale i ca\u0142kiem sporo rozrywek. Ci, kt\u00f3rzy odwiedzaj\u0105 popo\u0142udniami \u015bwietlic\u0119 \u015brodowiskow\u0105 stowarzyszenia Serwus mog\u0105 liczy\u0107 mi\u0119dzy innymi na fachowe wsparcie w odrabianiu lekcji. Ale nie sam\u0105 nauk\u0105 m\u0142odzie\u017c \u017cyje. Dla oddechu po szkolnych zmaganiach wychowawcy przygotowuj\u0105 gry [&hellip;]<\/p>\n","protected":false},"author":2,"featured_media":1963,"comment_status":"closed","ping_status":"closed","sticky":false,"template":"","format":"standard","meta":{"_monsterinsights_skip_tracking":false,"_monsterinsights_sitenote_active":false,"_monsterinsights_sitenote_note":"","_monsterinsights_sitenote_category":0,"footnotes":""},"categories":[22,25],"tags":[217,269,335,53,146,74,67,109,158,157,61,230,229,145,73,51,49,66,336],"class_list":["post-1962","post","type-post","status-publish","format-standard","has-post-thumbnail","hentry","category-edukacja","category-kultura-i-rozrywka","tag-gazeta-regionalna-zary","tag-gmina-zary","tag-informacje-gmina-zary","tag-informacje-lubuskie","tag-informacje-powiat-zary","tag-informacje-zary","tag-miasto-zary","tag-moja-gazeta","tag-moja24-pl","tag-portal-informacyjny-moja-gazeta","tag-powiat-zary","tag-tygodnik-lokalny-moja-gazeta","tag-tygodnik-regionalny-moja-gazeta","tag-wiadomosci-powiat-zarski","tag-wiadomosci-zary","tag-widaomosci-zagan","tag-zagan","tag-zary","tag-zary-kunice"],"_links":{"self":[{"href":"https:\/\/moja24.pl\/index.php\/wp-json\/wp\/v2\/posts\/1962","targetHints":{"allow":["GET"]}}],"collection":[{"href":"https:\/\/moja24.pl\/index.php\/wp-json\/wp\/v2\/posts"}],"about":[{"href":"https:\/\/moja24.pl\/index.php\/wp-json\/wp\/v2\/types\/post"}],"author":[{"embeddable":true,"href":"https:\/\/moja24.pl\/index.php\/wp-json\/wp\/v2\/users\/2"}],"replies":[{"embeddable":true,"href":"https:\/\/moja24.pl\/index.php\/wp-json\/wp\/v2\/comments?post=1962"}],"version-history":[{"count":1,"href":"https:\/\/moja24.pl\/index.php\/wp-json\/wp\/v2\/posts\/1962\/revisions"}],"predecessor-version":[{"id":1965,"href":"https:\/\/moja24.pl\/index.php\/wp-json\/wp\/v2\/posts\/1962\/revisions\/1965"}],"wp:featuredmedia":[{"embeddable":true,"href":"https:\/\/moja24.pl\/index.php\/wp-json\/wp\/v2\/media\/1963"}],"wp:attachment":[{"href":"https:\/\/moja24.pl\/index.php\/wp-json\/wp\/v2\/media?parent=1962"}],"wp:term":[{"taxonomy":"category","embeddable":true,"href":"https:\/\/moja24.pl\/index.php\/wp-json\/wp\/v2\/categories?post=1962"},{"taxonomy":"post_tag","embeddable":true,"href":"https:\/\/moja24.pl\/index.php\/wp-json\/wp\/v2\/tags?post=1962"}],"curies":[{"name":"wp","href":"https:\/\/api.w.org\/{rel}","templated":true}]}}