{"id":19667,"date":"2021-10-12T10:01:03","date_gmt":"2021-10-12T08:01:03","guid":{"rendered":"https:\/\/moja24.pl\/?p=19667"},"modified":"2021-10-12T10:01:03","modified_gmt":"2021-10-12T08:01:03","slug":"dziesieciolecie-przedszkola-w-grabiku","status":"publish","type":"post","link":"https:\/\/moja24.pl\/index.php\/2021\/10\/12\/dziesieciolecie-przedszkola-w-grabiku\/","title":{"rendered":"Dziesi\u0119ciolecie przedszkola w Grabiku"},"content":{"rendered":"<p><strong><span style=\"color: #ff0000;\">GMINA \u017bARY<\/span> | Uroczysto\u015b\u0107 jubileuszowa rozpocz\u0119\u0142a si\u0119 od wyst\u0119p\u00f3w dzieci, kt\u00f3re ochoczo i z ogromnym urokiem zaprezentowa\u0142y swoje talenty przed publiczno\u015bci\u0105.<\/strong><\/p>\n<p>Maluchy \u015bpiewa\u0142y, ta\u0144czy\u0142y, recytowa\u0142y, a ka\u017cdy z go\u015bci z u\u015bmiechem na ustach przypomina\u0142 sobie beztroskie czasy dzieci\u0144stwa. Nad przygotowaniem programu artystycznego czuwa\u0142y wychowawczynie i to im nale\u017cy si\u0119 wielki uk\u0142on za przesympatyczne prezentacje dzieciaczk\u00f3w.<\/p>\n<figure id=\"attachment_19665\" aria-describedby=\"caption-attachment-19665\" style=\"width: 2000px\" class=\"wp-caption aligncenter\"><img loading=\"lazy\" decoding=\"async\" class=\"size-full wp-image-19665\" src=\"https:\/\/moja24.pl\/wp-content\/uploads\/2021\/10\/20211010_grabik2.jpg\" alt=\"\" width=\"2000\" height=\"1333\" srcset=\"https:\/\/moja24.pl\/wp-content\/uploads\/2021\/10\/20211010_grabik2.jpg 2000w, https:\/\/moja24.pl\/wp-content\/uploads\/2021\/10\/20211010_grabik2-300x200.jpg 300w, https:\/\/moja24.pl\/wp-content\/uploads\/2021\/10\/20211010_grabik2-1024x682.jpg 1024w, https:\/\/moja24.pl\/wp-content\/uploads\/2021\/10\/20211010_grabik2-768x512.jpg 768w, https:\/\/moja24.pl\/wp-content\/uploads\/2021\/10\/20211010_grabik2-1536x1024.jpg 1536w, https:\/\/moja24.pl\/wp-content\/uploads\/2021\/10\/20211010_grabik2-696x464.jpg 696w, https:\/\/moja24.pl\/wp-content\/uploads\/2021\/10\/20211010_grabik2-1068x712.jpg 1068w, https:\/\/moja24.pl\/wp-content\/uploads\/2021\/10\/20211010_grabik2-630x420.jpg 630w, https:\/\/moja24.pl\/wp-content\/uploads\/2021\/10\/20211010_grabik2-450x300.jpg 450w\" sizes=\"auto, (max-width: 2000px) 100vw, 2000px\" \/><figcaption id=\"caption-attachment-19665\" class=\"wp-caption-text\">fot. UG \u017bary<\/figcaption><\/figure>\n<p>W\u00f3jt gminy \u017bary Leszek Mro\u017cek pogratulowa\u0142 dzieciom, rodzicom i nauczycielom, a na urodziny przyjecha\u0142 z prezentami dla ka\u017cdego maluszka.<\/p>\n<p>Nie mog\u0142o zabrakn\u0105\u0107 urodzinowego tortu i \u017cycze\u0144. Aby te si\u0119 spe\u0142ni\u0142y, w \u015bwieczki dmucha\u0142y wszystkie przedszkolaki!<\/p>\n<figure id=\"attachment_19666\" aria-describedby=\"caption-attachment-19666\" style=\"width: 2000px\" class=\"wp-caption aligncenter\"><img loading=\"lazy\" decoding=\"async\" class=\"size-full wp-image-19666\" src=\"https:\/\/moja24.pl\/wp-content\/uploads\/2021\/10\/20211010_grabik3.jpg\" alt=\"\" width=\"2000\" height=\"1333\" srcset=\"https:\/\/moja24.pl\/wp-content\/uploads\/2021\/10\/20211010_grabik3.jpg 2000w, https:\/\/moja24.pl\/wp-content\/uploads\/2021\/10\/20211010_grabik3-300x200.jpg 300w, https:\/\/moja24.pl\/wp-content\/uploads\/2021\/10\/20211010_grabik3-1024x682.jpg 1024w, https:\/\/moja24.pl\/wp-content\/uploads\/2021\/10\/20211010_grabik3-768x512.jpg 768w, https:\/\/moja24.pl\/wp-content\/uploads\/2021\/10\/20211010_grabik3-1536x1024.jpg 1536w, https:\/\/moja24.pl\/wp-content\/uploads\/2021\/10\/20211010_grabik3-696x464.jpg 696w, https:\/\/moja24.pl\/wp-content\/uploads\/2021\/10\/20211010_grabik3-1068x712.jpg 1068w, https:\/\/moja24.pl\/wp-content\/uploads\/2021\/10\/20211010_grabik3-630x420.jpg 630w, https:\/\/moja24.pl\/wp-content\/uploads\/2021\/10\/20211010_grabik3-450x300.jpg 450w\" sizes=\"auto, (max-width: 2000px) 100vw, 2000px\" \/><figcaption id=\"caption-attachment-19666\" class=\"wp-caption-text\">fot. UG \u017bary<\/figcaption><\/figure>\n<p>Dziesi\u0105ta rocznica by\u0142a te\u017c okazj\u0105 do wspomnie\u0144 i refleksji. W pierwszym roku pracy, do przedszkola w Grabiku ucz\u0119szcza\u0142o 41 dzieci, dzi\u015b we wszystkich grupach jest ich 121.<\/p>\n<p>&#8211; Wypi\u0119knia\u0142y sale, korytarze, powsta\u0142 bajkowy plac zabaw, a dzi\u0119ki wsparciu gminy dzieci korzystaj\u0105 z nowoczesnych narz\u0119dzi edukacyjnych &#8211; podkre\u015bla Danuta Semenk\u00f3w, dyrektor plac\u00f3wki.<\/p>\n<figure id=\"attachment_19663\" aria-describedby=\"caption-attachment-19663\" style=\"width: 2000px\" class=\"wp-caption aligncenter\"><img loading=\"lazy\" decoding=\"async\" class=\"size-full wp-image-19663\" src=\"https:\/\/moja24.pl\/wp-content\/uploads\/2021\/10\/20211010_grabik4.jpg\" alt=\"\" width=\"2000\" height=\"1333\" srcset=\"https:\/\/moja24.pl\/wp-content\/uploads\/2021\/10\/20211010_grabik4.jpg 2000w, https:\/\/moja24.pl\/wp-content\/uploads\/2021\/10\/20211010_grabik4-300x200.jpg 300w, https:\/\/moja24.pl\/wp-content\/uploads\/2021\/10\/20211010_grabik4-1024x682.jpg 1024w, https:\/\/moja24.pl\/wp-content\/uploads\/2021\/10\/20211010_grabik4-768x512.jpg 768w, https:\/\/moja24.pl\/wp-content\/uploads\/2021\/10\/20211010_grabik4-1536x1024.jpg 1536w, https:\/\/moja24.pl\/wp-content\/uploads\/2021\/10\/20211010_grabik4-696x464.jpg 696w, https:\/\/moja24.pl\/wp-content\/uploads\/2021\/10\/20211010_grabik4-1068x712.jpg 1068w, https:\/\/moja24.pl\/wp-content\/uploads\/2021\/10\/20211010_grabik4-630x420.jpg 630w, https:\/\/moja24.pl\/wp-content\/uploads\/2021\/10\/20211010_grabik4-450x300.jpg 450w\" sizes=\"auto, (max-width: 2000px) 100vw, 2000px\" \/><figcaption id=\"caption-attachment-19663\" class=\"wp-caption-text\">fot. UG \u017bary<\/figcaption><\/figure>\n<p style=\"text-align: right;\"><span style=\"color: #999999;\">ATB (\u017ar\u00f3d\u0142o: UG \u017bary)<\/span><\/p>\n","protected":false},"excerpt":{"rendered":"<p>GMINA \u017bARY | Uroczysto\u015b\u0107 jubileuszowa rozpocz\u0119\u0142a si\u0119 od wyst\u0119p\u00f3w dzieci, kt\u00f3re ochoczo i z ogromnym urokiem zaprezentowa\u0142y swoje talenty przed publiczno\u015bci\u0105. Maluchy \u015bpiewa\u0142y, ta\u0144czy\u0142y, recytowa\u0142y, a ka\u017cdy z go\u015bci z u\u015bmiechem na ustach przypomina\u0142 sobie beztroskie czasy dzieci\u0144stwa. Nad przygotowaniem programu artystycznego czuwa\u0142y wychowawczynie i to im nale\u017cy si\u0119 wielki uk\u0142on za przesympatyczne prezentacje dzieciaczk\u00f3w. [&hellip;]<\/p>\n","protected":false},"author":4,"featured_media":19664,"comment_status":"closed","ping_status":"closed","sticky":false,"template":"","format":"standard","meta":{"_monsterinsights_skip_tracking":false,"_monsterinsights_sitenote_active":false,"_monsterinsights_sitenote_note":"","_monsterinsights_sitenote_category":0,"footnotes":""},"categories":[22,20,28],"tags":[2681,269,1460,109,2366],"class_list":["post-19667","post","type-post","status-publish","format-standard","has-post-thumbnail","hentry","category-edukacja","category-informacje","category-wiadomosci","tag-10-lat","tag-gmina-zary","tag-grabik","tag-moja-gazeta","tag-przedszkole"],"_links":{"self":[{"href":"https:\/\/moja24.pl\/index.php\/wp-json\/wp\/v2\/posts\/19667","targetHints":{"allow":["GET"]}}],"collection":[{"href":"https:\/\/moja24.pl\/index.php\/wp-json\/wp\/v2\/posts"}],"about":[{"href":"https:\/\/moja24.pl\/index.php\/wp-json\/wp\/v2\/types\/post"}],"author":[{"embeddable":true,"href":"https:\/\/moja24.pl\/index.php\/wp-json\/wp\/v2\/users\/4"}],"replies":[{"embeddable":true,"href":"https:\/\/moja24.pl\/index.php\/wp-json\/wp\/v2\/comments?post=19667"}],"version-history":[{"count":2,"href":"https:\/\/moja24.pl\/index.php\/wp-json\/wp\/v2\/posts\/19667\/revisions"}],"predecessor-version":[{"id":19669,"href":"https:\/\/moja24.pl\/index.php\/wp-json\/wp\/v2\/posts\/19667\/revisions\/19669"}],"wp:featuredmedia":[{"embeddable":true,"href":"https:\/\/moja24.pl\/index.php\/wp-json\/wp\/v2\/media\/19664"}],"wp:attachment":[{"href":"https:\/\/moja24.pl\/index.php\/wp-json\/wp\/v2\/media?parent=19667"}],"wp:term":[{"taxonomy":"category","embeddable":true,"href":"https:\/\/moja24.pl\/index.php\/wp-json\/wp\/v2\/categories?post=19667"},{"taxonomy":"post_tag","embeddable":true,"href":"https:\/\/moja24.pl\/index.php\/wp-json\/wp\/v2\/tags?post=19667"}],"curies":[{"name":"wp","href":"https:\/\/api.w.org\/{rel}","templated":true}]}}