{"id":19729,"date":"2021-10-19T14:23:15","date_gmt":"2021-10-19T12:23:15","guid":{"rendered":"https:\/\/moja24.pl\/?p=19729"},"modified":"2021-10-19T14:23:15","modified_gmt":"2021-10-19T12:23:15","slug":"dla-dzieci-to-duze-przezycie","status":"publish","type":"post","link":"https:\/\/moja24.pl\/index.php\/2021\/10\/19\/dla-dzieci-to-duze-przezycie\/","title":{"rendered":"Dla dzieci to du\u017ce prze\u017cycie"},"content":{"rendered":"<p><strong><span style=\"color: #ff0000;\">\u017bARY<\/span> | W Szkole Podstawowej nr 2 w \u017barach odby\u0142a si\u0119 uroczysto\u015b\u0107 pasowania pierwszoklasist\u00f3w na pe\u0142noprawnych uczni\u00f3w.<\/strong><\/p>\n<p>Uroczyste \u015blubowanie z\u0142o\u017cyli uczniowie klas 1a, 1b i 1c, kt\u00f3rzy w obecno\u015bci starszych koleg\u00f3w, nauczycieli i rodzic\u00f3w \u015blubowali by\u0107 godnymi Polakami i wzorowymi uczniami. W ten spos\u00f3b oficjalnie przyj\u0119ci zostali do grona spo\u0142eczno\u015bci uczniowskiej \u017carskiej Dw\u00f3jki. Najwi\u0119kszym prze\u017cyciem dla dzieci by\u0142 moment pasowania. Wicedyrektor Anita<br \/>\n\u015aliwa pasowa\u0142a dzieci na uczni\u00f3w poprzez symboliczne dotkni\u0119cie lewego ramienia du\u017cym o\u0142\u00f3wkiem, kt\u00f3ry jest znacz\u0105cym atrybutem tego ceremonia\u0142u. Na zako\u0144czenie klasy pierwsze otrzyma\u0142y upominki i uda\u0142y si\u0119 wraz z wychowawcami do swoich gabinet\u00f3w na wsp\u00f3lny pocz\u0119stunek.<\/p>\n<figure id=\"attachment_19730\" aria-describedby=\"caption-attachment-19730\" style=\"width: 560px\" class=\"wp-caption aligncenter\"><img loading=\"lazy\" decoding=\"async\" class=\"size-full wp-image-19730\" src=\"https:\/\/moja24.pl\/wp-content\/uploads\/2021\/10\/20211019_sp2_3.jpg\" alt=\"\" width=\"560\" height=\"756\" srcset=\"https:\/\/moja24.pl\/wp-content\/uploads\/2021\/10\/20211019_sp2_3.jpg 560w, https:\/\/moja24.pl\/wp-content\/uploads\/2021\/10\/20211019_sp2_3-222x300.jpg 222w, https:\/\/moja24.pl\/wp-content\/uploads\/2021\/10\/20211019_sp2_3-311x420.jpg 311w\" sizes=\"auto, (max-width: 560px) 100vw, 560px\" \/><figcaption id=\"caption-attachment-19730\" class=\"wp-caption-text\">fot. nades\u0142ane<\/figcaption><\/figure>\n<figure id=\"attachment_19732\" aria-describedby=\"caption-attachment-19732\" style=\"width: 810px\" class=\"wp-caption aligncenter\"><img loading=\"lazy\" decoding=\"async\" class=\"size-full wp-image-19732\" src=\"https:\/\/moja24.pl\/wp-content\/uploads\/2021\/10\/20211019_sp2_2.jpg\" alt=\"\" width=\"810\" height=\"540\" srcset=\"https:\/\/moja24.pl\/wp-content\/uploads\/2021\/10\/20211019_sp2_2.jpg 810w, https:\/\/moja24.pl\/wp-content\/uploads\/2021\/10\/20211019_sp2_2-300x200.jpg 300w, https:\/\/moja24.pl\/wp-content\/uploads\/2021\/10\/20211019_sp2_2-768x512.jpg 768w, https:\/\/moja24.pl\/wp-content\/uploads\/2021\/10\/20211019_sp2_2-696x464.jpg 696w, https:\/\/moja24.pl\/wp-content\/uploads\/2021\/10\/20211019_sp2_2-630x420.jpg 630w, https:\/\/moja24.pl\/wp-content\/uploads\/2021\/10\/20211019_sp2_2-450x300.jpg 450w\" sizes=\"auto, (max-width: 810px) 100vw, 810px\" \/><figcaption id=\"caption-attachment-19732\" class=\"wp-caption-text\">fot. nades\u0142ane<\/figcaption><\/figure>\n<p style=\"text-align: right;\"><span style=\"color: #999999;\">nades\u0142ane<\/span><\/p>\n","protected":false},"excerpt":{"rendered":"<p>\u017bARY | W Szkole Podstawowej nr 2 w \u017barach odby\u0142a si\u0119 uroczysto\u015b\u0107 pasowania pierwszoklasist\u00f3w na pe\u0142noprawnych uczni\u00f3w. Uroczyste \u015blubowanie z\u0142o\u017cyli uczniowie klas 1a, 1b i 1c, kt\u00f3rzy w obecno\u015bci starszych koleg\u00f3w, nauczycieli i rodzic\u00f3w \u015blubowali by\u0107 godnymi Polakami i wzorowymi uczniami. W ten spos\u00f3b oficjalnie przyj\u0119ci zostali do grona spo\u0142eczno\u015bci uczniowskiej \u017carskiej Dw\u00f3jki. Najwi\u0119kszym prze\u017cyciem [&hellip;]<\/p>\n","protected":false},"author":4,"featured_media":19731,"comment_status":"closed","ping_status":"closed","sticky":false,"template":"","format":"standard","meta":{"_monsterinsights_skip_tracking":false,"_monsterinsights_sitenote_active":false,"_monsterinsights_sitenote_note":"","_monsterinsights_sitenote_category":0,"footnotes":""},"categories":[22,20,29,28],"tags":[109,2689,1165,2402,66],"class_list":["post-19729","post","type-post","status-publish","format-standard","has-post-thumbnail","hentry","category-edukacja","category-informacje","category-kontakt-24","category-wiadomosci","tag-moja-gazeta","tag-pasowanie-na-ucznia","tag-sp2","tag-szkola-podstawowa-nr-2","tag-zary"],"_links":{"self":[{"href":"https:\/\/moja24.pl\/index.php\/wp-json\/wp\/v2\/posts\/19729","targetHints":{"allow":["GET"]}}],"collection":[{"href":"https:\/\/moja24.pl\/index.php\/wp-json\/wp\/v2\/posts"}],"about":[{"href":"https:\/\/moja24.pl\/index.php\/wp-json\/wp\/v2\/types\/post"}],"author":[{"embeddable":true,"href":"https:\/\/moja24.pl\/index.php\/wp-json\/wp\/v2\/users\/4"}],"replies":[{"embeddable":true,"href":"https:\/\/moja24.pl\/index.php\/wp-json\/wp\/v2\/comments?post=19729"}],"version-history":[{"count":1,"href":"https:\/\/moja24.pl\/index.php\/wp-json\/wp\/v2\/posts\/19729\/revisions"}],"predecessor-version":[{"id":19733,"href":"https:\/\/moja24.pl\/index.php\/wp-json\/wp\/v2\/posts\/19729\/revisions\/19733"}],"wp:featuredmedia":[{"embeddable":true,"href":"https:\/\/moja24.pl\/index.php\/wp-json\/wp\/v2\/media\/19731"}],"wp:attachment":[{"href":"https:\/\/moja24.pl\/index.php\/wp-json\/wp\/v2\/media?parent=19729"}],"wp:term":[{"taxonomy":"category","embeddable":true,"href":"https:\/\/moja24.pl\/index.php\/wp-json\/wp\/v2\/categories?post=19729"},{"taxonomy":"post_tag","embeddable":true,"href":"https:\/\/moja24.pl\/index.php\/wp-json\/wp\/v2\/tags?post=19729"}],"curies":[{"name":"wp","href":"https:\/\/api.w.org\/{rel}","templated":true}]}}